{"id":17677,"date":"2025-11-02T22:30:56","date_gmt":"2025-11-02T21:30:56","guid":{"rendered":"https:\/\/www.insidebrussels.be\/V2\/?p=17677"},"modified":"2025-11-02T22:30:57","modified_gmt":"2025-11-02T21:30:57","slug":"potted-potter-bruxelles-spectacle-viage","status":"publish","type":"post","link":"https:\/\/www.insidebrussels.be\/V2\/bruxelles\/potted-potter-bruxelles-spectacle-viage\/","title":{"rendered":"\ud83c\udfad POTTED POTTER \u00e0 Bruxelles : les moldus n\u2019ont jamais autant ri ! \u26a1","gt_translate_keys":[{"key":"rendered","format":"text"}]},"content":{"rendered":"\n<p><strong>Les 7 tomes d\u2019Harry Potter condens\u00e9s en 70 minutes de pure magie au Viage<\/strong><\/p>\n\n\n\n<p>\ud83e\ude84 <em>Bruxelles, pr\u00e9parez vos baguettes magiques !<\/em><br>Du <strong>12 d\u00e9cembre 2025 au 3 janvier 2026<\/strong>, le ph\u00e9nom\u00e8ne mondial <strong>POTTED POTTER<\/strong> d\u00e9barque enfin <strong>en version francophone<\/strong> au c\u0153ur de la capitale belge, au <strong>Viage<\/strong> (Boulevard Anspach). Une occasion unique de revivre toute la saga de <strong>Harry Potter\u2026 en seulement 70 minutes d\u2019humour d\u00e9jant\u00e9 !<\/strong><\/p>\n\n\n\n<div class=\"wp-block-buttons is-layout-flex wp-block-buttons-is-layout-flex\">\n<div class=\"extendedwopts-md-center wp-block-button\"><a class=\"wp-block-button__link has-black-color has-light-green-cyan-background-color has-text-color has-background has-link-color wp-element-button\" href=\"https:\/\/feverup.com\/m\/475697?utm_campaign=305295_anr&amp;utm_term=icon&amp;utm_source=email&amp;utm_content=ALL_EML_MKT_AFL_JRN_SGM_Newsletter_ML_28-10-2025_AFFIL2920905_1493409_75&amp;utm_medium=affiliates_email&amp;_gl=1*1urrf68*_up*MQ..*_ga*NjAyNTQ5MzE0LjE3NjIxMTg4MDM.*_ga_L4M4ND4NG4*czE3NjIxMTg4MDIkbzEkZzAkdDE3NjIxMTg4MDIkajYwJGwwJGgzMTc3Njg0MjI.\" target=\"_blank\" rel=\"noreferrer noopener\">Je d\u00e9couvre sur le site officiel<\/a><\/div>\n<\/div>\n\n\n\n<hr class=\"wp-block-separator has-alpha-channel-opacity\"\/>\n\n\n\n<h3 class=\"wp-block-heading\">\u26a1 7 livres, 70 minutes, 100% fous rires<\/h3>\n\n\n\n<figure class=\"wp-block-video\"><video controls src=\"https:\/\/www.insidebrussels.be\/V2\/wp-content\/uploads\/2025\/11\/STAGEMAGIC_POTTEDPOTTER_TEASER-15s-4x5-BX-1.mp4\"><\/video><figcaption class=\"wp-element-caption\">Magic Potted potter (c) communiqu\u00e9 de presse<\/figcaption><\/figure>\n\n\n\n<p>En 2022, vous aviez peut-\u00eatre d\u00e9j\u00e0 d\u00e9couvert <a href=\"https:\/\/www.insidebrussels.be\/V2\/bruxelles\/harry-potter-debarque-a-bruxelles-notre-avis-sur-la-foret-interdite\/\">Harry Potter via notre blog dans la for\u00eat interdite \u00e0 proximit\u00e9 de Bruxelles <\/a>? Bonne nouvelle, en 2025, si vous souhaitez en d\u00e9couvrir plus sur l\u2019univers magique de Poudlard, ses <strong>Horcruxes<\/strong>, ses <strong>matches de Quidditch<\/strong>, ses <strong>dragons cracheurs de feu<\/strong> \ud83d\udc09 et ses <strong>sortil\u00e8ges rat\u00e9s<\/strong> \u2014 le tout dans un spectacle aussi d\u00e9lirant qu\u2019attachant.<br>Cr\u00e9\u00e9 par <strong>Daniel Clarkson<\/strong> et <strong>Jefferson Turner<\/strong>, tous deux nomm\u00e9s aux <strong>Olivier Awards<\/strong>, POTTED POTTER r\u00e9ussit le pari impossible : <strong>faire rire autant les fans de la premi\u00e8re heure que ceux qui confondent encore Serdaigle et Poufsouffle<\/strong> \ud83e\uddd9\u200d\u2642\ufe0f.<\/p>\n\n\n\n<blockquote class=\"wp-block-quote is-layout-flow wp-block-quote-is-layout-flow\">\n<p>\ud83d\udcac \u201cD\u00e9licieusement loufoque. Le spectacle jette un sort parfait sur le public.\u201d \u2014 <em>The New York Times<\/em><br>\ud83d\udcac \u201cIrr\u00e9sistiblement dr\u00f4le, un succ\u00e8s sur toute la ligne.\u201d \u2014 <em>The Guardian<\/em><\/p>\n<\/blockquote>\n\n\n\n<hr class=\"wp-block-separator has-alpha-channel-opacity\"\/>\n\n\n\n<h3 class=\"wp-block-heading\">\ud83e\udeb6 Une parodie pleine d\u2019amour pour les fans de Harry Potter<\/h3>\n\n\n\n<figure class=\"wp-block-image size-large\"><a href=\"https:\/\/www.insidebrussels.be\/V2\/wp-content\/uploads\/2025\/11\/aditya-vyas-wmXVABZ7JBk-unsplash-1-1.jpg\"><img decoding=\"async\" width=\"1024\" height=\"683\" src=\"https:\/\/www.insidebrussels.be\/V2\/wp-content\/uploads\/2025\/11\/aditya-vyas-wmXVABZ7JBk-unsplash-1-1-1024x683.jpg\" alt=\"Aditya Vyas (c) Unsplash Harry Potter\" class=\"wp-image-17681\" srcset=\"https:\/\/www.insidebrussels.be\/V2\/wp-content\/uploads\/2025\/11\/aditya-vyas-wmXVABZ7JBk-unsplash-1-1-1024x683.jpg 1024w, https:\/\/www.insidebrussels.be\/V2\/wp-content\/uploads\/2025\/11\/aditya-vyas-wmXVABZ7JBk-unsplash-1-1-300x200.jpg 300w, https:\/\/www.insidebrussels.be\/V2\/wp-content\/uploads\/2025\/11\/aditya-vyas-wmXVABZ7JBk-unsplash-1-1-768x512.jpg 768w, https:\/\/www.insidebrussels.be\/V2\/wp-content\/uploads\/2025\/11\/aditya-vyas-wmXVABZ7JBk-unsplash-1-1-1536x1024.jpg 1536w, https:\/\/www.insidebrussels.be\/V2\/wp-content\/uploads\/2025\/11\/aditya-vyas-wmXVABZ7JBk-unsplash-1-1.jpg 1920w\" sizes=\"(max-width: 1024px) 100vw, 1024px\" \/><\/a><figcaption class=\"wp-element-caption\">Aditya Vyas (c) Unsplash Harry Potter<\/figcaption><\/figure>\n\n\n\n<p>Tout est l\u00e0 : <strong>les costumes d\u00e9lirants<\/strong>, les <strong>accessoires magiques<\/strong>, les <strong>chansons entra\u00eenantes<\/strong> \ud83c\udfb6, et bien s\u00fbr, <strong>l\u2019\u00e9nergie d\u00e9bordante<\/strong> des deux com\u00e9diens qui incarnent \u00e0 eux seuls tous les personnages de la saga.<br>M\u00eame sans conna\u00eetre la diff\u00e9rence entre un <strong>Vif d\u2019Or<\/strong> et un <strong>D\u00e9traqueur<\/strong>, vous allez rire \u2014 beaucoup \ud83d\ude06.<\/p>\n\n\n\n<p>C\u2019est un <strong>spectacle familial<\/strong> \u00e0 savourer <strong>d\u00e8s 6 ans<\/strong>\u2026 et jusqu\u2019\u00e0 l\u2019\u00e2ge v\u00e9n\u00e9rable de <strong>Dumbledore<\/strong> \ud83e\uddd3.<br>Un moment parfait pour la p\u00e9riode des f\u00eates \u00e0 Bruxelles, \u00e0 partager entre <strong>parents, enfants et fans inconditionnels<\/strong>.<\/p>\n\n\n\n<div class=\"wp-block-buttons is-layout-flex wp-block-buttons-is-layout-flex\">\n<div class=\"wp-block-button\"><a class=\"wp-block-button__link has-black-color has-light-green-cyan-background-color has-text-color has-background has-link-color wp-element-button\" href=\"https:\/\/feverup.com\/m\/475697?utm_campaign=305295_anr&amp;utm_term=icon&amp;utm_source=email&amp;utm_content=ALL_EML_MKT_AFL_JRN_SGM_Newsletter_ML_28-10-2025_AFFIL2920905_1493409_75&amp;utm_medium=affiliates_email&amp;_gl=1*1urrf68*_up*MQ..*_ga*NjAyNTQ5MzE0LjE3NjIxMTg4MDM.*_ga_L4M4ND4NG4*czE3NjIxMTg4MDIkbzEkZzAkdDE3NjIxMTg4MDIkajYwJGwwJGgzMTc3Njg0MjI.\" target=\"_blank\" rel=\"noreferrer noopener\">Je d\u00e9couvre sur la biletterie en ligne<\/a><\/div>\n<\/div>\n\n\n\n<hr class=\"wp-block-separator has-alpha-channel-opacity\"\/>\n\n\n\n<h3 class=\"wp-block-heading\">\ud83c\udfd9\ufe0f Un succ\u00e8s plan\u00e9taire qui atterrit \u00e0 Bruxelles<\/h3>\n\n\n\n<figure class=\"wp-block-image size-full\"><a href=\"https:\/\/www.insidebrussels.be\/V2\/wp-content\/uploads\/2025\/11\/dawid-tkocz-N1jQZFWb68c-unsplash.jpg\"><img decoding=\"async\" width=\"640\" height=\"480\" src=\"https:\/\/www.insidebrussels.be\/V2\/wp-content\/uploads\/2025\/11\/dawid-tkocz-N1jQZFWb68c-unsplash.jpg\" alt=\"\nDawid Tkocz (c) UNsplash\" class=\"wp-image-17682\" srcset=\"https:\/\/www.insidebrussels.be\/V2\/wp-content\/uploads\/2025\/11\/dawid-tkocz-N1jQZFWb68c-unsplash.jpg 640w, https:\/\/www.insidebrussels.be\/V2\/wp-content\/uploads\/2025\/11\/dawid-tkocz-N1jQZFWb68c-unsplash-300x225.jpg 300w\" sizes=\"(max-width: 640px) 100vw, 640px\" \/><\/a><figcaption class=\"wp-element-caption\">\nDawid Tkocz (c) UNsplash<\/figcaption><\/figure>\n\n\n\n<p>N\u00e9 \u00e0 Londres en 2005 lors d\u2019une simple animation de librairie (eh oui, 5 minutes \u00e0 la base !), <strong>POTTED POTTER<\/strong> s\u2019est transform\u00e9 en une production internationale acclam\u00e9e de <strong>Las Vegas \u00e0 Sydney<\/strong>, en passant par <strong>New York<\/strong> et <strong>le West End<\/strong> de Londres.<br>Aujourd\u2019hui, il pose enfin ses valises ensorcel\u00e9es \u00e0 Bruxelles, avant de s\u2019envoler vers Paris \u00e0 partir du 30 janvier 2026. \ud83c\udde7\ud83c\uddea\u2728<\/p>\n\n\n\n<hr class=\"wp-block-separator has-alpha-channel-opacity\"\/>\n\n\n\n<h3 class=\"wp-block-heading\">\ud83d\udccd Infos pratiques<\/h3>\n\n\n\n<p>\ud83d\udcc5 <strong>Du 12 d\u00e9cembre 2025 au 3 janvier 2026<\/strong><br>\ud83d\udccd <strong>The Viage \u2013 Boulevard Anspach 30, 1000 Bruxelles<\/strong><br>\ud83d\udc68\u200d\ud83d\udc69\u200d\ud83d\udc67 <strong>D\u00e8s 6 ans<\/strong><br>\u267f <strong>Accessible PMR<\/strong><br>\ud83c\udfad <strong>Spectacle en fran\u00e7ais<\/strong><br>\ud83c\udf9f\ufe0f <strong>Billets d\u00e8s 29\u20ac sur <a href=\"https:\/\/feverup.com\/m\/475697?utm_campaign=305295_anr&amp;utm_term=icon&amp;utm_source=email&amp;utm_content=ALL_EML_MKT_AFL_JRN_SGM_Newsletter_ML_28-10-2025_AFFIL2920905_1493409_75&amp;utm_medium=affiliates_email&amp;_gl=1*1urrf68*_up*MQ..*_ga*NjAyNTQ5MzE0LjE3NjIxMTg4MDM.*_ga_L4M4ND4NG4*czE3NjIxMTg4MDIkbzEkZzAkdDE3NjIxMTg4MDIkajYwJGwwJGgzMTc3Njg0MjI.\" target=\"_blank\" rel=\"noreferrer noopener\">le site de l&rsquo;\u00e9v\u00e9nement <\/a><\/strong><\/p>\n\n\n\n<hr class=\"wp-block-separator has-alpha-channel-opacity\"\/>\n\n\n\n<p>\ud83d\udc49 Alors, <strong>\u00eates-vous pr\u00eats \u00e0 revivre les aventures de Harry, Ron et Hermione en version express ?<\/strong><br>Une chose est s\u00fbre : apr\u00e8s ce spectacle, <strong>les moldus de Bruxelles ne verront plus la magie du m\u00eame \u0153il !<\/strong> \u2728<\/p>\n","protected":false,"gt_translate_keys":[{"key":"rendered","format":"html"}]},"excerpt":{"rendered":"<p>Les 7 tomes d\u2019Harry Potter condens\u00e9s en 70 minutes de pure magie au Viage \ud83e\ude84<\/p>\n","protected":false,"gt_translate_keys":[{"key":"rendered","format":"html"}]},"author":1,"featured_media":17683,"comment_status":"closed","ping_status":"closed","sticky":false,"template":"","format":"standard","meta":{"_lmt_disableupdate":"","_lmt_disable":"","footnotes":""},"categories":[232,892],"tags":[],"class_list":["post-17677","post","type-post","status-publish","format-standard","has-post-thumbnail","hentry","category-agenda-et-expo","category-evenement"],"modified_by":"pierre","amp_enabled":true,"gt_translate_keys":[{"key":"link","format":"url"}],"_links":{"self":[{"href":"https:\/\/www.insidebrussels.be\/V2\/wp-json\/wp\/v2\/posts\/17677","targetHints":{"allow":["GET"]}}],"collection":[{"href":"https:\/\/www.insidebrussels.be\/V2\/wp-json\/wp\/v2\/posts"}],"about":[{"href":"https:\/\/www.insidebrussels.be\/V2\/wp-json\/wp\/v2\/types\/post"}],"author":[{"embeddable":true,"href":"https:\/\/www.insidebrussels.be\/V2\/wp-json\/wp\/v2\/users\/1"}],"replies":[{"embeddable":true,"href":"https:\/\/www.insidebrussels.be\/V2\/wp-json\/wp\/v2\/comments?post=17677"}],"version-history":[{"count":2,"href":"https:\/\/www.insidebrussels.be\/V2\/wp-json\/wp\/v2\/posts\/17677\/revisions"}],"predecessor-version":[{"id":17684,"href":"https:\/\/www.insidebrussels.be\/V2\/wp-json\/wp\/v2\/posts\/17677\/revisions\/17684"}],"wp:featuredmedia":[{"embeddable":true,"href":"https:\/\/www.insidebrussels.be\/V2\/wp-json\/wp\/v2\/media\/17683"}],"wp:attachment":[{"href":"https:\/\/www.insidebrussels.be\/V2\/wp-json\/wp\/v2\/media?parent=17677"}],"wp:term":[{"taxonomy":"category","embeddable":true,"href":"https:\/\/www.insidebrussels.be\/V2\/wp-json\/wp\/v2\/categories?post=17677"},{"taxonomy":"post_tag","embeddable":true,"href":"https:\/\/www.insidebrussels.be\/V2\/wp-json\/wp\/v2\/tags?post=17677"}],"curies":[{"name":"wp","href":"https:\/\/api.w.org\/{rel}","templated":true}]}}