{"id":18154,"date":"2026-03-15T22:15:09","date_gmt":"2026-03-15T21:15:09","guid":{"rendered":"https:\/\/www.insidebrussels.be\/V2\/?p=18154"},"modified":"2026-03-15T22:15:10","modified_gmt":"2026-03-15T21:15:10","slug":"comment-la-communication-numerique-faconne-la-realite-bruxelloise","status":"publish","type":"post","link":"https:\/\/www.insidebrussels.be\/V2\/bruxelles\/comment-la-communication-numerique-faconne-la-realite-bruxelloise\/","title":{"rendered":"Comment la communication num\u00e9rique fa\u00e7onne la r\u00e9alit\u00e9 bruxelloise","gt_translate_keys":[{"key":"rendered","format":"text"}]},"content":{"rendered":"\n<p>Bruxelles est souvent consid\u00e9r\u00e9e comme le c\u0153ur politique de l&rsquo;Europe. Les institutions europ\u00e9ennes, les organisations internationales et les multinationales contribuent \u00e0 d\u00e9terminer le rythme de la ville. Moins visible, mais tout aussi d\u00e9terminante, la communication num\u00e9rique rend possible cette prise de d\u00e9cision.<\/p>\n\n\n\n<p>Avant que les propositions politiques ne soient discut\u00e9es ou que les collaborations ne soient annonc\u00e9es, les documents et les id\u00e9es sont d&rsquo;abord partag\u00e9s num\u00e9riquement. Bruxelles n&rsquo;est donc pas seulement un lieu de rencontre physique, mais aussi un carrefour num\u00e9rique o\u00f9 circulent quotidiennement d&rsquo;\u00e9normes quantit\u00e9s d&rsquo;informations.<\/p>\n\n\n\n<h2 class=\"wp-block-heading\">Une ville qui fonctionne gr\u00e2ce \u00e0 l&rsquo;information<\/h2>\n\n\n\n<p>La coop\u00e9ration internationale est au c\u0153ur de Bruxelles. Les pouvoirs publics, les entreprises, les ONG et les ind\u00e9pendants communiquent en permanence au-del\u00e0 des fronti\u00e8res nationales. Cela n\u00e9cessite un \u00e9change d&rsquo;informations rapide, efficace et fiable.<\/p>\n\n\n\n<p>Dans la pratique, une grande partie de cette communication se fait par <a href=\"https:\/\/proton.me\/fr\/mail\">email<\/a>. Les notes de politique g\u00e9n\u00e9rale, les contrats, les propositions de coop\u00e9ration et les documents internes sont envoy\u00e9s par voie num\u00e9rique. L&rsquo;ampleur de ce ph\u00e9nom\u00e8ne fait de la communication num\u00e9rique un \u00e9l\u00e9ment fondamental de l&rsquo;infrastructure urbaine.<\/p>\n\n\n\n<p>Sans des syst\u00e8mes de communication efficaces, la prise de d\u00e9cision serait ralentie et la coop\u00e9ration rendue difficile.<\/p>\n\n\n\n<h2 class=\"wp-block-heading\">La confidentialit\u00e9 comme condition de travail<\/h2>\n\n\n\n<figure class=\"wp-block-image size-large\"><a href=\"https:\/\/www.insidebrussels.be\/V2\/wp-content\/uploads\/2023\/10\/EF02C792-48DB-4528-A864-582CC1F300EA-scaled.jpeg\"><img decoding=\"async\" width=\"768\" height=\"1024\" src=\"https:\/\/www.insidebrussels.be\/V2\/wp-content\/uploads\/2023\/10\/EF02C792-48DB-4528-A864-582CC1F300EA-768x1024.jpeg\" alt=\"Comission Europ\u00e9enne (c) Pierre Halleux\" class=\"wp-image-15032\" srcset=\"https:\/\/www.insidebrussels.be\/V2\/wp-content\/uploads\/2023\/10\/EF02C792-48DB-4528-A864-582CC1F300EA-768x1024.jpeg 768w, https:\/\/www.insidebrussels.be\/V2\/wp-content\/uploads\/2023\/10\/EF02C792-48DB-4528-A864-582CC1F300EA-225x300.jpeg 225w, https:\/\/www.insidebrussels.be\/V2\/wp-content\/uploads\/2023\/10\/EF02C792-48DB-4528-A864-582CC1F300EA-1152x1536.jpeg 1152w, https:\/\/www.insidebrussels.be\/V2\/wp-content\/uploads\/2023\/10\/EF02C792-48DB-4528-A864-582CC1F300EA-scaled.jpeg 1536w, https:\/\/www.insidebrussels.be\/V2\/wp-content\/uploads\/2023\/10\/EF02C792-48DB-4528-A864-582CC1F300EA-450x600.jpeg 450w\" sizes=\"(max-width: 768px) 100vw, 768px\" \/><\/a><figcaption class=\"wp-element-caption\">Comission Europ\u00e9enne (c) Pierre Halleux<\/figcaption><\/figure>\n\n\n\n<p>\u00c0 Bruxelles, les informations sensibles font partie du quotidien. Les plans strat\u00e9giques, les donn\u00e9es financi\u00e8res et les documents politiques exigent une approche prudente.<\/p>\n\n\n\n<p>C&rsquo;est pourquoi on prend de plus en plus conscience que la communication num\u00e9rique est plus qu&rsquo;un service de base. Les organisations examinent de mani\u00e8re de plus en plus critique la mani\u00e8re dont leurs donn\u00e9es sont stock\u00e9es et prot\u00e9g\u00e9es. La transparence en mati\u00e8re de cryptage et de <a href=\"https:\/\/commission.europa.eu\/law\/law-topic\/data-protection\/rules-business-and-organisations_fr\">traitement des donn\u00e9es<\/a> devient un crit\u00e8re de s\u00e9lection important dans le choix des outils de communication.<\/p>\n\n\n\n<p>Dans ce contexte, les solutions ax\u00e9es sur la confidentialit\u00e9 sont de plus en plus souvent envisag\u00e9es. Proton, par exemple, est cit\u00e9 comme un fournisseur europ\u00e9en qui mise sur une communication s\u00e9curis\u00e9e avec la protection des donn\u00e9es comme principe de base, sans pour autant nuire \u00e0 la facilit\u00e9 d&rsquo;utilisation.<\/p>\n\n\n\n<h2 class=\"wp-block-heading\">La s\u00e9curit\u00e9 num\u00e9rique comme avantage concurrentiel<\/h2>\n\n\n\n<p>Dans un contexte international, la confiance est un \u00e9l\u00e9ment essentiel des relations professionnelles. Les organisations qui traitent les informations avec soin renforcent leur cr\u00e9dibilit\u00e9 et leur r\u00e9putation.<\/p>\n\n\n\n<p>La s\u00e9curit\u00e9 num\u00e9rique devient ainsi non seulement une consid\u00e9ration technique, mais aussi un choix strat\u00e9gique. Les entreprises bruxelloises doivent d\u00e9montrer que leurs canaux de communication r\u00e9pondent \u00e0 des normes \u00e9lev\u00e9es en mati\u00e8re de protection des donn\u00e9es.<\/p>\n\n\n\n<p>Cela ne vaut pas uniquement pour les grandes institutions. Les ind\u00e9pendants et les petites entreprises travaillent \u00e9galement avec des informations confidentielles. Pour eux, un environnement num\u00e9rique s\u00e9curis\u00e9 peut contribuer \u00e0 la stabilit\u00e9 et \u00e0 la continuit\u00e9.<\/p>\n\n\n\n<h2 class=\"wp-block-heading\">L&rsquo;\u00e9volution de la communication dans la capitale<\/h2>\n\n\n\n<figure class=\"wp-block-image size-large\"><a href=\"https:\/\/www.insidebrussels.be\/V2\/wp-content\/uploads\/2023\/10\/EB39A803-8340-4B64-9E08-9B1167B141A5-scaled.jpeg\"><img decoding=\"async\" width=\"1024\" height=\"1024\" src=\"https:\/\/www.insidebrussels.be\/V2\/wp-content\/uploads\/2023\/10\/EB39A803-8340-4B64-9E08-9B1167B141A5-1024x1024.jpeg\" alt=\"Grand-PLace de Bruxelles (c) Pierre Halleux\" class=\"wp-image-14861\" srcset=\"https:\/\/www.insidebrussels.be\/V2\/wp-content\/uploads\/2023\/10\/EB39A803-8340-4B64-9E08-9B1167B141A5-scaled.jpeg 1024w, https:\/\/www.insidebrussels.be\/V2\/wp-content\/uploads\/2023\/10\/EB39A803-8340-4B64-9E08-9B1167B141A5-300x300.jpeg 300w, https:\/\/www.insidebrussels.be\/V2\/wp-content\/uploads\/2023\/10\/EB39A803-8340-4B64-9E08-9B1167B141A5-150x150.jpeg 150w, https:\/\/www.insidebrussels.be\/V2\/wp-content\/uploads\/2023\/10\/EB39A803-8340-4B64-9E08-9B1167B141A5-768x768.jpeg 768w, https:\/\/www.insidebrussels.be\/V2\/wp-content\/uploads\/2023\/10\/EB39A803-8340-4B64-9E08-9B1167B141A5-1536x1536.jpeg 1536w, https:\/\/www.insidebrussels.be\/V2\/wp-content\/uploads\/2023\/10\/EB39A803-8340-4B64-9E08-9B1167B141A5-2048x2048.jpeg 2048w\" sizes=\"(max-width: 1024px) 100vw, 1024px\" \/><\/a><figcaption class=\"wp-element-caption\">Grand-PLace de Bruxelles (c) Pierre Halleux<\/figcaption><\/figure>\n\n\n\n<p>Bruxelles ne cesse de se d\u00e9velopper en tant que centre d&rsquo;innovation et de coop\u00e9ration internationale. Les nouvelles technologies et les processus num\u00e9riques renforcent le r\u00f4le de la ville en tant que plaque tournante europ\u00e9enne.<\/p>\n\n\n\n<p>La communication joue un r\u00f4le central dans cette \u00e9volution. Des syst\u00e8mes fiables garantissent que les informations sont correctement envoy\u00e9es, re\u00e7ues et stock\u00e9es. L&rsquo;accent est d\u00e9sormais mis non plus uniquement sur la rapidit\u00e9, mais aussi sur la qualit\u00e9 et la transparence.<\/p>\n\n\n\n<p>L&rsquo;avenir de la communication num\u00e9rique \u00e0 Bruxelles r\u00e9side dans des solutions qui int\u00e8grent la s\u00e9curit\u00e9 dans leur fonctionnement. Pas de proc\u00e9dures complexes, mais des structures claires qui allient protection et facilit\u00e9 d&rsquo;utilisation.<\/p>\n\n\n\n<p>Bruxelles est plus qu&rsquo;une capitale politique. C&rsquo;est aussi une capitale num\u00e9rique o\u00f9 l&rsquo;information est \u00e0 la base de la coop\u00e9ration et de la prise de d\u00e9cision. Plus ces fondements num\u00e9riques sont solides, plus la ville peut fonctionner efficacement.<\/p>\n","protected":false,"gt_translate_keys":[{"key":"rendered","format":"html"}]},"excerpt":{"rendered":"<p>Bruxelles est souvent consid\u00e9r\u00e9e comme le c\u0153ur politique de l&rsquo;Europe. Les institutions europ\u00e9ennes, les organisations<\/p>\n","protected":false,"gt_translate_keys":[{"key":"rendered","format":"html"}]},"author":1,"featured_media":18156,"comment_status":"closed","ping_status":"closed","sticky":false,"template":"","format":"standard","meta":{"_lmt_disableupdate":"","_lmt_disable":"","footnotes":""},"categories":[2784,73],"tags":[],"class_list":["post-18154","post","type-post","status-publish","format-standard","has-post-thumbnail","hentry","category-article-invite","category-vie-a-bruxelles"],"modified_by":"pierre","amp_enabled":true,"gt_translate_keys":[{"key":"link","format":"url"}],"_links":{"self":[{"href":"https:\/\/www.insidebrussels.be\/V2\/wp-json\/wp\/v2\/posts\/18154","targetHints":{"allow":["GET"]}}],"collection":[{"href":"https:\/\/www.insidebrussels.be\/V2\/wp-json\/wp\/v2\/posts"}],"about":[{"href":"https:\/\/www.insidebrussels.be\/V2\/wp-json\/wp\/v2\/types\/post"}],"author":[{"embeddable":true,"href":"https:\/\/www.insidebrussels.be\/V2\/wp-json\/wp\/v2\/users\/1"}],"replies":[{"embeddable":true,"href":"https:\/\/www.insidebrussels.be\/V2\/wp-json\/wp\/v2\/comments?post=18154"}],"version-history":[{"count":1,"href":"https:\/\/www.insidebrussels.be\/V2\/wp-json\/wp\/v2\/posts\/18154\/revisions"}],"predecessor-version":[{"id":18157,"href":"https:\/\/www.insidebrussels.be\/V2\/wp-json\/wp\/v2\/posts\/18154\/revisions\/18157"}],"wp:featuredmedia":[{"embeddable":true,"href":"https:\/\/www.insidebrussels.be\/V2\/wp-json\/wp\/v2\/media\/18156"}],"wp:attachment":[{"href":"https:\/\/www.insidebrussels.be\/V2\/wp-json\/wp\/v2\/media?parent=18154"}],"wp:term":[{"taxonomy":"category","embeddable":true,"href":"https:\/\/www.insidebrussels.be\/V2\/wp-json\/wp\/v2\/categories?post=18154"},{"taxonomy":"post_tag","embeddable":true,"href":"https:\/\/www.insidebrussels.be\/V2\/wp-json\/wp\/v2\/tags?post=18154"}],"curies":[{"name":"wp","href":"https:\/\/api.w.org\/{rel}","templated":true}]}}