{"id":18650,"date":"2026-09-03T22:59:07","date_gmt":"2026-09-03T20:59:07","guid":{"rendered":"https:\/\/www.insidebrussels.be\/V2\/?p=18650"},"modified":"2026-09-03T22:59:08","modified_gmt":"2026-09-03T20:59:08","slug":"jardin-botanique-de-meise-le-geant-vert-de-92-hectares-et-son-chateau-hante-par-une-imperatrice-%f0%9f%8c%bf%f0%9f%8f%b0","status":"publish","type":"post","link":"https:\/\/www.insidebrussels.be\/V2\/bruxelles\/jardin-botanique-de-meise-le-geant-vert-de-92-hectares-et-son-chateau-hante-par-une-imperatrice-%f0%9f%8c%bf%f0%9f%8f%b0\/","title":{"rendered":"Jardin botanique de Meise : le g\u00e9ant vert de 92 hectares et son ch\u00e2teau hant\u00e9 par une imp\u00e9ratrice \ud83c\udf3f\ud83c\udff0","gt_translate_keys":[{"key":"rendered","format":"text"}]},"content":{"rendered":"\n<p>\u00c0 trois kilom\u00e8tres de <a href=\"https:\/\/www.insidebrussels.be\/V2\/bruxelles\/visiter-bruxelles-en-2-jours\/\" type=\"post\" id=\"17192\">l&rsquo;Atomium<\/a>, il existe un endroit o\u00f9 on croise des n\u00e9nuphars g\u00e9ants, un des plus grands herbiers du monde et le souvenir d&rsquo;une imp\u00e9ratrice devenue folle de chagrin. Le Jardin botanique de Meise n&rsquo;a rien d&rsquo;un simple parc pour balade dominicale, c&rsquo;est une des plus grandes institutions botaniques de la plan\u00e8te, et elle est \u00e0 vingt minutes de Bruxelles.<\/p>\n\n\n\n<h2 class=\"wp-block-heading\">Un ch\u00e2teau, une imp\u00e9ratrice, puis un jardin<\/h2>\n\n\n\n<figure class=\"wp-block-image size-large\"><a href=\"https:\/\/www.insidebrussels.be\/V2\/wp-content\/uploads\/2026\/09\/IMG_8326.jpeg\"><img decoding=\"async\" width=\"768\" height=\"1024\" src=\"https:\/\/www.insidebrussels.be\/V2\/wp-content\/uploads\/2026\/09\/IMG_8326-768x1024.jpeg\" alt=\"Meise (c) Pierre Halleux\" class=\"wp-image-18645\" srcset=\"https:\/\/www.insidebrussels.be\/V2\/wp-content\/uploads\/2026\/09\/IMG_8326-768x1024.jpeg 768w, https:\/\/www.insidebrussels.be\/V2\/wp-content\/uploads\/2026\/09\/IMG_8326-225x300.jpeg 225w, https:\/\/www.insidebrussels.be\/V2\/wp-content\/uploads\/2026\/09\/IMG_8326-1152x1536.jpeg 1152w, https:\/\/www.insidebrussels.be\/V2\/wp-content\/uploads\/2026\/09\/IMG_8326-450x600.jpeg 450w, https:\/\/www.insidebrussels.be\/V2\/wp-content\/uploads\/2026\/09\/IMG_8326.jpeg 1440w\" sizes=\"(max-width: 768px) 100vw, 768px\" \/><\/a><figcaption class=\"wp-element-caption\">Meise (c) Pierre Halleux<\/figcaption><\/figure>\n\n\n\n<p>Avant d&rsquo;\u00eatre un jardin, Meise, c&rsquo;\u00e9tait un ch\u00e2teau. Le domaine de Bouchout appartient au 19e si\u00e8cle \u00e0 la famille royale belge, qui l&rsquo;ach\u00e8te en 1879 pour y installer Charlotte de Belgique, imp\u00e9ratrice du Mexique. Veuve de l&#8217;empereur Maximilien Ier, ex\u00e9cut\u00e9 en 1867 par les R\u00e9publicains mexicains, Charlotte sombre dans une profonde d\u00e9tresse psychologique. Apr\u00e8s un passage par le pavillon de Tervueren, d\u00e9truit par un incendie cette ann\u00e9e-l\u00e0, elle s&rsquo;installe \u00e0 Bouchout, o\u00f9 elle vivra recluse pr\u00e8s de cinquante ans, jusqu&rsquo;\u00e0 sa mort en 1927.<\/p>\n\n\n\n<p>L&rsquo;\u00c9tat belge rach\u00e8te le domaine en 1938 et y transf\u00e8re le Jardin botanique national de Belgique. Le lieu change encore de statut en 2014, transf\u00e9r\u00e9 \u00e0 la Communaut\u00e9 flamande et rebaptis\u00e9 Jardin botanique de Meise. Le ch\u00e2teau, lui, n&rsquo;a pas boug\u00e9 : il se visite toujours, entour\u00e9 de ses douves, et abrite aujourd&rsquo;hui des expositions sur l&rsquo;histoire du jardin.<\/p>\n\n\n\n<h2 class=\"wp-block-heading\">Les 5 incontournables du Jardin botanique de Meise<\/h2>\n\n\n\n<h3 class=\"wp-block-heading\">1. Le Palais des Plantes<\/h3>\n\n\n\n<p>Un des plus grands complexes de serres d&rsquo;Europe, avec pr\u00e8s d&rsquo;un hectare sous verre. On y traverse plusieurs mondes d&rsquo;affil\u00e9e : la for\u00eat tropicale, la serre Victoria d\u00e9di\u00e9e aux n\u00e9nuphars g\u00e9ants, et depuis les derniers travaux, une serre m\u00e9diterran\u00e9enne et une \u00ab\u00a0for\u00eat de nuage\u00a0\u00bb reconstituant les for\u00eats d&rsquo;altitude, avec un rocher artificiel de sept m\u00e8tres et ses chutes d&rsquo;eau.<\/p>\n\n\n\n<h3 class=\"wp-block-heading\">2. Le ch\u00e2teau de Bouchout<\/h3>\n\n\n\n<p>\ud83d\udccd 1860 Meise<\/p>\n\n\n\n<p>Le fameux ch\u00e2teau de l&rsquo;imp\u00e9ratrice Charlotte, dans un style n\u00e9o-gothique remani\u00e9 en 1832, entour\u00e9 de douves du 17e si\u00e8cle. L&rsquo;int\u00e9rieur consacre une bonne partie de ses salles \u00e0 l&rsquo;histoire du Jardin botanique, et une salle bleue plus intimiste \u00e9voque le destin de Charlotte elle-m\u00eame. Ouvert tous les jours de 10h \u00e0 17h.<\/p>\n\n\n\n<h3 class=\"wp-block-heading\">3. L&rsquo;herbier, un tr\u00e9sor scientifique<\/h3>\n\n\n\n<p>Moins spectaculaire \u00e0 l&rsquo;\u0153il nu, mais c&rsquo;est le c\u0153ur battant de l&rsquo;institution : l&rsquo;herbier de Meise conserve plusieurs millions de sp\u00e9cimens de plantes s\u00e9ch\u00e9es, l&rsquo;un des plus grands du monde, utilis\u00e9 par des chercheurs du monde entier pour \u00e9tudier la biodiversit\u00e9. Le jardin revendique aussi environ 18 000 esp\u00e8ces vivantes r\u00e9parties sur le domaine et sous serre.<\/p>\n\n\n\n<h3 class=\"wp-block-heading\">4. Les jardins th\u00e9matiques en ext\u00e9rieur<\/h3>\n\n\n\n<figure class=\"wp-block-image size-large\"><a href=\"https:\/\/www.insidebrussels.be\/V2\/wp-content\/uploads\/2026\/09\/IMG_8330.jpeg\"><img decoding=\"async\" width=\"1024\" height=\"768\" src=\"https:\/\/www.insidebrussels.be\/V2\/wp-content\/uploads\/2026\/09\/IMG_8330-1024x768.jpeg\" alt=\"Meise (c) Pierre Halleux\" class=\"wp-image-18648\" srcset=\"https:\/\/www.insidebrussels.be\/V2\/wp-content\/uploads\/2026\/09\/IMG_8330-1024x768.jpeg 1024w, https:\/\/www.insidebrussels.be\/V2\/wp-content\/uploads\/2026\/09\/IMG_8330-300x225.jpeg 300w, https:\/\/www.insidebrussels.be\/V2\/wp-content\/uploads\/2026\/09\/IMG_8330-768x576.jpeg 768w, https:\/\/www.insidebrussels.be\/V2\/wp-content\/uploads\/2026\/09\/IMG_8330-1536x1152.jpeg 1536w, https:\/\/www.insidebrussels.be\/V2\/wp-content\/uploads\/2026\/09\/IMG_8330-720x540.jpeg 720w, https:\/\/www.insidebrussels.be\/V2\/wp-content\/uploads\/2026\/09\/IMG_8330.jpeg 1920w\" sizes=\"(max-width: 1024px) 100vw, 1024px\" \/><\/a><figcaption class=\"wp-element-caption\">Meise (c) Pierre Halleux<\/figcaption><\/figure>\n\n\n\n<p>Sur les 92 hectares du domaine, on trouve un jardin des roses, un jardin m\u00e9di\u00e9val, un jardin culinaire, un arboretum, un bois de rhododendrons et des collections enti\u00e8res d\u00e9di\u00e9es aux magnolias ou aux hortensias selon la saison. De quoi faire une vraie balade, pas juste un aller-retour aux serres.<\/p>\n\n\n\n<h3 class=\"wp-block-heading\">5. Le sentier \u00ab\u00a0Surprenez vos pieds\u00a0\u00bb et le jardin de l&rsquo;\u00eele<\/h3>\n\n\n\n<p>Un parcours pieds nus pens\u00e9 pour les familles, et un jardin de l&rsquo;\u00eele accessible par un chemin qui serpente sur l&rsquo;eau. Deux incontournables pour les enfants, en plus de l&rsquo;aire de jeux du domaine.<\/p>\n\n\n\n<h2 class=\"wp-block-heading\">Ce qu&rsquo;en disent vraiment les visiteurs<\/h2>\n\n\n\n<p>J&rsquo;ai \u00e9plucher les avis Google les plus r\u00e9cents avant d&rsquo;\u00e9crire ces lignes, et les grandes tendances sont claires.<\/p>\n\n\n\n<p><strong>Le point qui revient le plus souvent : c&rsquo;est immense, et bien entretenu.<\/strong> Plusieurs visiteurs soulignent qu&rsquo;une seule journ\u00e9e ne suffit pas \u00e0 tout voir, certains n&rsquo;ayant parcouru qu&rsquo;un tiers du domaine en quatre heures. Des habitu\u00e9s, membres depuis plusieurs ann\u00e9es, racontent y retourner r\u00e9guli\u00e8rement sans jamais refaire le m\u00eame itin\u00e9raire deux fois.<\/p>\n\n\n\n<p><strong>La billetterie est salu\u00e9e pour sa fluidit\u00e9.<\/strong> Plusieurs avis mentionnent l&rsquo;absence de file d&rsquo;attente et un syst\u00e8me de tickets sans friction, un vrai plus pour une sortie en famille ou entre amis.<\/p>\n\n\n\n<p><strong>Le rapport qualit\u00e9-prix est jug\u00e9 bon par la majorit\u00e9<\/strong>, malgr\u00e9 un tarif d&rsquo;entr\u00e9e que certains trouvent \u00e9lev\u00e9 pour \u00ab\u00a0une simple balade au parc\u00a0\u00bb. L&rsquo;argument qui revient : le prix finance l&rsquo;entretien de collections botaniques mondiales et la recherche scientifique, pas juste un jardin public.<\/p>\n\n\n\n<p><strong>Un b\u00e9mol r\u00e9current concerne la restauration sur place.<\/strong> Un habitu\u00e9 du jardin \u00e9voque un nouveau restaurant d\u00e9cevant c\u00f4t\u00e9 caf\u00e9, et l&rsquo;Orangerie, appr\u00e9ci\u00e9e pour ses pauses caf\u00e9, \u00e9tait en travaux au moment de plusieurs avis r\u00e9cents. Mieux vaut pr\u00e9voir un pique-nique ou ne pas compter uniquement sur la restauration interne.<\/p>\n\n\n\n<p><strong>Sur le ch\u00e2teau de Bouchout, les avis sont plus partag\u00e9s.<\/strong> Certains visiteurs le trouvent superbe et romantique, avec un beau panorama depuis l&rsquo;int\u00e9rieur. D&rsquo;autres jugent l&rsquo;exposition \u00e0 l&rsquo;int\u00e9rieur \u00ab\u00a0pas si int\u00e9ressante\u00a0\u00bb et consid\u00e8rent que ce sont surtout les jardins environnants qui valent le d\u00e9tour, le ch\u00e2teau \u00e9tant davantage un joli d\u00e9cor qu&rsquo;une visite en soi.<\/p>\n\n\n\n<p><strong>Enfin, l&rsquo;accessibilit\u00e9 depuis Bruxelles est parfois point\u00e9e comme un petit frein<\/strong>, certains visiteurs signalant qu&rsquo;il faut s&rsquo;y reprendre \u00e0 deux fois entre train et bus depuis le centre-ville, m\u00eame si le trajet reste faisable sans voiture.<\/p>\n\n\n\n<h2 class=\"wp-block-heading\">Infos pratiques<\/h2>\n\n\n\n<p>\ud83d\udccd Nieuwelaan 38, 1860 Meise<\/p>\n\n\n\n<p><strong>Horaires<\/strong> : de mars \u00e0 octobre, 10h \u00e0 18h (derni\u00e8re entr\u00e9e \u00e0 17h) ; de novembre \u00e0 f\u00e9vrier, 10h \u00e0 17h (derni\u00e8re entr\u00e9e \u00e0 16h). Le jardin est ouvert tous les jours de l&rsquo;ann\u00e9e.<\/p>\n\n\n\n<p><strong>Tarifs<\/strong> : environ 15\u20ac pour un adulte, environ 6\u20ac pour les 6-17 ans, gratuit pour les tout-petits. Les tarifs \u00e9voluent r\u00e9guli\u00e8rement, mieux vaut v\u00e9rifier le prix exact sur le site officiel avant de r\u00e9server.<\/p>\n\n\n\n<p><strong>Parking<\/strong> : disponible pr\u00e8s de l&rsquo;entr\u00e9e principale, 7\u20ac.<\/p>\n\n\n\n<p><strong>Acc\u00e8s<\/strong> :<\/p>\n\n\n\n<ul class=\"wp-block-list\">\n<li>En voiture : le long de l&rsquo;A12 (Bruxelles-Anvers), sortie 3 Meise.<\/li>\n\n\n\n<li>En transports en commun : train jusqu&rsquo;\u00e0 Bruxelles-Nord ou Londerzeel, puis bus De Lijn ligne R50 qui s&rsquo;arr\u00eate juste devant l&rsquo;entr\u00e9e principale.<\/li>\n\n\n\n<li>\u00c0 v\u00e9lo : le jardin est situ\u00e9 sur le r\u00e9seau de points-n\u0153uds cyclables, avec un grand parking \u00e0 v\u00e9los pr\u00e8s de l&rsquo;entr\u00e9e principale.<\/li>\n<\/ul>\n\n\n\n<p><strong>Accessibilit\u00e9<\/strong> : le domaine est accessible aux personnes en fauteuil roulant, avec des fauteuils disponibles \u00e0 l&rsquo;entr\u00e9e sur demande.<\/p>\n\n\n\n<p><strong>Conseil de local<\/strong> : pr\u00e9voyez large, une demi-journ\u00e9e minimum si vous voulez voir plus que le Palais des Plantes, et apportez de quoi grignoter au cas o\u00f9 la restauration sur place ne suivrait pas.<\/p>\n\n\n\n<h2 class=\"wp-block-heading\">Questions fr\u00e9quentes sur le Jardin botanique de Meise<\/h2>\n\n\n\n<ul class=\"wp-block-list\">\n<li><strong>Qui a v\u00e9cu au ch\u00e2teau de Bouchout ?<\/strong> L&rsquo;imp\u00e9ratrice Charlotte de Belgique, veuve de Maximilien Ier du Mexique, y a v\u00e9cu recluse de 1879 \u00e0 sa mort en 1927.<\/li>\n<\/ul>\n\n\n\n<ul class=\"wp-block-list\">\n<li><strong>Depuis quand le Jardin botanique existe-t-il \u00e0 Meise ?<\/strong> Le domaine de Bouchout est devenu jardin botanique en 1938, quand l&rsquo;\u00c9tat belge l&rsquo;a rachet\u00e9 pour y installer le Jardin botanique national de Belgique.<\/li>\n<\/ul>\n\n\n\n<ul class=\"wp-block-list\">\n<li><strong>Combien de temps pr\u00e9voir pour la visite ?<\/strong> Le domaine fait 92 hectares : comptez au moins deux \u00e0 trois heures pour une visite tranquille des serres et d&rsquo;une partie des jardins ext\u00e9rieurs, une demi-journ\u00e9e si vous voulez tout voir.<\/li>\n<\/ul>\n\n\n\n<ul class=\"wp-block-list\">\n<li><strong>Le Jardin botanique de Meise est-il accessible en transports en commun depuis Bruxelles ?<\/strong>Oui, en train jusqu&rsquo;\u00e0 Bruxelles-Nord puis bus De Lijn ligne R50, qui d\u00e9pose directement devant l&rsquo;entr\u00e9e principale.<\/li>\n<\/ul>\n","protected":false,"gt_translate_keys":[{"key":"rendered","format":"html"}]},"excerpt":{"rendered":"<p>\u00c0 trois kilom\u00e8tres de l&rsquo;Atomium, il existe un endroit o\u00f9 on croise des n\u00e9nuphars g\u00e9ants,<\/p>\n","protected":false,"gt_translate_keys":[{"key":"rendered","format":"html"}]},"author":1,"featured_media":18644,"comment_status":"closed","ping_status":"closed","sticky":false,"template":"","format":"standard","meta":{"_lmt_disableupdate":"","_lmt_disable":"","footnotes":""},"categories":[504,12,497,505],"tags":[49,58],"class_list":["post-18650","post","type-post","status-publish","format-standard","has-post-thumbnail","hentry","category-a-voir-pres-de-bruxelles","category-bouger-a-bruxelles-choses-a-faire-et-visiter","category-tourisme-a-bruxelles","category-nature-parc-jardin-vert-bruxelles","tag-activites-avec-enfants","tag-en-amoureux"],"modified_by":"pierre","amp_enabled":true,"gt_translate_keys":[{"key":"link","format":"url"}],"_links":{"self":[{"href":"https:\/\/www.insidebrussels.be\/V2\/wp-json\/wp\/v2\/posts\/18650","targetHints":{"allow":["GET"]}}],"collection":[{"href":"https:\/\/www.insidebrussels.be\/V2\/wp-json\/wp\/v2\/posts"}],"about":[{"href":"https:\/\/www.insidebrussels.be\/V2\/wp-json\/wp\/v2\/types\/post"}],"author":[{"embeddable":true,"href":"https:\/\/www.insidebrussels.be\/V2\/wp-json\/wp\/v2\/users\/1"}],"replies":[{"embeddable":true,"href":"https:\/\/www.insidebrussels.be\/V2\/wp-json\/wp\/v2\/comments?post=18650"}],"version-history":[{"count":1,"href":"https:\/\/www.insidebrussels.be\/V2\/wp-json\/wp\/v2\/posts\/18650\/revisions"}],"predecessor-version":[{"id":18652,"href":"https:\/\/www.insidebrussels.be\/V2\/wp-json\/wp\/v2\/posts\/18650\/revisions\/18652"}],"wp:featuredmedia":[{"embeddable":true,"href":"https:\/\/www.insidebrussels.be\/V2\/wp-json\/wp\/v2\/media\/18644"}],"wp:attachment":[{"href":"https:\/\/www.insidebrussels.be\/V2\/wp-json\/wp\/v2\/media?parent=18650"}],"wp:term":[{"taxonomy":"category","embeddable":true,"href":"https:\/\/www.insidebrussels.be\/V2\/wp-json\/wp\/v2\/categories?post=18650"},{"taxonomy":"post_tag","embeddable":true,"href":"https:\/\/www.insidebrussels.be\/V2\/wp-json\/wp\/v2\/tags?post=18650"}],"curies":[{"name":"wp","href":"https:\/\/api.w.org\/{rel}","templated":true}]}}