{"id":18660,"date":"2026-08-12T22:23:30","date_gmt":"2026-08-12T20:23:30","guid":{"rendered":"https:\/\/www.insidebrussels.be\/V2\/?p=18660"},"modified":"2026-09-04T23:12:08","modified_gmt":"2026-09-04T21:12:08","slug":"fiesta-latina-souffle-ses-25-bougies-au-coeur-du-cinquantenaire","status":"publish","type":"post","link":"https:\/\/www.insidebrussels.be\/V2\/bruxelles\/fiesta-latina-souffle-ses-25-bougies-au-coeur-du-cinquantenaire\/","title":{"rendered":"\ud83c\udf89 Fiesta Latina souffle ses 25 bougies au c\u0153ur du Cinquantenaire","gt_translate_keys":[{"key":"rendered","format":"text"}]},"content":{"rendered":"\n<p>On a un faible pour la Fiesta Latina depuis des ann\u00e9es, et cette \u00e9dition 2026 a de quoi nous faire sortir les paillettes plus t\u00f4t que d&rsquo;habitude. Pour son quart de si\u00e8cle, le plus grand festival latino de Belgique change compl\u00e8tement de d\u00e9cor : direction le Parc du Cinquantenaire, <strong>du 28 au 30 ao\u00fbt<\/strong>, pour trois jours qui s&rsquo;annoncent parmi les plus marquants de son histoire.<\/p>\n\n\n\n<h2 class=\"wp-block-heading\">\ud83c\udfdb\ufe0f Un nouveau terrain de jeu, \u00e0 la hauteur de l&rsquo;\u00e9v\u00e9nement<\/h2>\n\n\n\n<p><\/p>\n\n\n\n<p>Depuis des ann\u00e9es, on associait la Fiesta Latina au <a href=\"https:\/\/www.insidebrussels.be\/V2\/bruxelles\/que-faire-a-bruxelles-quand-il-fait-chaud-et-caniculaire\/\" type=\"post\" id=\"11904\">Bois de la Cambre<\/a>. Cette fois, le festival prend ses quartiers sous les arches monumentales du <a href=\"https:\/\/www.insidebrussels.be\/V2\/bruxelles\/tag\/cinquentenaire\/\" type=\"post_tag\" id=\"9512\">Cinquantenaire<\/a>, et franchement, on comprend le choix. Le site est plus central, plus accessible (on y arrive facilement via les stations de m\u00e9tro Schuman ou M\u00e9rode), et son d\u00e9cor patrimonial donne \u00e0 l&rsquo;\u00e9v\u00e9nement une dimension qu&rsquo;on n&rsquo;avait pas vue jusqu&rsquo;ici. Entre les arcades et l&rsquo;ambiance tropicale, le contraste promet d&rsquo;\u00eatre saisissant.<\/p>\n\n\n\n<p>Petit changement \u00e0 noter aussi dans nos agendas : le festival, habituellement programm\u00e9 en septembre, se d\u00e9place cette ann\u00e9e \u00e0 la toute fin du mois d&rsquo;ao\u00fbt.<\/p>\n\n\n\n<h2 class=\"wp-block-heading\">\ud83c\udfb6 Ce qui nous attend sur place<\/h2>\n\n\n\n<figure class=\"wp-block-image size-large\"><a href=\"https:\/\/www.insidebrussels.be\/V2\/wp-content\/uploads\/2026\/09\/9.jpeg\"><img decoding=\"async\" width=\"1024\" height=\"684\" src=\"https:\/\/www.insidebrussels.be\/V2\/wp-content\/uploads\/2026\/09\/9-1024x684.jpeg\" alt=\"Fiesta Latina (c) Dossier Presse 2026\" class=\"wp-image-18658\" srcset=\"https:\/\/www.insidebrussels.be\/V2\/wp-content\/uploads\/2026\/09\/9-1024x684.jpeg 1024w, https:\/\/www.insidebrussels.be\/V2\/wp-content\/uploads\/2026\/09\/9-300x200.jpeg 300w, https:\/\/www.insidebrussels.be\/V2\/wp-content\/uploads\/2026\/09\/9-768x513.jpeg 768w, https:\/\/www.insidebrussels.be\/V2\/wp-content\/uploads\/2026\/09\/9-1536x1026.jpeg 1536w, https:\/\/www.insidebrussels.be\/V2\/wp-content\/uploads\/2026\/09\/9.jpeg 1920w\" sizes=\"(max-width: 1024px) 100vw, 1024px\" \/><\/a><figcaption class=\"wp-element-caption\">Fiesta Latina (c) Dossier Presse 2026<\/figcaption><\/figure>\n\n\n\n<p>On ne va pas vous mentir, le programme donne envie. Plus de 90 <a href=\"https:\/\/www.insidebrussels.be\/V2\/bruxelles\/tag\/street-food\/\" type=\"post_tag\" id=\"282\">food trucks<\/a> et stands culinaires venus des quatre coins de l&rsquo;Am\u00e9rique latine, des chiringuitos et discotecas pour recr\u00e9er l&rsquo;ambiance barrio, et une affiche qui m\u00e9lange les meilleurs groupes live de Belgique et des pays voisins avec les DJ&rsquo;s incontournables de la sc\u00e8ne festive latino. On nous promet aussi des spectacles bien sentis (cracheurs de feu, danseurs, plumes et paillettes) et, si on veut se lancer sur la piste une fois la nuit tomb\u00e9e, des ateliers de salsa, bachata et samba encadr\u00e9s par des professeurs belges tout au long du week-end.<\/p>\n\n\n\n<p>C\u00f4t\u00e9 papilles, l&rsquo;offre s&rsquo;annonce large : cocktails exotiques, sp\u00e9cialit\u00e9s traditionnelles et street food latino pour un vrai voyage gustatif sans quitter Bruxelles.<\/p>\n\n\n\n<h2 class=\"wp-block-heading\">\ud83c\udf34 La Casita de Bad Bunny, la nouveaut\u00e9 qui fait parler<\/h2>\n\n\n\n<figure class=\"wp-block-image size-large\"><a href=\"https:\/\/www.insidebrussels.be\/V2\/wp-content\/uploads\/2026\/09\/8.jpeg\"><img decoding=\"async\" width=\"683\" height=\"1024\" src=\"https:\/\/www.insidebrussels.be\/V2\/wp-content\/uploads\/2026\/09\/8-683x1024.jpeg\" alt=\"Fiesta Latina (c) Dossier Presse 2026\" class=\"wp-image-18657\" srcset=\"https:\/\/www.insidebrussels.be\/V2\/wp-content\/uploads\/2026\/09\/8-683x1024.jpeg 683w, https:\/\/www.insidebrussels.be\/V2\/wp-content\/uploads\/2026\/09\/8-200x300.jpeg 200w, https:\/\/www.insidebrussels.be\/V2\/wp-content\/uploads\/2026\/09\/8-768x1152.jpeg 768w, https:\/\/www.insidebrussels.be\/V2\/wp-content\/uploads\/2026\/09\/8-1024x1536.jpeg 1024w, https:\/\/www.insidebrussels.be\/V2\/wp-content\/uploads\/2026\/09\/8.jpeg 1280w\" sizes=\"(max-width: 683px) 100vw, 683px\" \/><\/a><figcaption class=\"wp-element-caption\">Fiesta Latina (c) Dossier Presse 2026<\/figcaption><\/figure>\n\n\n\n<p>Grande nouveaut\u00e9 de cette \u00e9dition anniversaire : l&rsquo;arriv\u00e9e de la Casita de Bad Bunny, inspir\u00e9e de l&rsquo;univers de l&rsquo;artiste portoricain. On y verra un spot photo pens\u00e9 pour plonger les visiteurs dans l&rsquo;ambiance de Puerto Rico. Le clin d&rsquo;\u0153il tombe bien : Bad Bunny a justement boucl\u00e9 sa tourn\u00e9e mondiale \u00e0 Bruxelles cet \u00e9t\u00e9, au stade Roi Baudouin, devant un public conquis. Autant dire que l&rsquo;engouement autour de son univers est encore bien frais dans la capitale.<\/p>\n\n\n\n<h2 class=\"wp-block-heading\">\ud83d\udccd Les infos pratiques<\/h2>\n\n\n\n<figure class=\"wp-block-image size-large\"><a href=\"https:\/\/www.insidebrussels.be\/V2\/wp-content\/uploads\/2026\/09\/6.jpg\"><img decoding=\"async\" width=\"819\" height=\"1024\" src=\"https:\/\/www.insidebrussels.be\/V2\/wp-content\/uploads\/2026\/09\/6-819x1024.jpg\" alt=\"Fiesta Latina (c) Dossier Presse 2026\" class=\"wp-image-18655\" srcset=\"https:\/\/www.insidebrussels.be\/V2\/wp-content\/uploads\/2026\/09\/6-819x1024.jpg 819w, https:\/\/www.insidebrussels.be\/V2\/wp-content\/uploads\/2026\/09\/6-240x300.jpg 240w, https:\/\/www.insidebrussels.be\/V2\/wp-content\/uploads\/2026\/09\/6-768x960.jpg 768w, https:\/\/www.insidebrussels.be\/V2\/wp-content\/uploads\/2026\/09\/6.jpg 1080w\" sizes=\"(max-width: 819px) 100vw, 819px\" \/><\/a><figcaption class=\"wp-element-caption\">Fiesta Latina (c) Dossier Presse 2026<\/figcaption><\/figure>\n\n\n\n<p>La Fiesta Latina se tient les 28, 29 et 30 ao\u00fbt 2026, au Parc du Cinquantenaire. Le site est accessible en transports en commun via les stations de m\u00e9tro Schuman et M\u00e9rode. Pour les infos billetterie et le programme d\u00e9taill\u00e9, mieux vaut suivre les canaux officiels du festival (site et r\u00e9seaux sociaux) dans les semaines qui pr\u00e9c\u00e8dent l&rsquo;\u00e9v\u00e9nement.<\/p>\n\n\n\n<p>Pour cette \u00e9dition des 25 ans, la Fiesta Latina semble avoir mis les moyens. On a h\u00e2te de voir ce que \u00e7a donne sous les arcades du Cinquantenaire\/<\/p>\n\n\n\n<ul class=\"wp-block-list\">\n<li>Contacts presse : Nicolas Abbate (<a href=\"mailto:green@beegroupe.be\">green@beegroupe.be<\/a>), Charlotte Van Hoorde (<a href=\"mailto:indigo@beegroupe.be\">indigo@beegroupe.be<\/a>), Sara Carmen (<a href=\"mailto:magenta@beegroupe.be\">magenta@beegroupe.be<\/a>)<\/li>\n<\/ul>\n","protected":false,"gt_translate_keys":[{"key":"rendered","format":"html"}]},"excerpt":{"rendered":"<p>On a un faible pour la Fiesta Latina depuis des ann\u00e9es, et cette \u00e9dition 2026<\/p>\n","protected":false,"gt_translate_keys":[{"key":"rendered","format":"html"}]},"author":1,"featured_media":18662,"comment_status":"closed","ping_status":"closed","sticky":false,"template":"","format":"standard","meta":{"_lmt_disableupdate":"","_lmt_disable":"","footnotes":""},"categories":[232,892,526,4428,73],"tags":[10179],"class_list":["post-18660","post","type-post","status-publish","format-standard","has-post-thumbnail","hentry","category-agenda-et-expo","category-evenement","category-festival-musique","category-foodie","category-vie-a-bruxelles","tag-fiesta-latina"],"modified_by":"pierre","amp_enabled":true,"gt_translate_keys":[{"key":"link","format":"url"}],"_links":{"self":[{"href":"https:\/\/www.insidebrussels.be\/V2\/wp-json\/wp\/v2\/posts\/18660","targetHints":{"allow":["GET"]}}],"collection":[{"href":"https:\/\/www.insidebrussels.be\/V2\/wp-json\/wp\/v2\/posts"}],"about":[{"href":"https:\/\/www.insidebrussels.be\/V2\/wp-json\/wp\/v2\/types\/post"}],"author":[{"embeddable":true,"href":"https:\/\/www.insidebrussels.be\/V2\/wp-json\/wp\/v2\/users\/1"}],"replies":[{"embeddable":true,"href":"https:\/\/www.insidebrussels.be\/V2\/wp-json\/wp\/v2\/comments?post=18660"}],"version-history":[{"count":2,"href":"https:\/\/www.insidebrussels.be\/V2\/wp-json\/wp\/v2\/posts\/18660\/revisions"}],"predecessor-version":[{"id":18665,"href":"https:\/\/www.insidebrussels.be\/V2\/wp-json\/wp\/v2\/posts\/18660\/revisions\/18665"}],"wp:featuredmedia":[{"embeddable":true,"href":"https:\/\/www.insidebrussels.be\/V2\/wp-json\/wp\/v2\/media\/18662"}],"wp:attachment":[{"href":"https:\/\/www.insidebrussels.be\/V2\/wp-json\/wp\/v2\/media?parent=18660"}],"wp:term":[{"taxonomy":"category","embeddable":true,"href":"https:\/\/www.insidebrussels.be\/V2\/wp-json\/wp\/v2\/categories?post=18660"},{"taxonomy":"post_tag","embeddable":true,"href":"https:\/\/www.insidebrussels.be\/V2\/wp-json\/wp\/v2\/tags?post=18660"}],"curies":[{"name":"wp","href":"https:\/\/api.w.org\/{rel}","templated":true}]}}