{"id":18668,"date":"2026-07-01T23:35:17","date_gmt":"2026-07-01T21:35:17","guid":{"rendered":"https:\/\/www.insidebrussels.be\/V2\/?p=18668"},"modified":"2026-09-04T23:38:07","modified_gmt":"2026-09-04T21:38:07","slug":"roller-bike-parade-la-derniere-sortie-de-la-saison-cest-ce-soir","status":"publish","type":"post","link":"https:\/\/www.insidebrussels.be\/V2\/bruxelles\/roller-bike-parade-la-derniere-sortie-de-la-saison-cest-ce-soir\/","title":{"rendered":"\ud83d\udefc Les vendredis soirs vont encore sentir le roulement \u00e0 billes","gt_translate_keys":[{"key":"rendered","format":"text"}]},"content":{"rendered":"\n<p>Il y a des rendez-vous qui rythment l&rsquo;\u00e9t\u00e9 bruxellois presque aussi s\u00fbrement que <a href=\"https:\/\/www.insidebrussels.be\/V2\/bruxelles\/que-faire-a-bruxelles-quand-il-pleut\/\" type=\"post\" id=\"7260\">la m\u00e9t\u00e9o capricieuse.<\/a> La Roller Bike Parade en fait partie. Chaque vendredi soir, de fin juin \u00e0 d\u00e9but septembre,<a href=\"https:\/\/www.insidebrussels.be\/V2\/bruxelles\/grande-roue-place-poelaert-bruxelles-prix-horaire-avis-horaire\/\" type=\"post\" id=\"9496\"> la place Poelaert <\/a>se transforme en point de d\u00e9part d&rsquo;une procession improbable de rollers, v\u00e9los, skates et trottinettes qui envahit la ville pendant trois heures. Et honn\u00eatement, c&rsquo;est toujours un des meilleurs plans gratuits du calendrier bruxellois.<\/p>\n\n\n\n<h2 class=\"wp-block-heading\">Une tradition qui ne prend pas une ride<\/h2>\n\n\n\n<p>\u00c7a fait maintenant plus de vingt ans que \u00e7a dure. Le concept n&rsquo;a pas boug\u00e9 d&rsquo;un pouce depuis 2002 : on se r\u00e9unit, on roule, on danse un peu sur la route, et on recommence la semaine suivante. Pas de billet \u00e0 acheter, pas d&rsquo;inscription \u00e0 remplir, juste des rollers ou un v\u00e9lo et l&rsquo;envie de traverser Bruxelles autrement qu&rsquo;assis dans les bouchons. \u00c0 partir de 10 ans, tout le monde peut suivre, d\u00e9butant complet ou habitu\u00e9 des pistes.<\/p>\n\n\n\n<p>Une r\u00e8gle, cela dit, ne souffre aucune exception : on roule, on ne marche pas. Logique, vu le monde que \u00e7a rassemble sur la chauss\u00e9e.<\/p>\n\n\n\n<h2 class=\"wp-block-heading\">Le programme du vendredi soir<\/h2>\n\n\n\n<p>Rendez-vous fix\u00e9 place Poelaert, devant le Palais de Justice, d\u00e8s 20h. De l\u00e0, deux options. La petite boucle, environ 5 kilom\u00e8tres et une quarantaine de minutes, taill\u00e9e pour les familles et ceux qui pr\u00e9f\u00e8rent garder de l&rsquo;\u00e9nergie pour l&rsquo;ap\u00e9ro qui suit. La grande boucle, elle, s&rsquo;adresse \u00e0 ceux qui veulent vraiment transpirer : d\u00e9part chauss\u00e9e d&rsquo;Ixelles au niveau de la Porte de Namur, pour 20 kilom\u00e8tres \u00e0 travers la ville. Deux DJ&rsquo;s perch\u00e9s sur des pick-ups sonoris\u00e9s suivent le cort\u00e8ge et balancent la sono tout du long, ce qui donne \u00e0 l&rsquo;ensemble des airs de block-party mobile plut\u00f4t que de simple randonn\u00e9e sportive.<\/p>\n\n\n\n<h2 class=\"wp-block-heading\">Ce qu&rsquo;on emporte (et ce qu&rsquo;on v\u00e9rifie avant de partir)<\/h2>\n\n\n\n<p>Rien de sorcier pour bien profiter de sa soir\u00e9e. Une bouteille d&rsquo;eau, de quoi grignoter si la grande boucle vous tente, et des protections si vous n&rsquo;\u00eates plus tout \u00e0 fait s\u00fbr de votre \u00e9quilibre sur des roulettes (les genoux vous remercieront). Un seul vrai risque de contretemps : la m\u00e9t\u00e9o. En cas de grosse pluie, la parade peut sauter pour des raisons de s\u00e9curit\u00e9, et la d\u00e9cision tombe \u00e0 16h le jour m\u00eame sur les canaux officiels de l&rsquo;\u00e9v\u00e9nement. Un conseil qu&rsquo;on se r\u00e9p\u00e8te chaque \u00e9t\u00e9 : un \u0153il sur la m\u00e9t\u00e9o avant de sortir les rollers.<\/p>\n\n\n\n<p>Petit d\u00e9tail pratique aussi pour les automobilistes du coin : le passage du cort\u00e8ge ralentit forc\u00e9ment la circulation sur plusieurs grands axes entre 19h et environ 23h. Rien de dramatique, mais autant le savoir avant de prendre la voiture un vendredi soir d&rsquo;\u00e9t\u00e9.<\/p>\n\n\n\n<h2 class=\"wp-block-heading\">Rendez-vous tous les vendredis jusqu&rsquo;en septembre<\/h2>\n\n\n\n<p>La saison 2026 se d\u00e9roule chaque vendredi du 26 juin au 4 septembre. Que vous comptiez venir une fois par curiosit\u00e9 ou devenir un habitu\u00e9 de la petite boucle, la place Poelaert vous attend \u00e0 20h. On s&rsquo;y voit ?<\/p>\n","protected":false,"gt_translate_keys":[{"key":"rendered","format":"html"}]},"excerpt":{"rendered":"<p>Il y a des rendez-vous qui rythment l&rsquo;\u00e9t\u00e9 bruxellois presque aussi s\u00fbrement que la m\u00e9t\u00e9o<\/p>\n","protected":false,"gt_translate_keys":[{"key":"rendered","format":"html"}]},"author":1,"featured_media":18670,"comment_status":"closed","ping_status":"closed","sticky":false,"template":"","format":"standard","meta":{"_lmt_disableupdate":"","_lmt_disable":"","footnotes":""},"categories":[8606,232,12,892,73],"tags":[],"class_list":["post-18668","post","type-post","status-publish","format-standard","has-post-thumbnail","hentry","category-afterworks","category-agenda-et-expo","category-bouger-a-bruxelles-choses-a-faire-et-visiter","category-evenement","category-vie-a-bruxelles"],"modified_by":"pierre","amp_enabled":true,"gt_translate_keys":[{"key":"link","format":"url"}],"_links":{"self":[{"href":"https:\/\/www.insidebrussels.be\/V2\/wp-json\/wp\/v2\/posts\/18668","targetHints":{"allow":["GET"]}}],"collection":[{"href":"https:\/\/www.insidebrussels.be\/V2\/wp-json\/wp\/v2\/posts"}],"about":[{"href":"https:\/\/www.insidebrussels.be\/V2\/wp-json\/wp\/v2\/types\/post"}],"author":[{"embeddable":true,"href":"https:\/\/www.insidebrussels.be\/V2\/wp-json\/wp\/v2\/users\/1"}],"replies":[{"embeddable":true,"href":"https:\/\/www.insidebrussels.be\/V2\/wp-json\/wp\/v2\/comments?post=18668"}],"version-history":[{"count":2,"href":"https:\/\/www.insidebrussels.be\/V2\/wp-json\/wp\/v2\/posts\/18668\/revisions"}],"predecessor-version":[{"id":18674,"href":"https:\/\/www.insidebrussels.be\/V2\/wp-json\/wp\/v2\/posts\/18668\/revisions\/18674"}],"wp:featuredmedia":[{"embeddable":true,"href":"https:\/\/www.insidebrussels.be\/V2\/wp-json\/wp\/v2\/media\/18670"}],"wp:attachment":[{"href":"https:\/\/www.insidebrussels.be\/V2\/wp-json\/wp\/v2\/media?parent=18668"}],"wp:term":[{"taxonomy":"category","embeddable":true,"href":"https:\/\/www.insidebrussels.be\/V2\/wp-json\/wp\/v2\/categories?post=18668"},{"taxonomy":"post_tag","embeddable":true,"href":"https:\/\/www.insidebrussels.be\/V2\/wp-json\/wp\/v2\/tags?post=18668"}],"curies":[{"name":"wp","href":"https:\/\/api.w.org\/{rel}","templated":true}]}}