{"id":2198,"date":"2018-09-26T14:46:42","date_gmt":"2018-09-26T12:46:42","guid":{"rendered":"http:\/\/www.insidebrussels.be\/V2\/?p=2198"},"modified":"2022-08-24T23:14:09","modified_gmt":"2022-08-24T21:14:09","slug":"le-marche-bio-des-tanneurs","status":"publish","type":"post","link":"https:\/\/www.insidebrussels.be\/V2\/bruxelles\/le-marche-bio-des-tanneurs\/","title":{"rendered":"Le march\u00e9 des tanneurs: acheter BIO et en vrac \u00e0 Bruxelles","gt_translate_keys":[{"key":"rendered","format":"text"}]},"content":{"rendered":"<h1><span style=\"color: #99cc00;\">Le March\u00e9 Biologique en vrac des Tanneurs (Bruxelles-midi)<\/span><\/h1>\n<h2><span style=\"color: #99cc00;\">Tout savoir sur ce march\u00e9 BIO \u00e0 Bruxelles\u00a0<\/span><\/h2>\n<p style=\"text-align: justify;\">Avez-vous envie de manger plus sain mais craignez les prix g\u00e9n\u00e9ralement plus \u00e9lev\u00e9s? Cherchez-vous un endroit agr\u00e9able o\u00f9 se trouveraient ces aliments \u00e0 un bon prix? O\u00f9 mieux pour acheter de la nourriture bio qu&rsquo;\u00e0 <strong>un <a href=\"http:\/\/terrabio.be\/\" target=\"_blank\" rel=\"noopener\">march\u00e9 bio<\/a><\/strong> tiens? Situ\u00e9 dans la rue des Tanneurs, au num\u00e9ro 60 \u00e0 Bruxelles, vous trouverez le march\u00e9 des Tanneurs, <strong>un march\u00e9 BIO<\/strong>! Celui-ci est <b>en semaine mais aussi le weekend<\/b>. Vous pouvez y aller en bus, en tram ou m\u00eame en m\u00e9tro avec beaucoup de facilit\u00e9 pendant ces cinq jours de la semaine.<\/p>\n<h2 style=\"text-align: justify;\"><span style=\"color: #99cc00;\">Acheter des produits Bio et en vrac \u00e0 Bruxelles\u00a0<\/span><\/h2>\n<figure id=\"attachment_2222\" aria-describedby=\"caption-attachment-2222\" style=\"width: 640px\" class=\"wp-caption aligncenter\"><a href=\"http:\/\/www.insidebrussels.be\/V2\/wp-content\/uploads\/2015\/04\/IMG_2969-e1430058829970.jpg\"><img decoding=\"async\" class=\"wp-image-2222 size-large\" title=\"March\u00e9 BIO des Tanneurs Bruxelles\" src=\"https:\/\/www.insidebrussels.be\/V2\/wp-content\/uploads\/2015\/04\/IMG_2969-1024x768.jpg\" alt=\"IMG_2969\" width=\"640\" height=\"480\" \/><\/a><figcaption id=\"caption-attachment-2222\" class=\"wp-caption-text\">March\u00e9 BIO des Tanneurs Bruxelles<\/figcaption><\/figure>\n<p style=\"text-align: justify;\">Dans ce march\u00e9 organique couvert, vous d\u00e9couvrirez <strong>une grande vari\u00e9t\u00e9 d&rsquo;aliments biologiques<\/strong> tels que des l\u00e9gumes, des fruits, du fromage, du riz, du vin, du pain et pleins d&rsquo;autres et ce, \u00e0 un tout petit prix. Leurs produits sont <strong>frais<\/strong>. Si vous comparez les prix de ces produits bio aux prix dans une \u00e9picerie normale ou de votre supermarch\u00e9, vous serez <strong>extr\u00eamement surpris<\/strong>. Vous ne regretterez pas votre visite!<\/p>\n<p style=\"text-align: justify;\">En plus d&rsquo;avoir une architecture \u00e9poustouflante et d\u2019avoir <strong>des produits d\u00e9licieux et abordables<\/strong>, les Ateliers des Tanneurs ont un concept bien original qu\u2019on ne voit pas partout. Entrez-y avec votre propre sac ou prenez un carton, remplissez-le de tout ce que vous d\u00e9sirez et proc\u00e9dez \u00e0 la caisse. \u00c7a n&rsquo;a rien \u00e0 voir avec une \u00e9picerie traditionnelle, n&rsquo;est-ce pas? Ce march\u00e9 est <strong>bio jusqu\u2019au moment de passer la porte de sortie <\/strong>puisqu\u2019ils n\u2019utilisent pas de sacs en plastique!<\/p>\n<h2 style=\"text-align: justify;\"><span style=\"color: #99cc00;\">Notre avis sur le March\u00e9 BIO de la rue des Tanneurs<\/span><\/h2>\n<p style=\"text-align: justify;\">Si vous \u00eates comme beaucoup de gens, vous ferez une recherche avant de vous y d\u00e9placer et vous trouverez peu voir <strong>aucun avis n\u00e9gatif par rapport \u00e0 ce fabuleux march\u00e9<\/strong>. Tout le monde qui visite ce march\u00e9 est extr\u00eamement satisfait et y retourne par apr\u00e8s. En plus de \u00e7a la qualit\u00e9 de la nourriture que vous y trouverez est bien \u00e9tonnante quand vous voyez les prix qui sont affich\u00e9s. Puis apr\u00e8s vos achats, vous pouvez vous relaxer avec un bon caf\u00e9 sur la terrasse int\u00e9rieure du March\u00e9 des Tanneurs et d\u00e9guster vos produits d\u00e9licieusement bio.<br \/>\nNe perdez pas de temps, allez-y! Vous deviendriez accro aux produits bio!<\/p>\n<h2><span style=\"color: #99cc00;\">Photos du march\u00e9 des Tanneurs BIO \u00e0 Bruxelles<\/span><\/h2>\n<div id='gallery-1' class='gallery galleryid-2198 gallery-columns-3 gallery-size-medium'><figure class='gallery-item'>\n\t\t\t<div class='gallery-icon landscape'>\n\t\t\t\t<a href='https:\/\/www.insidebrussels.be\/V2\/wp-content\/uploads\/2015\/04\/IMG_2969-e1430058829970.jpg'><img decoding=\"async\" width=\"300\" height=\"225\" src=\"https:\/\/www.insidebrussels.be\/V2\/wp-content\/uploads\/2015\/04\/IMG_2969-300x225.jpg\" class=\"attachment-medium size-medium\" alt=\"Oranges au march\u00e9 des tanneurs\" aria-describedby=\"gallery-1-2222\" srcset=\"https:\/\/www.insidebrussels.be\/V2\/wp-content\/uploads\/2015\/04\/IMG_2969-300x225.jpg 300w, https:\/\/www.insidebrussels.be\/V2\/wp-content\/uploads\/2015\/04\/IMG_2969-1024x768.jpg 1024w, https:\/\/www.insidebrussels.be\/V2\/wp-content\/uploads\/2015\/04\/IMG_2969-e1430058829970.jpg 800w\" sizes=\"(max-width: 300px) 100vw, 300px\" \/><\/a>\n\t\t\t<\/div>\n\t\t\t\t<figcaption class='wp-caption-text gallery-caption' id='gallery-1-2222'>\n\t\t\t\tMarch\u00e9 BIO des Tanneurs Bruxelles Fruit\n\t\t\t\t<\/figcaption><\/figure><figure class='gallery-item'>\n\t\t\t<div class='gallery-icon landscape'>\n\t\t\t\t<a href='https:\/\/www.insidebrussels.be\/V2\/wp-content\/uploads\/2015\/04\/IMG_2973-e1430058912391.jpg'><img decoding=\"async\" width=\"300\" height=\"225\" src=\"https:\/\/www.insidebrussels.be\/V2\/wp-content\/uploads\/2015\/04\/IMG_2973-300x225.jpg\" class=\"attachment-medium size-medium\" alt=\"Des produits en vrac march\u00e9 des tanneurs\" aria-describedby=\"gallery-1-2218\" srcset=\"https:\/\/www.insidebrussels.be\/V2\/wp-content\/uploads\/2015\/04\/IMG_2973-300x225.jpg 300w, https:\/\/www.insidebrussels.be\/V2\/wp-content\/uploads\/2015\/04\/IMG_2973-1024x768.jpg 1024w, https:\/\/www.insidebrussels.be\/V2\/wp-content\/uploads\/2015\/04\/IMG_2973-e1430058912391.jpg 800w\" sizes=\"(max-width: 300px) 100vw, 300px\" \/><\/a>\n\t\t\t<\/div>\n\t\t\t\t<figcaption class='wp-caption-text gallery-caption' id='gallery-1-2218'>\n\t\t\t\tMarch\u00e9 BIO des Tanneurs Bruxelles P\u00e2tes\n\t\t\t\t<\/figcaption><\/figure><figure class='gallery-item'>\n\t\t\t<div class='gallery-icon landscape'>\n\t\t\t\t<a href='https:\/\/www.insidebrussels.be\/V2\/wp-content\/uploads\/2015\/04\/IMG_2981.jpg'><img decoding=\"async\" width=\"300\" height=\"225\" src=\"https:\/\/www.insidebrussels.be\/V2\/wp-content\/uploads\/2015\/04\/IMG_2981-300x225.jpg\" class=\"attachment-medium size-medium\" alt=\"March\u00e9 BIO des Tanneurs Bruxelles\" aria-describedby=\"gallery-1-2213\" srcset=\"https:\/\/www.insidebrussels.be\/V2\/wp-content\/uploads\/2015\/04\/IMG_2981-300x225.jpg 300w, https:\/\/www.insidebrussels.be\/V2\/wp-content\/uploads\/2015\/04\/IMG_2981-1024x768.jpg 1024w, https:\/\/www.insidebrussels.be\/V2\/wp-content\/uploads\/2015\/04\/IMG_2981.jpg 1078w\" sizes=\"(max-width: 300px) 100vw, 300px\" \/><\/a>\n\t\t\t<\/div>\n\t\t\t\t<figcaption class='wp-caption-text gallery-caption' id='gallery-1-2213'>\n\t\t\t\tMarch\u00e9 BIO des Tanneurs Bruxelles\n\t\t\t\t<\/figcaption><\/figure><figure class='gallery-item'>\n\t\t\t<div class='gallery-icon landscape'>\n\t\t\t\t<a href='https:\/\/www.insidebrussels.be\/V2\/wp-content\/uploads\/2015\/04\/IMG_2972.jpg'><img decoding=\"async\" width=\"300\" height=\"225\" src=\"https:\/\/www.insidebrussels.be\/V2\/wp-content\/uploads\/2015\/04\/IMG_2972-300x225.jpg\" class=\"attachment-medium size-medium\" alt=\"Acheter du bon pain au march\u00e9 rue des tanneurs\" aria-describedby=\"gallery-1-2220\" srcset=\"https:\/\/www.insidebrussels.be\/V2\/wp-content\/uploads\/2015\/04\/IMG_2972-300x225.jpg 300w, https:\/\/www.insidebrussels.be\/V2\/wp-content\/uploads\/2015\/04\/IMG_2972-1024x768.jpg 1024w, https:\/\/www.insidebrussels.be\/V2\/wp-content\/uploads\/2015\/04\/IMG_2972.jpg 1078w\" sizes=\"(max-width: 300px) 100vw, 300px\" \/><\/a>\n\t\t\t<\/div>\n\t\t\t\t<figcaption class='wp-caption-text gallery-caption' id='gallery-1-2220'>\n\t\t\t\tMarch\u00e9 BIO des Tanneurs Bruxelles Pain BIO \u00e0 Bruxelles\n\t\t\t\t<\/figcaption><\/figure><figure class='gallery-item'>\n\t\t\t<div class='gallery-icon landscape'>\n\t\t\t\t<a href='https:\/\/www.insidebrussels.be\/V2\/wp-content\/uploads\/2015\/04\/IMG_3002.jpg'><img decoding=\"async\" width=\"300\" height=\"300\" src=\"https:\/\/www.insidebrussels.be\/V2\/wp-content\/uploads\/2015\/04\/IMG_3002-300x300.jpg\" class=\"attachment-medium size-medium\" alt=\"Des oeufs au march\u00e9\" aria-describedby=\"gallery-1-2211\" srcset=\"https:\/\/www.insidebrussels.be\/V2\/wp-content\/uploads\/2015\/04\/IMG_3002-300x300.jpg 300w, https:\/\/www.insidebrussels.be\/V2\/wp-content\/uploads\/2015\/04\/IMG_3002-150x150.jpg 150w, https:\/\/www.insidebrussels.be\/V2\/wp-content\/uploads\/2015\/04\/IMG_3002.jpg 1024w\" sizes=\"(max-width: 300px) 100vw, 300px\" \/><\/a>\n\t\t\t<\/div>\n\t\t\t\t<figcaption class='wp-caption-text gallery-caption' id='gallery-1-2211'>\n\t\t\t\tMarch\u00e9 BIO des Tanneurs Bruxelles Oeufs Bio \u00e0 Bruxelles\n\t\t\t\t<\/figcaption><\/figure><figure class='gallery-item'>\n\t\t\t<div class='gallery-icon portrait'>\n\t\t\t\t<a href='https:\/\/www.insidebrussels.be\/V2\/wp-content\/uploads\/2015\/04\/IMG_2964.jpg'><img decoding=\"async\" width=\"225\" height=\"300\" src=\"https:\/\/www.insidebrussels.be\/V2\/wp-content\/uploads\/2015\/04\/IMG_2964-225x300.jpg\" class=\"attachment-medium size-medium\" alt=\"Les l\u00e9gumes bio du march\u00e9\" aria-describedby=\"gallery-1-2205\" srcset=\"https:\/\/www.insidebrussels.be\/V2\/wp-content\/uploads\/2015\/04\/IMG_2964-225x300.jpg 225w, https:\/\/www.insidebrussels.be\/V2\/wp-content\/uploads\/2015\/04\/IMG_2964.jpg 768w\" sizes=\"(max-width: 225px) 100vw, 225px\" \/><\/a>\n\t\t\t<\/div>\n\t\t\t\t<figcaption class='wp-caption-text gallery-caption' id='gallery-1-2205'>\n\t\t\t\tMarch\u00e9 BIO des Tanneurs Bruxelles L\u00e9gumes BIO \u00e0 Bruxelles\n\t\t\t\t<\/figcaption><\/figure><figure class='gallery-item'>\n\t\t\t<div class='gallery-icon landscape'>\n\t\t\t\t<a href='https:\/\/www.insidebrussels.be\/V2\/wp-content\/uploads\/2015\/04\/IMG_2968-e1430058821889.jpg'><img decoding=\"async\" width=\"300\" height=\"225\" src=\"https:\/\/www.insidebrussels.be\/V2\/wp-content\/uploads\/2015\/04\/IMG_2968-300x225.jpg\" class=\"attachment-medium size-medium\" alt=\"\" aria-describedby=\"gallery-1-2223\" srcset=\"https:\/\/www.insidebrussels.be\/V2\/wp-content\/uploads\/2015\/04\/IMG_2968-300x225.jpg 300w, https:\/\/www.insidebrussels.be\/V2\/wp-content\/uploads\/2015\/04\/IMG_2968-1024x768.jpg 1024w, https:\/\/www.insidebrussels.be\/V2\/wp-content\/uploads\/2015\/04\/IMG_2968-e1430058821889.jpg 800w\" sizes=\"(max-width: 300px) 100vw, 300px\" \/><\/a>\n\t\t\t<\/div>\n\t\t\t\t<figcaption class='wp-caption-text gallery-caption' id='gallery-1-2223'>\n\t\t\t\tMarch\u00e9 BIO des Tanneurs Bruxelles\n\t\t\t\t<\/figcaption><\/figure><figure class='gallery-item'>\n\t\t\t<div class='gallery-icon landscape'>\n\t\t\t\t<a href='https:\/\/www.insidebrussels.be\/V2\/wp-content\/uploads\/2015\/04\/IMG_2998.jpg'><img decoding=\"async\" width=\"300\" height=\"225\" src=\"https:\/\/www.insidebrussels.be\/V2\/wp-content\/uploads\/2015\/04\/IMG_2998-300x225.jpg\" class=\"attachment-medium size-medium\" alt=\"March\u00e9 des Tanneurs Bruxelles Midi\" aria-describedby=\"gallery-1-2200\" srcset=\"https:\/\/www.insidebrussels.be\/V2\/wp-content\/uploads\/2015\/04\/IMG_2998-300x225.jpg 300w, https:\/\/www.insidebrussels.be\/V2\/wp-content\/uploads\/2015\/04\/IMG_2998-1024x768.jpg 1024w, https:\/\/www.insidebrussels.be\/V2\/wp-content\/uploads\/2015\/04\/IMG_2998.jpg 1078w\" sizes=\"(max-width: 300px) 100vw, 300px\" \/><\/a>\n\t\t\t<\/div>\n\t\t\t\t<figcaption class='wp-caption-text gallery-caption' id='gallery-1-2200'>\n\t\t\t\tMarch\u00e9 BIO des Tanneurs Bruxelles\n\t\t\t\t<\/figcaption><\/figure><figure class='gallery-item'>\n\t\t\t<div class='gallery-icon landscape'>\n\t\t\t\t<a href='https:\/\/www.insidebrussels.be\/V2\/wp-content\/uploads\/2015\/04\/IMG_2965-e1430058807375.jpg'><img decoding=\"async\" width=\"300\" height=\"225\" src=\"https:\/\/www.insidebrussels.be\/V2\/wp-content\/uploads\/2015\/04\/IMG_2965-300x225.jpg\" class=\"attachment-medium size-medium\" alt=\"\" aria-describedby=\"gallery-1-2224\" srcset=\"https:\/\/www.insidebrussels.be\/V2\/wp-content\/uploads\/2015\/04\/IMG_2965-300x225.jpg 300w, https:\/\/www.insidebrussels.be\/V2\/wp-content\/uploads\/2015\/04\/IMG_2965-1024x768.jpg 1024w, https:\/\/www.insidebrussels.be\/V2\/wp-content\/uploads\/2015\/04\/IMG_2965-e1430058807375.jpg 800w\" sizes=\"(max-width: 300px) 100vw, 300px\" \/><\/a>\n\t\t\t<\/div>\n\t\t\t\t<figcaption class='wp-caption-text gallery-caption' id='gallery-1-2224'>\n\t\t\t\tMarch\u00e9 BIO des Tanneurs Bruxelles fruits BIO\n\t\t\t\t<\/figcaption><\/figure><figure class='gallery-item'>\n\t\t\t<div class='gallery-icon landscape'>\n\t\t\t\t<a href='https:\/\/www.insidebrussels.be\/V2\/wp-content\/uploads\/2015\/04\/IMG_3009.jpg'><img decoding=\"async\" width=\"300\" height=\"152\" src=\"https:\/\/www.insidebrussels.be\/V2\/wp-content\/uploads\/2015\/04\/IMG_3009-300x152.jpg\" class=\"attachment-medium size-medium\" alt=\"\" aria-describedby=\"gallery-1-2206\" srcset=\"https:\/\/www.insidebrussels.be\/V2\/wp-content\/uploads\/2015\/04\/IMG_3009-300x152.jpg 300w, https:\/\/www.insidebrussels.be\/V2\/wp-content\/uploads\/2015\/04\/IMG_3009-1024x520.jpg 1024w, https:\/\/www.insidebrussels.be\/V2\/wp-content\/uploads\/2015\/04\/IMG_3009.jpg 1078w\" sizes=\"(max-width: 300px) 100vw, 300px\" \/><\/a>\n\t\t\t<\/div>\n\t\t\t\t<figcaption class='wp-caption-text gallery-caption' id='gallery-1-2206'>\n\t\t\t\tMarch\u00e9 BIO des Tanneurs Bruxelles\n\t\t\t\t<\/figcaption><\/figure>\n\t\t<\/div>\n\n<h2><span style=\"color: #99cc00;\">Vid\u00e9o du March\u00e9 des Tanneurs BIO \u00e0 Bruxelles<\/span><\/h2>\n<p>Si le march\u00e9 vous a donn\u00e9 l&rsquo;eau \u00e0 la bouche. Voici une premi\u00e8re vid\u00e9o qui vous donnera un apper\u00e7u.<\/p>\n<p><iframe loading=\"lazy\" src=\"https:\/\/player.vimeo.com\/video\/92170476?title=0&amp;byline=0&amp;portrait=0\" width=\"500\" height=\"273\" frameborder=\"0\" allowfullscreen=\"allowfullscreen\"><\/iframe><\/p>\n<h2>Plus d&rsquo;informations sur le march\u00e9 BIO:<\/h2>\n<ul>\n<li>\n<h3>Adresse du march\u00e9 dans les Marolles<\/h3>\n<\/li>\n<\/ul>\n<p>Le march\u00e9 des Taneurs se trouve \u00e0 l&rsquo;adresse suivante: rue des Tanneurs 60 1000 Bruxelles. Il est facliment accessible en Bus : 27, 48 arr\u00eat Chapelle ou Jeu de Balle. Vous pouvez \u00e9galement acc\u00e9der aux Tanneurs avec le tram : 52, 55, 56, 81 arr\u00eat Annessens ou Lemonier. En m\u00e9tro, il est accessible via la station\u00a0Louise vers rue Haute (via ascenseur public du Palais de Justice)<\/p>\n<ul>\n<li>\n<h3>Adresse du march\u00e9 des Tanneurs \u00e0 LAEKEN<\/h3>\n<\/li>\n<\/ul>\n<p><strong>Terrabio<\/strong>, l\u2019entreprise qui poss\u00e8de d\u00e9j\u00e0 le March\u00e9 des Tanneurs dans les Marolles \u00e0 Bruxelles. Un autre concept similaire a maintenant \u00e9t\u00e9 ouvert derri\u00e8re le site de Tour &amp; Taxis. BE-HERE accueille des projets actives dans l\u2019alimentation durable, l\u2019\u00e9conomie circulaire mais aussi des projets culturels et bien- \u00eatre.\u00a0 Rue Dieudonn\u00e9 Lef\u00e8vre, 1020 Bruxelles<\/p>\n<ul>\n<li>\n<h3>Horaires d&rsquo;ouverture March\u00e9<\/h3>\n<\/li>\n<\/ul>\n<p>Heures d&rsquo;ouverture du march\u00e9 des tanneurs \u00e0 Bruxelles sont : mercredi-vendredi: 11h30-18h &amp; samedi-dimanche: 10h et 16h.<\/p>\n<ul>\n<li>\n<h3>Site web et page Facebook March\u00e9 Tanneurs<\/h3>\n<ul>\n<li><a href=\"http:\/\/terrabio.be\/\">Site web officiel March\u00e9 des Tanneurs<\/a><\/li>\n<li><a href=\"https:\/\/m.facebook.com\/profile.php?id=1394927040811065\">Page Facebook March\u00e9 des Tanneurs<\/a><\/li>\n<\/ul>\n<\/li>\n<\/ul>\n","protected":false,"gt_translate_keys":[{"key":"rendered","format":"html"}]},"excerpt":{"rendered":"<p>Le March\u00e9 Biologique en vrac des Tanneurs (Bruxelles-midi) Tout savoir sur ce march\u00e9 BIO \u00e0<\/p>\n","protected":false,"gt_translate_keys":[{"key":"rendered","format":"html"}]},"author":5,"featured_media":2200,"comment_status":"open","ping_status":"open","sticky":false,"template":"","format":"gallery","meta":{"_lmt_disableupdate":"","_lmt_disable":"","footnotes":""},"categories":[506,10,31],"tags":[47,51,26,155,281],"class_list":["post-2198","post","type-post","status-publish","format-gallery","has-post-thumbnail","hentry","category-les-marche-plein-air-bruxelles","category-manger-a-bruxelles","category-shopping","tag-a-faire-le-dimanche","tag-a-faire-quand-il-pleut","tag-bio","tag-local","tag-ou-acheter-en-vrac-a-bruxelles","post_format-post-format-gallery"],"modified_by":"pierre","amp_enabled":true,"gt_translate_keys":[{"key":"link","format":"url"}],"_links":{"self":[{"href":"https:\/\/www.insidebrussels.be\/V2\/wp-json\/wp\/v2\/posts\/2198","targetHints":{"allow":["GET"]}}],"collection":[{"href":"https:\/\/www.insidebrussels.be\/V2\/wp-json\/wp\/v2\/posts"}],"about":[{"href":"https:\/\/www.insidebrussels.be\/V2\/wp-json\/wp\/v2\/types\/post"}],"author":[{"embeddable":true,"href":"https:\/\/www.insidebrussels.be\/V2\/wp-json\/wp\/v2\/users\/5"}],"replies":[{"embeddable":true,"href":"https:\/\/www.insidebrussels.be\/V2\/wp-json\/wp\/v2\/comments?post=2198"}],"version-history":[{"count":33,"href":"https:\/\/www.insidebrussels.be\/V2\/wp-json\/wp\/v2\/posts\/2198\/revisions"}],"predecessor-version":[{"id":12983,"href":"https:\/\/www.insidebrussels.be\/V2\/wp-json\/wp\/v2\/posts\/2198\/revisions\/12983"}],"wp:featuredmedia":[{"embeddable":true,"href":"https:\/\/www.insidebrussels.be\/V2\/wp-json\/wp\/v2\/media\/2200"}],"wp:attachment":[{"href":"https:\/\/www.insidebrussels.be\/V2\/wp-json\/wp\/v2\/media?parent=2198"}],"wp:term":[{"taxonomy":"category","embeddable":true,"href":"https:\/\/www.insidebrussels.be\/V2\/wp-json\/wp\/v2\/categories?post=2198"},{"taxonomy":"post_tag","embeddable":true,"href":"https:\/\/www.insidebrussels.be\/V2\/wp-json\/wp\/v2\/tags?post=2198"}],"curies":[{"name":"wp","href":"https:\/\/api.w.org\/{rel}","templated":true}]}}