{"id":2481,"date":"2015-04-30T23:06:12","date_gmt":"2015-04-30T21:06:12","guid":{"rendered":"http:\/\/www.insidebrussels.be\/V2\/?p=2481"},"modified":"2024-07-03T23:17:36","modified_gmt":"2024-07-03T21:17:36","slug":"palais-des-bozar-un-joyau-incontournable","status":"publish","type":"post","link":"https:\/\/www.insidebrussels.be\/V2\/bruxelles\/palais-des-bozar-un-joyau-incontournable\/","title":{"rendered":"Palais des Bozar: un joyau incontournable","gt_translate_keys":[{"key":"rendered","format":"text"}]},"content":{"rendered":"<h2>Palais des Bozar: un joyau incontournable<\/h2>\n<p>Le Palais des Beaux &#8211; Arts connu \u00e9galement sous le nom de Bozar constitue<strong> la premi\u00e8re maison de la culture europ\u00e9enne<\/strong>. Initi\u00e9e par <a href=\"https:\/\/www.insidebrussels.be\/V2\/bruxelles\/tag\/horta\/\">Victor Horta<\/a>, sa construction commence en 1922. Son atout r\u00e9side sur le fait qu\u2019il met en \u00e9vidence tout ce qui se rapporte \u00e0 <strong>la richesse culturelle de la ville Bruxelles<\/strong>. Les adeptes de d\u00e9couverte et ceux qui sont soif de connaissances y trouveront leur bonheur.<br \/>\nInaugur\u00e9 en 1928, le palais des Bozar s\u2019\u00e9tend sur une surface de<strong> 8000 m\u00b2<\/strong>. Grace \u00e0 ce joyau, le public peut davantage \u00e9largir ses connaissances sur la culture locale. En m\u00eame temps, il d\u00e9couvre la beaut\u00e9 des arts caract\u00e9risant la ville. Le Palais poss\u00e8de une infrastructure grandiose qui le distingue des autres complexes culturels existant sur le pays. Il dispose d\u2019une grande salle de concert pouvant accueillir plus de 2000 personnes, d\u2019une <strong>salle de th\u00e9\u00e2tre et de quelques salles d\u2019expositions<\/strong>.<\/p>\n<blockquote><p><a href=\"https:\/\/www.insidebrussels.be\/V2\/bruxelles\/event-venue\/bozar\/\">D\u00e9couvez aussi le programme des concerts et \u00e9v\u00e9nements au BOZAR<\/a><\/p><\/blockquote>\n<h2>La salle de Concert du Bozar<\/h2>\n<p>Le palais propose \u00e0 ses visiteurs toute une d\u00e9couverte. Au c\u0153ur du complexe se trouve <strong>la grande salle de concert<\/strong> qui constitue un laboratoire tr\u00e8s original accessible au grand public. Cette salle manifeste l\u2019authenticit\u00e9 de l\u2019architecture locale. Bozar r\u00e9serve des s\u00e9ances d\u2019exposition exceptionnelles se rapportant au monde du cin\u00e9ma. Les adeptes de cette discipline profiteront de la diffusion de s\u00e9ries, de vid\u00e9os et autres arts y aff\u00e9rents. Chaque ann\u00e9e, le palais organise plusieurs expositions. En collaboration avec des organismes internationaux et des passionn\u00e9s de beaux-arts, qu\u2019ils soient des professionnels ou des jeunes cr\u00e9ateurs, il leur propose toute une collection d\u2019\u0153uvres authentiques. En principe, il consacre ses expositions \u00e0 des \u0153uvres d\u2019art contemporain et divers objets manifestant la richesse du patrimoine national.<\/p>\n<p>Les amoureux de la litt\u00e9rature belge auront l\u2019occasion de c\u00f4toyer des auteurs locaux et \u00e9trangers lors de leur visite. Pour leur plus grand bonheur, le palais organise des colloques, des d\u00e9bats des spectacles musicaux et po\u00e9tiques dans lesquels de nombreux artistes participent. Ces \u00e9v\u00e9nements demeurent tr\u00e8s riches en d\u00e9couverte et en partage de connaissance gr\u00e2ce \u00e0 la collaboration de nombreux organismes locaux et internationaux.<\/p>\n<h2>Vd\u00e9o du Mus\u00e9e Bozar<\/h2>\n<p><iframe loading=\"lazy\" src=\"https:\/\/www.youtube.com\/embed\/ndwdpz1N5j0\" width=\"560\" height=\"315\" frameborder=\"0\" allowfullscreen=\"allowfullscreen\"><\/iframe><\/p>\n<h2>Le restaurant du Bozar et Bozar caf\u00e9<\/h2>\n<p>Le Bozar poss\u00e8de un <strong>restaurant<\/strong> \u00e0 l&rsquo;int\u00e9rieur.\u00a0 Il s&rsquo;agit d&rsquo;un des meilleurs restaurants de Belgique pour savourer un d\u00e9licieux moment <a href=\"https:\/\/www.insidebrussels.be\/V2\/bruxelles\/isaac-quels-sont-les-meilleures-restaurants-gastronomiques-a-bruxelles\/\">gastronomique<\/a>. Ce restaurant poss\u00e8de une\u00a0 \u00e9toile Michelin ainsi qu&rsquo;une note de 17 sur 20 dans le guide Gault &amp; Millau.\u00a0 Le chef Karen Torosyan ne cessera de vous surprendre. Le tout dans un cadre dessin\u00e9 HORTA pour une soir\u00e9e inoubliable. Il est accessible du \u200b\u200bmardi au vendredi : de 12h \u00e0 14h et de 18h \u00e0 21h45. Le Samedi : 18h \u2013 21h45.<\/p>\n<p>Egalement, le Bozare poss\u00e8de un caf\u00e9: <strong>le Bozar Caf\u00e9 Victor<\/strong>. Il est ouvert tous les jours : de 10h \u00e0 23h. La cuisine est ouverte de 11h30 \u00e0 21h<br \/>\nElle ferme une heure apr\u00e8s la fin de la derni\u00e8re repr\u00e9sentation. Offrez-vous le plaisir de partager vos impression et d\u00e9tendez-vous entre amis dans un magnifique cadre. Le Bozar Caf\u00e9 Victor vous propose un menu comprenant petit-d\u00e9jeuner, lunch, en-cas et diner.<\/p>\n<h2>Bozar adresse et contact<\/h2>\n<p>Call Center pour commander des tickets +32(0)25078200<br \/>\nAdresse Rue Ravenstein 23, 1000 Bruxelles<\/p>\n<h2>Les horaires du Bozar<\/h2>\n<p>Expositions sont accessibles du mardi \u2013 dimanche : 10h \u2013 18h<br \/>\nBozar est Ferm\u00e9 le lundi<\/p>\n","protected":false,"gt_translate_keys":[{"key":"rendered","format":"html"}]},"excerpt":{"rendered":"<p>Palais des Bozar: un joyau incontournable Le Palais des Beaux &#8211; Arts connu \u00e9galement sous<\/p>\n","protected":false,"gt_translate_keys":[{"key":"rendered","format":"html"}]},"author":4,"featured_media":2483,"comment_status":"open","ping_status":"open","sticky":false,"template":"","format":"standard","meta":{"_lmt_disableupdate":"","_lmt_disable":"","footnotes":""},"categories":[12,497,502],"tags":[],"class_list":["post-2481","post","type-post","status-publish","format-standard","has-post-thumbnail","hentry","category-bouger-a-bruxelles-choses-a-faire-et-visiter","category-tourisme-a-bruxelles","category-monuments-attractions-touristiques-bruxelles"],"modified_by":"pierre","amp_enabled":true,"gt_translate_keys":[{"key":"link","format":"url"}],"_links":{"self":[{"href":"https:\/\/www.insidebrussels.be\/V2\/wp-json\/wp\/v2\/posts\/2481","targetHints":{"allow":["GET"]}}],"collection":[{"href":"https:\/\/www.insidebrussels.be\/V2\/wp-json\/wp\/v2\/posts"}],"about":[{"href":"https:\/\/www.insidebrussels.be\/V2\/wp-json\/wp\/v2\/types\/post"}],"author":[{"embeddable":true,"href":"https:\/\/www.insidebrussels.be\/V2\/wp-json\/wp\/v2\/users\/4"}],"replies":[{"embeddable":true,"href":"https:\/\/www.insidebrussels.be\/V2\/wp-json\/wp\/v2\/comments?post=2481"}],"version-history":[{"count":3,"href":"https:\/\/www.insidebrussels.be\/V2\/wp-json\/wp\/v2\/posts\/2481\/revisions"}],"predecessor-version":[{"id":13922,"href":"https:\/\/www.insidebrussels.be\/V2\/wp-json\/wp\/v2\/posts\/2481\/revisions\/13922"}],"wp:featuredmedia":[{"embeddable":true,"href":"https:\/\/www.insidebrussels.be\/V2\/wp-json\/wp\/v2\/media\/2483"}],"wp:attachment":[{"href":"https:\/\/www.insidebrussels.be\/V2\/wp-json\/wp\/v2\/media?parent=2481"}],"wp:term":[{"taxonomy":"category","embeddable":true,"href":"https:\/\/www.insidebrussels.be\/V2\/wp-json\/wp\/v2\/categories?post=2481"},{"taxonomy":"post_tag","embeddable":true,"href":"https:\/\/www.insidebrussels.be\/V2\/wp-json\/wp\/v2\/tags?post=2481"}],"curies":[{"name":"wp","href":"https:\/\/api.w.org\/{rel}","templated":true}]}}