{"id":4832,"date":"2022-04-30T23:55:11","date_gmt":"2022-04-30T21:55:11","guid":{"rendered":"http:\/\/www.insidebrussels.be\/V0\/?p=4832"},"modified":"2022-11-16T20:51:14","modified_gmt":"2022-11-16T19:51:14","slug":"tram-experience-manger-dans-tram-a-bruxelles","status":"publish","type":"post","link":"https:\/\/www.insidebrussels.be\/V2\/bruxelles\/tram-experience-manger-dans-tram-a-bruxelles\/","title":{"rendered":"Tram Exp\u00e9rience : Manger dans un tram \u00e0 Bruxelles","gt_translate_keys":[{"key":"rendered","format":"text"}]},"content":{"rendered":"<h2 style=\"padding-left: 40px;\">Resto dans un tram \u00e0 Bruxelles: Tram Exp\u00e9rience<\/h2>\n<p>Soyez \u00e0 l&rsquo;heure, <strong>le tram Exp\u00e9rience n&rsquo;attendra pas!<\/strong> A 20h00 pile attachez vos ceintures, le restaurant s&rsquo;en va.<\/p>\n<p>Oui, vous ne r\u00eavez pas vous avez la Stib vous offre la possibilit\u00e9 de <strong>prendre un repas dans un Tram: <\/strong>le tram exp\u00e9rience. Tout au long de votre repas, pendant deux heures, vous traverserez les <strong>lieux mythiques de la capitale Belge<\/strong> comme l&rsquo;avenue Louise ou l&rsquo;avenue de Tervuren<\/p>\n<p>C\u00f4t\u00e9 <strong>confort<\/strong>, ne vous en faites pas. Ce tramway est <strong>bien plus confortable que le tram qui vous emm\u00e8ne au boulot chaque matin<\/strong>. Le tram dispose m\u00eame d&rsquo;un WC pour ceux qui auraient besoin en cours de route.<\/p>\n<h3>Quel est le menu du tram exp\u00e9rience \u00e0 Bruxelles?<\/h3>\n<blockquote class=\"instagram-media\" style=\"background: #FFF; border: 0; border-radius: 3px; box-shadow: 0 0 1px 0 rgba(0,0,0,0.5),0 1px 10px 0 rgba(0,0,0,0.15); margin: 1px; max-width: 540px; min-width: 326px; padding: 0; width: calc(100% - 2px);\" data-instgrm-captioned=\"\" data-instgrm-permalink=\"https:\/\/www.instagram.com\/p\/BuqRJrFAPNL\/?utm_source=ig_embed&amp;utm_campaign=loading\" data-instgrm-version=\"14\">\n<div style=\"padding: 16px;\">\n<p>&nbsp;<\/p>\n<div style=\"display: flex; flex-direction: row; align-items: center;\">\n<div style=\"background-color: #f4f4f4; border-radius: 50%; flex-grow: 0; height: 40px; margin-right: 14px; width: 40px;\"><\/div>\n<div style=\"display: flex; flex-direction: column; flex-grow: 1; justify-content: center;\">\n<div style=\"background-color: #f4f4f4; border-radius: 4px; flex-grow: 0; height: 14px; margin-bottom: 6px; width: 100px;\"><\/div>\n<div style=\"background-color: #f4f4f4; border-radius: 4px; flex-grow: 0; height: 14px; width: 60px;\"><\/div>\n<\/div>\n<\/div>\n<div style=\"padding: 19% 0;\"><\/div>\n<div style=\"display: block; height: 50px; margin: 0 auto 12px; width: 50px;\"><\/div>\n<div style=\"padding-top: 8px;\">\n<div style=\"color: #3897f0; font-family: Arial,sans-serif; font-size: 14px; font-style: normal; font-weight: 550; line-height: 18px;\">View this post on Instagram<\/div>\n<\/div>\n<div style=\"padding: 12.5% 0;\"><\/div>\n<div style=\"display: flex; flex-direction: row; margin-bottom: 14px; align-items: center;\">\n<div>\n<div style=\"background-color: #f4f4f4; border-radius: 50%; height: 12.5px; width: 12.5px; transform: translateX(0px) translateY(7px);\"><\/div>\n<div style=\"background-color: #f4f4f4; height: 12.5px; transform: rotate(-45deg) translateX(3px) translateY(1px); width: 12.5px; flex-grow: 0; margin-right: 14px; margin-left: 2px;\"><\/div>\n<div style=\"background-color: #f4f4f4; border-radius: 50%; height: 12.5px; width: 12.5px; transform: translateX(9px) translateY(-18px);\"><\/div>\n<\/div>\n<div style=\"margin-left: 8px;\">\n<div style=\"background-color: #f4f4f4; border-radius: 50%; flex-grow: 0; height: 20px; width: 20px;\"><\/div>\n<div style=\"width: 0; height: 0; border-top: 2px solid transparent; border-left: 6px solid #f4f4f4; border-bottom: 2px solid transparent; transform: translateX(16px) translateY(-4px) rotate(30deg);\"><\/div>\n<\/div>\n<div style=\"margin-left: auto;\">\n<div style=\"width: 0px; border-top: 8px solid #F4F4F4; border-right: 8px solid transparent; transform: translateY(16px);\"><\/div>\n<div style=\"background-color: #f4f4f4; flex-grow: 0; height: 12px; width: 16px; transform: translateY(-4px);\"><\/div>\n<div style=\"width: 0; height: 0; border-top: 8px solid #F4F4F4; border-left: 8px solid transparent; transform: translateY(-4px) translateX(8px);\"><\/div>\n<\/div>\n<\/div>\n<div style=\"display: flex; flex-direction: column; flex-grow: 1; justify-content: center; margin-bottom: 24px;\">\n<div style=\"background-color: #f4f4f4; border-radius: 4px; flex-grow: 0; height: 14px; margin-bottom: 6px; width: 224px;\"><\/div>\n<div style=\"background-color: #f4f4f4; border-radius: 4px; flex-grow: 0; height: 14px; width: 144px;\"><\/div>\n<\/div>\n<p>&nbsp;<\/p>\n<p style=\"color: #c9c8cd; font-family: Arial,sans-serif; font-size: 14px; line-height: 17px; margin-bottom: 0; margin-top: 8px; overflow: hidden; padding: 8px 0 7px; text-align: center; text-overflow: ellipsis; white-space: nowrap;\"><a style=\"color: #c9c8cd; font-family: Arial,sans-serif; font-size: 14px; font-style: normal; font-weight: normal; line-height: 17px; text-decoration: none;\" href=\"https:\/\/www.instagram.com\/p\/BuqRJrFAPNL\/?utm_source=ig_embed&amp;utm_campaign=loading\" target=\"_blank\" rel=\"noopener\">A post shared by POLLEN (@pollenmag)<\/a><\/p>\n<\/div>\n<\/blockquote>\n<p><script async src=\"\/\/www.instagram.com\/embed.js\"><\/script><br \/>\nAu menu de ce Tram Exp\u00e9rience, <strong>repas plusieurs services<\/strong> pens\u00e9 par des chefs venant des plus grandes villes gourmandes du monde. Le menu varie au fils des saisons (Un festin catalan, \u00c0 la d\u00e9couverte de la nouvelle cuisine culinaire nordique, Traditions de la gastronomie fran\u00e7aise ,etc&#8230;).<\/p>\n<p>Ne vous attendez cependant pas \u00e0 trouver \u00e0 bord <strong>les grands chefs<\/strong> qui ont pens\u00e9 ces menus. Ils ne seront pas \u00e0 bord.<\/p>\n<p>Les lieux de d\u00e9part du tram sont soit : Mus\u00e9e du Tram Tervuren soit la Place Poelaert. Certains jours <strong>deux d\u00e9parts Tram Exp\u00e9rience\u00a0<\/strong>sont pr\u00e9vus.<\/p>\n<h3>Que lest le prix du tram Exp\u00e9rience \u00e0 Bruxelles<\/h3>\n<p>Les prix d\u00e9butent \u00e0 partir de <strong>210\u20ac<\/strong> pour deux personnes (TVAC) , vous pourrez vous glisser dans l&rsquo;aventure. Ce prix du Tram exp\u00e9rience comprends deux menus possibles:<\/p>\n<ul>\n<li>Tram 6: <em>les mardis, mercredis, jeudis et dimanches,<\/em><\/li>\n<li>Tram Exp\u00e9rience 7: <em>les vendredis et samedis,<\/em><\/li>\n<\/ul>\n<div class=\"text\">\n<div class=\"cmp-text\">\n<p><strong><em>Menu \u00ab\u00a0Tram\u00a0\u00bb 6 services\u00a0<\/em><\/strong><\/p>\n<ul>\n<li>2 personnes : <strong>210\u20ac<\/strong>\u00a0(TVAC) +\u00a0<strong>2,50\u20ac<\/strong>\u00a0de frais de gestion<\/li>\n<li>4 personnes : <strong>420\u20ac<\/strong>\u00a0(TVAC) +\u00a0<strong>5\u20ac<\/strong>\u00a0de frais de gestion<\/li>\n<li>2 et 4 personnes : <strong>630\u20ac<\/strong>\u00a0(TVAC) +\u00a0<strong>7,50\u20ac<\/strong>\u00a0de frais de gestion<\/li>\n<\/ul>\n<p><strong><em>Menu \u00ab\u00a0Experience\u00a0\u00bb 7 services\u00a0<\/em><\/strong><\/p>\n<ul>\n<li>2 personnes :\u00a0<strong>260\u20ac<\/strong>\u00a0TVAC +<strong>\u00a02,50\u20ac<\/strong>\u00a0de frais de gestion<\/li>\n<li>4 personnes :<strong>\u00a0520\u20ac<\/strong>\u00a0TVAC +\u00a0<strong>5\u20ac<\/strong>\u00a0de frais de gestion<\/li>\n<li>2 et 4 personnes :\u00a0<strong>780\u20ac<\/strong>\u00a0TVAC +\u00a0<strong>7,50\u20ac<\/strong>\u00a0de frais de gestion<\/li>\n<\/ul>\n<\/div>\n<\/div>\n<p>Pas de coca, ni fanta, il n\u2019y a pas d\u2019autres boissons \u00e0 bord du Tram que du vins, des bulles, ou de l&rsquo;eau plate et p\u00e9taillante.<\/p>\n<p>C&rsquo;est l\u2019incontournable chef <a href=\"https:\/\/www.insidebrussels.be\/V2\/?s=Rigolet\"><strong>Lionel Rigolet<\/strong><\/a>* qui est cette ann\u00e9e le parrain du Tram Experience ! Gr\u00e2ce \u00e0 sa rigueur et son expertise, en tant que chef du restaurant \u00e9toil\u00e9 \u00ab\u00a0Comme chez Soi\u00a0\u00bb, vous donne une id\u00e9e de la qualit\u00e9 \u00e0 attendre dans le tram. Les plats sont r\u00e9alis\u00e9s \u00e0 bord avec l&rsquo;aide du chef Thibault Granville<\/p>\n<h3>En savoir plus sur la gastronomie \u00e0 Bruxelles<\/h3>\n<p>Ceci pourrait vous int\u00e9resser:<\/p>\n<ul>\n<li><a href=\"https:\/\/www.insidebrussels.be\/V2\/bruxelles\/isaac-quels-sont-les-meilleures-restaurants-gastronomiques-a-bruxelles\/\">restaurants gastronomiques \u00e0 Bruxelles<\/a><\/li>\n<li><a href=\"https:\/\/www.insidebrussels.be\/V2\/bruxelles\/restaurants-insolites-a-bruxelles\/\">restaurants insolites \u00e0 Bruxelles<\/a><\/li>\n<li><a href=\"https:\/\/www.insidebrussels.be\/V2\/bruxelles\/tout-savoir-sur-le-tram-a-bruxelles\/\">Tram Bruxellois, mode d&#8217;emploi<\/a><\/li>\n<\/ul>\n","protected":false,"gt_translate_keys":[{"key":"rendered","format":"html"}]},"excerpt":{"rendered":"<p>Resto dans un tram \u00e0 Bruxelles: Tram Exp\u00e9rience Soyez \u00e0 l&rsquo;heure, le tram Exp\u00e9rience n&rsquo;attendra<\/p>\n","protected":false,"gt_translate_keys":[{"key":"rendered","format":"html"}]},"author":1,"featured_media":13155,"comment_status":"open","ping_status":"open","sticky":false,"template":"","format":"standard","meta":{"_lmt_disableupdate":"","_lmt_disable":"","footnotes":""},"categories":[12,10],"tags":[58],"class_list":["post-4832","post","type-post","status-publish","format-standard","has-post-thumbnail","hentry","category-bouger-a-bruxelles-choses-a-faire-et-visiter","category-manger-a-bruxelles","tag-en-amoureux"],"modified_by":"pierre","amp_enabled":true,"gt_translate_keys":[{"key":"link","format":"url"}],"_links":{"self":[{"href":"https:\/\/www.insidebrussels.be\/V2\/wp-json\/wp\/v2\/posts\/4832","targetHints":{"allow":["GET"]}}],"collection":[{"href":"https:\/\/www.insidebrussels.be\/V2\/wp-json\/wp\/v2\/posts"}],"about":[{"href":"https:\/\/www.insidebrussels.be\/V2\/wp-json\/wp\/v2\/types\/post"}],"author":[{"embeddable":true,"href":"https:\/\/www.insidebrussels.be\/V2\/wp-json\/wp\/v2\/users\/1"}],"replies":[{"embeddable":true,"href":"https:\/\/www.insidebrussels.be\/V2\/wp-json\/wp\/v2\/comments?post=4832"}],"version-history":[{"count":7,"href":"https:\/\/www.insidebrussels.be\/V2\/wp-json\/wp\/v2\/posts\/4832\/revisions"}],"predecessor-version":[{"id":13157,"href":"https:\/\/www.insidebrussels.be\/V2\/wp-json\/wp\/v2\/posts\/4832\/revisions\/13157"}],"wp:featuredmedia":[{"embeddable":true,"href":"https:\/\/www.insidebrussels.be\/V2\/wp-json\/wp\/v2\/media\/13155"}],"wp:attachment":[{"href":"https:\/\/www.insidebrussels.be\/V2\/wp-json\/wp\/v2\/media?parent=4832"}],"wp:term":[{"taxonomy":"category","embeddable":true,"href":"https:\/\/www.insidebrussels.be\/V2\/wp-json\/wp\/v2\/categories?post=4832"},{"taxonomy":"post_tag","embeddable":true,"href":"https:\/\/www.insidebrussels.be\/V2\/wp-json\/wp\/v2\/tags?post=4832"}],"curies":[{"name":"wp","href":"https:\/\/api.w.org\/{rel}","templated":true}]}}