{"id":5094,"date":"2015-02-17T09:02:17","date_gmt":"2015-02-17T08:02:17","guid":{"rendered":"http:\/\/www.insidebrussels.be\/V0\/?p=5094"},"modified":"2023-01-17T22:38:15","modified_gmt":"2023-01-17T21:38:15","slug":"visiter-la-grande-place-de-bruxelles-tourisme","status":"publish","type":"post","link":"https:\/\/www.insidebrussels.be\/V2\/bruxelles\/visiter-la-grande-place-de-bruxelles-tourisme\/","title":{"rendered":"Visiter la Grand Place de Bruxelles","gt_translate_keys":[{"key":"rendered","format":"text"}]},"content":{"rendered":"<h2>La Grand-Place de Bruxelles, un endroit \u00e0 ne pas manquer!<\/h2>\n<p>Il s&rsquo;agit d&rsquo;une des plus belles places au monde ! N&rsquo;h\u00e9sitez donc pas \u00e0 la voir lors de votre visite de Bruxelles.\u00a0 La Grand Place de Bruxelles est constitu\u00e9e d&rsquo;un ensemble de b\u00e2timents nait vers la fin du XVIe constitue le c\u0153ur de Bruxelles. Chaque architecture refl\u00e8te la vivacit\u00e9 de la vie sociale et culturelle d\u2019un centre politique et commercial impressionnant.<\/p>\n<p><a href=\"https:\/\/www.insidebrussels.be\/V2\/bruxelles\/visiter-bruxelles-en-un-jours-cest-possible\/\">Si vous venez pour une journ\u00e9e<\/a> ou <a href=\"https:\/\/www.insidebrussels.be\/V2\/bruxelles\/visiter-bruxelles-en-un-weekend-les-immanquables\/\">un weekend \u00e0 Bruxelles<\/a>, ne manquez pas de passer par l\u00e0! N&rsquo;h\u00e9sitez pas \u00e0 <a href=\"https:\/\/www.insidebrussels.be\/V2\/bruxelles\/lunch-cher-grand-place-de-bruxeles\/\">prendre un pause lunch pr\u00e8s de la Grand-Place.<\/a> Certains restaurants ne sont pas hors de prix.<\/p>\n<h3>L&rsquo;architecture de la Grand Place<\/h3>\n<p><strong>La Grand-Place de Bruxelles <\/strong>repr\u00e9sente <strong>une fusion remarquable de <a href=\"https:\/\/www.insidebrussels.be\/V2\/bruxelles\/tag\/horta\/\">styles architecturaux<\/a><\/strong> et artistiques caract\u00e9risant la richesse culturelle de la r\u00e9gion. Elle est surtout l\u2019image de l\u2019\u00e9volution d\u2019une ville marchande du nord de L\u2019Europe. Victor Hugo l\u2019a d\u00e9crit comme l\u2019<strong>une des plus belles places du monde<\/strong>. Karl Marx a totalement succomb\u00e9 \u00e0 son charme. Elle devient <strong>patrimoine mondial de l\u2019UNESCO<\/strong> \u00e0 partir du 1998. Une fois sur cette place, vous vous sentirez entour\u00e9 de<a href=\"https:\/\/www.insidebrussels.be\/V2\/bruxelles\/les-chateaux-a-bruxelles-que-vous-navez-jamais-vu\/\"> Chateaux Bruxellois<\/a> dignent d&rsquo;un Harry Potter \u00e0 la Belge.<\/p>\n<figure id=\"attachment_9215\" aria-describedby=\"caption-attachment-9215\" style=\"width: 640px\" class=\"wp-caption aligncenter\"><img decoding=\"async\" class=\"wp-image-9215 size-large\" title=\"Visiter Bruxelles en un jour (c) Pixabay 1546290\" src=\"https:\/\/www.insidebrussels.be\/V2\/wp-content\/uploads\/2019\/03\/brussels-1546290_1280-1024x682.jpg\" alt=\"Visiter Bruxelles en un jours (c) Pixabay 1546290\" width=\"640\" height=\"426\" srcset=\"https:\/\/www.insidebrussels.be\/V2\/wp-content\/uploads\/2019\/03\/brussels-1546290_1280-1024x682.jpg 1024w, https:\/\/www.insidebrussels.be\/V2\/wp-content\/uploads\/2019\/03\/brussels-1546290_1280-300x200.jpg 300w, https:\/\/www.insidebrussels.be\/V2\/wp-content\/uploads\/2019\/03\/brussels-1546290_1280-768x512.jpg 768w, https:\/\/www.insidebrussels.be\/V2\/wp-content\/uploads\/2019\/03\/brussels-1546290_1280.jpg 1078w\" sizes=\"(max-width: 640px) 100vw, 640px\" \/><figcaption id=\"caption-attachment-9215\" class=\"wp-caption-text\">Visiter Bruxelles en un jour (c) Pixabay 1546290<\/figcaption><\/figure>\n<p>&nbsp;<\/p>\n<h3>Une place plein d&rsquo;histoire \u00e0 Bruxelles<\/h3>\n<figure id=\"attachment_8648\" aria-describedby=\"caption-attachment-8648\" style=\"width: 392px\" class=\"wp-caption aligncenter\"><img decoding=\"async\" class=\"wp-image-8648 \" title=\"Grand Place de Bruxelles - Visiter Bruxelles en 1 jour\" src=\"https:\/\/www.insidebrussels.be\/V2\/wp-content\/uploads\/2016\/08\/Screen-Shot-2017-06-24-at-01.35.48.png\" alt=\"Grand Place de Bruxelles - Visiter Bruxelles en 1 jour\" width=\"392\" height=\"392\" srcset=\"https:\/\/www.insidebrussels.be\/V2\/wp-content\/uploads\/2016\/08\/Screen-Shot-2017-06-24-at-01.35.48.png 602w, https:\/\/www.insidebrussels.be\/V2\/wp-content\/uploads\/2016\/08\/Screen-Shot-2017-06-24-at-01.35.48-150x150.png 150w, https:\/\/www.insidebrussels.be\/V2\/wp-content\/uploads\/2016\/08\/Screen-Shot-2017-06-24-at-01.35.48-300x300.png 300w, https:\/\/www.insidebrussels.be\/V2\/wp-content\/uploads\/2016\/08\/Screen-Shot-2017-06-24-at-01.35.48-600x600.png 600w\" sizes=\"(max-width: 392px) 100vw, 392px\" \/><figcaption id=\"caption-attachment-8648\" class=\"wp-caption-text\">Grand Place de Bruxelles &#8211; Visiter Bruxelles en 1 jour<\/figcaption><\/figure>\n<p>Appel\u00e9e initialement <strong>Nerdermarckt<\/strong>, la place n\u2019a h\u00e9rit\u00e9 de son nom actuel que durant les XVIIIes si\u00e8cles. Occupant la place d\u2019un important ancien march\u00e9 de Bruxelles, la Grande-Place de Bruxelles rassemble autour d\u2019elle, des \u00e9difices embl\u00e9matiques qui refl\u00e8tent une richesse architecturale unique. La Grand-Place est l\u2019image du succ\u00e8s de Bruxelles qui a r\u00e9ussi \u00e0 se relever d\u2019un terrible bombardement perp\u00e9tr\u00e9 par Louis XIV en1965 n\u2019\u00e9pargnant que quelques maisons et l\u2019<strong>H\u00f4tel de Ville<\/strong>. Construite entre 1401 et 1459, elle a h\u00e9rit\u00e9 d\u2019un <strong>style gothique impressionnant<\/strong>. \u00c0 son rez-de-chauss\u00e9e se trouvent diff\u00e9rentes galeries \u00e0 arcade. Le b\u00e2timent se d\u00e9marque surtout par une \u00e9l\u00e9gante tour culminant \u00e0 96 m\u00e8tres. En face se trouve <strong>la maison du roi<\/strong> devenue le mus\u00e9e de la ville. C\u2019est l\u2019une des architectures les plus imposantes de la Grande-Place construites vers le XVIe si\u00e8cle sous un style gothique flamboyant. En effet, malgr\u00e9 les travaux de reconstruction, la place a r\u00e9ussi \u00e0 garder sa richesse ornementale.<\/p>\n<h3>Quelles activit\u00e9s se d\u00e9roulent sur le \u00ab\u00a0<i>Grote Markt\u00a0\u00bb<\/i><\/h3>\n<p>La forme rectangulaire qu\u2019a h\u00e9rit\u00e9 la Grande-Place est issue d\u2019une multitude de travaux de modifications et d\u2018agrandissements qui n\u2019ont pris fin qu\u2019apr\u00e8s 1965. Situ\u00e9 <strong style=\"font-size: 16px;\">en plein c\u0153ur de Bruxelles<\/strong><span style=\"font-size: 16px;\">, le Grand-Place est le th\u00e9\u00e2tre de plusieurs <\/span><strong style=\"font-size: 16px;\">animations de jour comme de nuit<\/strong><span style=\"font-size: 16px;\">. Les caf\u00e9s et restaurants longent la place et offrent une vue magnifique sur la richesse architecturale des maisons depuis une terrasse. La Place change d\u2019aspect \u00e0 chaque moment de la journ\u00e9e. Si la matin\u00e9e, elle est le si\u00e8ge d\u2019un march\u00e9 de fleurs, le soir, elle s\u2019illumine pour renforcer <\/span><a style=\"font-size: 16px;\" href=\"https:\/\/collections.heritage.brussels\/fr\/objects\/36734\" target=\"_blank\" rel=\"noopener\">la beaut\u00e9 de ses fa\u00e7ades<\/a><span style=\"font-size: 16px;\">. Chaque ann\u00e9e, la Grand-Place re\u00e7oit <\/span><strong style=\"font-size: 16px;\">diff\u00e9rents \u00e9v\u00e8nements idylliques comme le Tapis de Fleurs<\/strong><span style=\"font-size: 16px;\"> qui s\u2019y d\u00e9roulent tous les deux ans ou <\/span><strong style=\"font-size: 16px;\">le Belgian Beer Weekend <\/strong><span style=\"font-size: 16px;\">et l\u2019<\/span><a style=\"font-size: 16px;\" href=\"https:\/\/www.insidebrussels.be\/V2\/bruxelles\/carolus-v-festival-ommegang-2015\/\">Ommegang, <strong>la reconstitution<\/strong> de la venue de Charles Quint \u00e0 Bruxelles.<\/a><\/p>\n<figure id=\"attachment_8753\" aria-describedby=\"caption-attachment-8753\" style=\"width: 300px\" class=\"wp-caption aligncenter\"><img decoding=\"async\" class=\"size-medium wp-image-8753\" src=\"https:\/\/www.insidebrussels.be\/V2\/wp-content\/uploads\/2017\/07\/19764322_320224711768031_2134272221223321600_n-300x300.jpg\" alt=\"\" width=\"300\" height=\"300\" srcset=\"https:\/\/www.insidebrussels.be\/V2\/wp-content\/uploads\/2017\/07\/19764322_320224711768031_2134272221223321600_n-300x300.jpg 300w, https:\/\/www.insidebrussels.be\/V2\/wp-content\/uploads\/2017\/07\/19764322_320224711768031_2134272221223321600_n-150x150.jpg 150w, https:\/\/www.insidebrussels.be\/V2\/wp-content\/uploads\/2017\/07\/19764322_320224711768031_2134272221223321600_n-768x768.jpg 768w, https:\/\/www.insidebrussels.be\/V2\/wp-content\/uploads\/2017\/07\/19764322_320224711768031_2134272221223321600_n-1024x1024.jpg 1024w, https:\/\/www.insidebrussels.be\/V2\/wp-content\/uploads\/2017\/07\/19764322_320224711768031_2134272221223321600_n-600x600.jpg 600w, https:\/\/www.insidebrussels.be\/V2\/wp-content\/uploads\/2017\/07\/19764322_320224711768031_2134272221223321600_n-640x640.jpg 640w, https:\/\/www.insidebrussels.be\/V2\/wp-content\/uploads\/2017\/07\/19764322_320224711768031_2134272221223321600_n.jpg 1080w\" sizes=\"(max-width: 300px) 100vw, 300px\" \/><figcaption id=\"caption-attachment-8753\" class=\"wp-caption-text\">#omegang #brussels sur la Grand-Place<\/figcaption><\/figure>\n<h3>A faire dans le centre de Bruxelles pr\u00e8s de la Grand-Place<\/h3>\n<ul>\n<li><a title=\"restaurant grand place bruxelles\" href=\"https:\/\/www.insidebrussels.be\/V2\/bruxelles\/lunch-cher-grand-place-de-bruxeles\/\">Restaurants et caf\u00e9s \u00e0 Proximit\u00e9 de la grande place de Bruxelles<\/a><\/li>\n<li><a href=\"https:\/\/www.insidebrussels.be\/V2\/bruxelles\/zinneke-piss-le-chien-qui-pisse-a-bruxelles\/\">Zineken Piss, le chien qui pisse pr\u00e8s de la Grand-Place<\/a><\/li>\n<li><a href=\"https:\/\/www.insidebrussels.be\/V2\/bruxelles\/isaac-les-10-meilleures-statues-insolites-a-voir-a-bruxelles\/\">Les statues c\u00e9l\u00e8bres du centre de Bruxelles<\/a><\/li>\n<li><a href=\"https:\/\/www.insidebrussels.be\/V2\/bruxelles\/decouvrez-le-nouveau-musee-de-lhotel-de-ville-de-bruxelles\/\">Le nouveau mus\u00e9e de l&rsquo;Hotel de Ville<\/a><\/li>\n<\/ul>\n<p>&nbsp;<\/p>\n","protected":false,"gt_translate_keys":[{"key":"rendered","format":"html"}]},"excerpt":{"rendered":"<p>La Grand-Place de Bruxelles, un endroit \u00e0 ne pas manquer! Il s&rsquo;agit d&rsquo;une des plus<\/p>\n","protected":false,"gt_translate_keys":[{"key":"rendered","format":"html"}]},"author":2,"featured_media":8755,"comment_status":"open","ping_status":"open","sticky":false,"template":"","format":"gallery","meta":{"_lmt_disableupdate":"","_lmt_disable":"","footnotes":""},"categories":[497,502],"tags":[47,48],"class_list":["post-5094","post","type-post","status-publish","format-gallery","has-post-thumbnail","hentry","category-tourisme-a-bruxelles","category-monuments-attractions-touristiques-bruxelles","tag-a-faire-le-dimanche","tag-gratuit","post_format-post-format-gallery"],"modified_by":"pierre","amp_enabled":true,"gt_translate_keys":[{"key":"link","format":"url"}],"_links":{"self":[{"href":"https:\/\/www.insidebrussels.be\/V2\/wp-json\/wp\/v2\/posts\/5094","targetHints":{"allow":["GET"]}}],"collection":[{"href":"https:\/\/www.insidebrussels.be\/V2\/wp-json\/wp\/v2\/posts"}],"about":[{"href":"https:\/\/www.insidebrussels.be\/V2\/wp-json\/wp\/v2\/types\/post"}],"author":[{"embeddable":true,"href":"https:\/\/www.insidebrussels.be\/V2\/wp-json\/wp\/v2\/users\/2"}],"replies":[{"embeddable":true,"href":"https:\/\/www.insidebrussels.be\/V2\/wp-json\/wp\/v2\/comments?post=5094"}],"version-history":[{"count":13,"href":"https:\/\/www.insidebrussels.be\/V2\/wp-json\/wp\/v2\/posts\/5094\/revisions"}],"predecessor-version":[{"id":14148,"href":"https:\/\/www.insidebrussels.be\/V2\/wp-json\/wp\/v2\/posts\/5094\/revisions\/14148"}],"wp:featuredmedia":[{"embeddable":true,"href":"https:\/\/www.insidebrussels.be\/V2\/wp-json\/wp\/v2\/media\/8755"}],"wp:attachment":[{"href":"https:\/\/www.insidebrussels.be\/V2\/wp-json\/wp\/v2\/media?parent=5094"}],"wp:term":[{"taxonomy":"category","embeddable":true,"href":"https:\/\/www.insidebrussels.be\/V2\/wp-json\/wp\/v2\/categories?post=5094"},{"taxonomy":"post_tag","embeddable":true,"href":"https:\/\/www.insidebrussels.be\/V2\/wp-json\/wp\/v2\/tags?post=5094"}],"curies":[{"name":"wp","href":"https:\/\/api.w.org\/{rel}","templated":true}]}}