{"id":6298,"date":"2015-06-28T22:38:09","date_gmt":"2015-06-28T20:38:09","guid":{"rendered":"http:\/\/www.insidebrussels.be\/V2\/?p=6298"},"modified":"2024-07-05T00:21:03","modified_gmt":"2024-07-04T22:21:03","slug":"meilleures-pizzerias-de-bruxelles","status":"publish","type":"post","link":"https:\/\/www.insidebrussels.be\/V2\/bruxelles\/meilleures-pizzerias-de-bruxelles\/","title":{"rendered":"Pizzas \u00e0 Bruxelles: 6 adresses qui vous feront vibrer les papilles !","gt_translate_keys":[{"key":"rendered","format":"text"}]},"content":{"rendered":"\n<p>La pizza, un plat universel qui r\u00e9gale les papilles gustatives du monde entier ! Et Bruxelles n&rsquo;est pas l&rsquo;exception, avec ses nombreuses pizzerias qui rivalisent de saveurs et d&rsquo;authenticit\u00e9.<\/p>\n\n\n\n<p>Que vous soyez amateur de pizzas classiques ou que vous recherchiez des cr\u00e9ations culinaires originales, la capitale belge a de quoi satisfaire toutes les envies.<\/p>\n\n\n\n<h2 class=\"wp-block-heading\">1. <strong>La Bottega della Pizza (Ixelles):<\/strong><\/h2>\n\n\n\n<figure class=\"wp-block-gallery has-nested-images columns-default is-cropped wp-block-gallery-2 is-layout-flex wp-block-gallery-is-layout-flex\">\n<figure class=\"wp-block-image size-large\"><a href=\"https:\/\/www.insidebrussels.be\/V2\/wp-content\/uploads\/2015\/08\/bottega.jpg\"><img decoding=\"async\" width=\"960\" height=\"720\" data-id=\"6754\" src=\"https:\/\/www.insidebrussels.be\/V2\/wp-content\/uploads\/2015\/08\/bottega.jpg\" alt=\"\" class=\"wp-image-6754\" srcset=\"https:\/\/www.insidebrussels.be\/V2\/wp-content\/uploads\/2015\/08\/bottega.jpg 960w, https:\/\/www.insidebrussels.be\/V2\/wp-content\/uploads\/2015\/08\/bottega-300x225.jpg 300w, https:\/\/www.insidebrussels.be\/V2\/wp-content\/uploads\/2015\/08\/bottega-600x450.jpg 600w\" sizes=\"(max-width: 960px) 100vw, 960px\" \/><\/a><figcaption class=\"wp-element-caption\">La bottega de la pizza (c) Photo Pierre Halleux<\/figcaption><\/figure>\n\n\n\n<figure class=\"wp-block-image size-large\"><a href=\"https:\/\/www.insidebrussels.be\/V2\/wp-content\/uploads\/2015\/06\/IMG_2256.jpg\"><img decoding=\"async\" width=\"1024\" height=\"768\" data-id=\"6303\" src=\"https:\/\/www.insidebrussels.be\/V2\/wp-content\/uploads\/2015\/06\/IMG_2256-1024x768.jpg\" alt=\"La bottega de la pizza (c) Photo Pierre Halleux\" class=\"wp-image-6303\" srcset=\"https:\/\/www.insidebrussels.be\/V2\/wp-content\/uploads\/2015\/06\/IMG_2256-1024x768.jpg 1024w, https:\/\/www.insidebrussels.be\/V2\/wp-content\/uploads\/2015\/06\/IMG_2256-300x225.jpg 300w, https:\/\/www.insidebrussels.be\/V2\/wp-content\/uploads\/2015\/06\/IMG_2256-600x450.jpg 600w, https:\/\/www.insidebrussels.be\/V2\/wp-content\/uploads\/2015\/06\/IMG_2256.jpg 1078w\" sizes=\"(max-width: 1024px) 100vw, 1024px\" \/><\/a><figcaption class=\"wp-element-caption\">La bottega de la pizza (c) Photo Pierre Halleux<\/figcaption><\/figure>\n\n\n\n<figure class=\"wp-block-image size-large\"><a href=\"https:\/\/www.insidebrussels.be\/V2\/wp-content\/uploads\/2015\/08\/IMG_2263-e1439842671321.jpg\"><img decoding=\"async\" width=\"1024\" height=\"768\" data-id=\"6731\" src=\"https:\/\/www.insidebrussels.be\/V2\/wp-content\/uploads\/2015\/08\/IMG_2263-1024x768.jpg\" alt=\"Bottega de la pizza\" class=\"wp-image-6731\"\/><\/a><figcaption class=\"wp-element-caption\">La bottega de la pizza (c) Photo Pierre Halleux<\/figcaption><\/figure>\n\n\n\n<figure class=\"wp-block-image size-large\"><a href=\"https:\/\/www.insidebrussels.be\/V2\/wp-content\/uploads\/2015\/08\/IMG_2265-e1439842663866.jpg\"><img decoding=\"async\" width=\"1024\" height=\"768\" data-id=\"6732\" src=\"https:\/\/www.insidebrussels.be\/V2\/wp-content\/uploads\/2015\/08\/IMG_2265-1024x768.jpg\" alt=\"Bottega de la pizza\" class=\"wp-image-6732\"\/><\/a><figcaption class=\"wp-element-caption\">La bottega de la pizza (c) Photo Pierre Halleux<\/figcaption><\/figure>\n\n\n\n<figure class=\"wp-block-image size-large\"><a href=\"https:\/\/www.insidebrussels.be\/V2\/wp-content\/uploads\/2015\/08\/IMG_2262-e1439842699622.jpg\"><img decoding=\"async\" width=\"1024\" height=\"768\" data-id=\"6730\" src=\"https:\/\/www.insidebrussels.be\/V2\/wp-content\/uploads\/2015\/08\/IMG_2262-1024x768.jpg\" alt=\"Bottega de la pizza\" class=\"wp-image-6730\"\/><\/a><figcaption class=\"wp-element-caption\">La bottega de la pizza (c) Photo Pierre Halleux<\/figcaption><\/figure>\n\n\n\n<figure class=\"wp-block-image size-large\"><a href=\"https:\/\/www.insidebrussels.be\/V2\/wp-content\/uploads\/2015\/06\/IMG_2256.jpg\"><img decoding=\"async\" width=\"1024\" height=\"768\" data-id=\"6303\" src=\"https:\/\/www.insidebrussels.be\/V2\/wp-content\/uploads\/2015\/06\/IMG_2256-1024x768.jpg\" alt=\"Bottega de la pizza\" class=\"wp-image-6303\" srcset=\"https:\/\/www.insidebrussels.be\/V2\/wp-content\/uploads\/2015\/06\/IMG_2256-1024x768.jpg 1024w, https:\/\/www.insidebrussels.be\/V2\/wp-content\/uploads\/2015\/06\/IMG_2256-300x225.jpg 300w, https:\/\/www.insidebrussels.be\/V2\/wp-content\/uploads\/2015\/06\/IMG_2256-600x450.jpg 600w, https:\/\/www.insidebrussels.be\/V2\/wp-content\/uploads\/2015\/06\/IMG_2256.jpg 1078w\" sizes=\"(max-width: 1024px) 100vw, 1024px\" \/><\/a><figcaption class=\"wp-element-caption\">La bottega de la pizza (c) Photo Pierre Halleux<\/figcaption><\/figure>\n\n\n\n<figure class=\"wp-block-image size-large\"><a href=\"https:\/\/www.insidebrussels.be\/V2\/wp-content\/uploads\/2015\/08\/La-Bottega-della-Pizza-1-e1439842784551.jpg\"><img decoding=\"async\" width=\"514\" height=\"277\" data-id=\"6741\" src=\"https:\/\/www.insidebrussels.be\/V2\/wp-content\/uploads\/2015\/08\/La-Bottega-della-Pizza-1-e1439842784551.jpg\" alt=\"\" class=\"wp-image-6741\" srcset=\"https:\/\/www.insidebrussels.be\/V2\/wp-content\/uploads\/2015\/08\/La-Bottega-della-Pizza-1-e1439842784551.jpg 514w, https:\/\/www.insidebrussels.be\/V2\/wp-content\/uploads\/2015\/08\/La-Bottega-della-Pizza-1-e1439842784551-300x162.jpg 300w\" sizes=\"(max-width: 514px) 100vw, 514px\" \/><\/a><figcaption class=\"wp-element-caption\">La bottega de la pizza Logo Officel<\/figcaption><\/figure>\n<\/figure>\n\n\n\n<p><\/p>\n\n\n\n<ol class=\"wp-block-list\" start=\"2\"><\/ol>\n\n\n\n<p>Un petit restaurant italien charmant qui vous transporte directement au pays de la Dolce Vita. <strong>Le menu, inscrit sur un tableau noir et uniquement en italien<\/strong>, vous invite \u00e0 un voyage gustatif authentique. Les pizzas, pr\u00e9par\u00e9es avec des produits frais et de saison, sont tout simplement inoubliables. Attention, <strong>pensez \u00e0 r\u00e9server<\/strong> car la r\u00e9putation de ce petit tr\u00e9sor n&rsquo;est plus \u00e0 faire!<\/p>\n\n\n\n<p><strong>Plats pr\u00e9f\u00e9r\u00e9s des clients:<\/strong><\/p>\n\n\n\n<ul class=\"wp-block-list\">\n<li>La pizza \u00ab\u00a0Margherita\u00a0\u00bb avec mozzarella fior di latte, tomates pel\u00e9es et basilic frais.<\/li>\n\n\n\n<li>La \u00ab\u00a0Tartufo\u00a0\u00bb garnie de mozzarella, speck, parmesan et truffe noire.<\/li>\n<\/ul>\n\n\n\n<p><\/p>\n\n\n\n<ul class=\"wp-block-list\">\n<li><strong>Heures d&rsquo;ouverture:<\/strong>\n<ul class=\"wp-block-list\">\n<li>Mardi \u00e0 samedi: 12h00 &#8211; 14h30 et 18h00 &#8211; 22h00<\/li>\n\n\n\n<li>Dimanche: Ferm\u00e9<\/li>\n<\/ul>\n<\/li>\n\n\n\n<li><strong><a href=\"https:\/\/www.la-bottega-della-pizza-sint-gillis.be\/?kwe&amp;&amp;adj_tracker=2i96ia4&amp;adj_campaign=20374299581&amp;k1111=k1111&amp;campaignname=CM_S_G_BEL_FR_%5BMINI%5D_%5BENGM%5D_SC_Sint-Gillis_9040049&amp;utm_source=google&amp;utm_medium=cpc&amp;utm_campaign=CM_S_G_BEL_FR_%5BMINI%5D_%5BENGM%5D_SC_Sint-Gillis_9040049&amp;gad_source=1&amp;gclid=CjwKCAjw7NmzBhBLEiwAxrHQ-W5KtWg2idxCAxJHr9dZX7nZleBTqYs5hSlHGMS8fzTgxP1pfxyPDRoCvmMQAvD_BwE&amp;gclsrc=aw.ds\" target=\"_blank\" rel=\"noreferrer noopener\">Site web<\/a><\/strong><\/li>\n\n\n\n<li><strong><a href=\"https:\/\/www.instagram.com\/explore\/locations\/281672242\/felina-la-bottega-della-pizza\/\" target=\"_blank\" rel=\"noreferrer noopener\">Instagram<\/a><\/strong><\/li>\n\n\n\n<li>Adresse: 39A&nbsp;Ducp\u00e9tiauxlaan 1060 Saint-Gilles<\/li>\n<\/ul>\n\n\n\n<h2 class=\"wp-block-heading\">2. NONA (Merode)<\/h2>\n\n\n\n<figure class=\"wp-block-gallery has-nested-images columns-default is-cropped wp-block-gallery-3 is-layout-flex wp-block-gallery-is-layout-flex\">\n<figure class=\"wp-block-image size-large\"><a href=\"https:\/\/www.insidebrussels.be\/V2\/wp-content\/uploads\/2024\/06\/C4F2A989-FDBB-4913-B91E-59755AAC86CC.jpeg\"><img decoding=\"async\" width=\"1024\" height=\"768\" data-id=\"16805\" src=\"https:\/\/www.insidebrussels.be\/V2\/wp-content\/uploads\/2024\/06\/C4F2A989-FDBB-4913-B91E-59755AAC86CC-1024x768.jpeg\" alt=\"Nona, de d\u00e9licieuses pizzas pr\u00e8s de M\u00e9rode (c) Photo Pierre Halleux\" class=\"wp-image-16805\" srcset=\"https:\/\/www.insidebrussels.be\/V2\/wp-content\/uploads\/2024\/06\/C4F2A989-FDBB-4913-B91E-59755AAC86CC-1024x768.jpeg 1024w, https:\/\/www.insidebrussels.be\/V2\/wp-content\/uploads\/2024\/06\/C4F2A989-FDBB-4913-B91E-59755AAC86CC-300x225.jpeg 300w, https:\/\/www.insidebrussels.be\/V2\/wp-content\/uploads\/2024\/06\/C4F2A989-FDBB-4913-B91E-59755AAC86CC-768x576.jpeg 768w, https:\/\/www.insidebrussels.be\/V2\/wp-content\/uploads\/2024\/06\/C4F2A989-FDBB-4913-B91E-59755AAC86CC-1536x1152.jpeg 1536w, https:\/\/www.insidebrussels.be\/V2\/wp-content\/uploads\/2024\/06\/C4F2A989-FDBB-4913-B91E-59755AAC86CC-720x540.jpeg 720w, https:\/\/www.insidebrussels.be\/V2\/wp-content\/uploads\/2024\/06\/C4F2A989-FDBB-4913-B91E-59755AAC86CC.jpeg 1920w\" sizes=\"(max-width: 1024px) 100vw, 1024px\" \/><\/a><figcaption class=\"wp-element-caption\">Nona, de d\u00e9licieuses pizzas pr\u00e8s de M\u00e9rode (c) Photo Pierre Halleux<\/figcaption><\/figure>\n\n\n\n<figure class=\"wp-block-image size-large\"><a href=\"https:\/\/www.insidebrussels.be\/V2\/wp-content\/uploads\/2024\/06\/2BBEBAD3-4E27-494B-86B7-FC646A0AD1F2.jpeg\"><img decoding=\"async\" width=\"1024\" height=\"1024\" data-id=\"16804\" src=\"https:\/\/www.insidebrussels.be\/V2\/wp-content\/uploads\/2024\/06\/2BBEBAD3-4E27-494B-86B7-FC646A0AD1F2-1024x1024.jpeg\" alt=\"Nona, le menu , de d\u00e9licieuses pizzas pr\u00e8s de M\u00e9rode (c) Photo Pierre Halleux\" class=\"wp-image-16804\" srcset=\"https:\/\/www.insidebrussels.be\/V2\/wp-content\/uploads\/2024\/06\/2BBEBAD3-4E27-494B-86B7-FC646A0AD1F2-1024x1024.jpeg 1024w, https:\/\/www.insidebrussels.be\/V2\/wp-content\/uploads\/2024\/06\/2BBEBAD3-4E27-494B-86B7-FC646A0AD1F2-300x300.jpeg 300w, https:\/\/www.insidebrussels.be\/V2\/wp-content\/uploads\/2024\/06\/2BBEBAD3-4E27-494B-86B7-FC646A0AD1F2-150x150.jpeg 150w, https:\/\/www.insidebrussels.be\/V2\/wp-content\/uploads\/2024\/06\/2BBEBAD3-4E27-494B-86B7-FC646A0AD1F2-768x768.jpeg 768w, https:\/\/www.insidebrussels.be\/V2\/wp-content\/uploads\/2024\/06\/2BBEBAD3-4E27-494B-86B7-FC646A0AD1F2-1536x1536.jpeg 1536w, https:\/\/www.insidebrussels.be\/V2\/wp-content\/uploads\/2024\/06\/2BBEBAD3-4E27-494B-86B7-FC646A0AD1F2.jpeg 1920w\" sizes=\"(max-width: 1024px) 100vw, 1024px\" \/><\/a><figcaption class=\"wp-element-caption\">Nona, le menu , de d\u00e9licieuses pizzas pr\u00e8s de M\u00e9rode (c) Photo Pierre Halleux<\/figcaption><\/figure>\n\n\n\n<figure class=\"wp-block-image size-large\"><a href=\"https:\/\/www.insidebrussels.be\/V2\/wp-content\/uploads\/2024\/06\/B3219B17-CCD1-4823-BDEE-E9523DA75EB5.jpeg\"><img decoding=\"async\" width=\"768\" height=\"1024\" data-id=\"16803\" src=\"https:\/\/www.insidebrussels.be\/V2\/wp-content\/uploads\/2024\/06\/B3219B17-CCD1-4823-BDEE-E9523DA75EB5-768x1024.jpeg\" alt=\"Nona, le menu , de d\u00e9licieuses pizzas pr\u00e8s de M\u00e9rode (c) Photo Pierre Halleux\" class=\"wp-image-16803\" srcset=\"https:\/\/www.insidebrussels.be\/V2\/wp-content\/uploads\/2024\/06\/B3219B17-CCD1-4823-BDEE-E9523DA75EB5-768x1024.jpeg 768w, https:\/\/www.insidebrussels.be\/V2\/wp-content\/uploads\/2024\/06\/B3219B17-CCD1-4823-BDEE-E9523DA75EB5-225x300.jpeg 225w, https:\/\/www.insidebrussels.be\/V2\/wp-content\/uploads\/2024\/06\/B3219B17-CCD1-4823-BDEE-E9523DA75EB5-1152x1536.jpeg 1152w, https:\/\/www.insidebrussels.be\/V2\/wp-content\/uploads\/2024\/06\/B3219B17-CCD1-4823-BDEE-E9523DA75EB5-450x600.jpeg 450w, https:\/\/www.insidebrussels.be\/V2\/wp-content\/uploads\/2024\/06\/B3219B17-CCD1-4823-BDEE-E9523DA75EB5.jpeg 1440w\" sizes=\"(max-width: 768px) 100vw, 768px\" \/><\/a><figcaption class=\"wp-element-caption\">Nona, le menu , de d\u00e9licieuses pizzas pr\u00e8s de M\u00e9rode (c) Photo Pierre Halleux<\/figcaption><\/figure>\n\n\n\n<figure class=\"wp-block-image size-large\"><a href=\"https:\/\/www.insidebrussels.be\/V2\/wp-content\/uploads\/2024\/06\/FC7EB351-0F61-420C-8B62-80664D755366.jpeg\"><img decoding=\"async\" width=\"1024\" height=\"768\" data-id=\"16802\" src=\"https:\/\/www.insidebrussels.be\/V2\/wp-content\/uploads\/2024\/06\/FC7EB351-0F61-420C-8B62-80664D755366-1024x768.jpeg\" alt=\"Nona , de d\u00e9licieuses pizzas pr\u00e8s de M\u00e9rode (c) Photo Pierre Halleux\" class=\"wp-image-16802\" srcset=\"https:\/\/www.insidebrussels.be\/V2\/wp-content\/uploads\/2024\/06\/FC7EB351-0F61-420C-8B62-80664D755366-1024x768.jpeg 1024w, https:\/\/www.insidebrussels.be\/V2\/wp-content\/uploads\/2024\/06\/FC7EB351-0F61-420C-8B62-80664D755366-300x225.jpeg 300w, https:\/\/www.insidebrussels.be\/V2\/wp-content\/uploads\/2024\/06\/FC7EB351-0F61-420C-8B62-80664D755366-768x576.jpeg 768w, https:\/\/www.insidebrussels.be\/V2\/wp-content\/uploads\/2024\/06\/FC7EB351-0F61-420C-8B62-80664D755366-1536x1152.jpeg 1536w, https:\/\/www.insidebrussels.be\/V2\/wp-content\/uploads\/2024\/06\/FC7EB351-0F61-420C-8B62-80664D755366-720x540.jpeg 720w, https:\/\/www.insidebrussels.be\/V2\/wp-content\/uploads\/2024\/06\/FC7EB351-0F61-420C-8B62-80664D755366.jpeg 1920w\" sizes=\"(max-width: 1024px) 100vw, 1024px\" \/><\/a><figcaption class=\"wp-element-caption\">Nona, de d\u00e9licieuses pizzas pr\u00e8s de M\u00e9rode (c) Photo Pierre Halleux<\/figcaption><\/figure>\n\n\n\n<figure class=\"wp-block-image size-large\"><a href=\"https:\/\/www.insidebrussels.be\/V2\/wp-content\/uploads\/2024\/06\/4210FEA2-C19E-411E-95C1-A5F6C75FB202.jpeg\"><img decoding=\"async\" width=\"1024\" height=\"1024\" data-id=\"16801\" src=\"https:\/\/www.insidebrussels.be\/V2\/wp-content\/uploads\/2024\/06\/4210FEA2-C19E-411E-95C1-A5F6C75FB202-1024x1024.jpeg\" alt=\"Nona, , de d\u00e9licieuses pizzas pr\u00e8s de M\u00e9rode (c) Photo Pierre Halleux\" class=\"wp-image-16801\" srcset=\"https:\/\/www.insidebrussels.be\/V2\/wp-content\/uploads\/2024\/06\/4210FEA2-C19E-411E-95C1-A5F6C75FB202-1024x1024.jpeg 1024w, https:\/\/www.insidebrussels.be\/V2\/wp-content\/uploads\/2024\/06\/4210FEA2-C19E-411E-95C1-A5F6C75FB202-300x300.jpeg 300w, https:\/\/www.insidebrussels.be\/V2\/wp-content\/uploads\/2024\/06\/4210FEA2-C19E-411E-95C1-A5F6C75FB202-150x150.jpeg 150w, https:\/\/www.insidebrussels.be\/V2\/wp-content\/uploads\/2024\/06\/4210FEA2-C19E-411E-95C1-A5F6C75FB202-768x768.jpeg 768w, https:\/\/www.insidebrussels.be\/V2\/wp-content\/uploads\/2024\/06\/4210FEA2-C19E-411E-95C1-A5F6C75FB202-1536x1536.jpeg 1536w, https:\/\/www.insidebrussels.be\/V2\/wp-content\/uploads\/2024\/06\/4210FEA2-C19E-411E-95C1-A5F6C75FB202.jpeg 1920w\" sizes=\"(max-width: 1024px) 100vw, 1024px\" \/><\/a><figcaption class=\"wp-element-caption\">Nona,  , de d\u00e9licieuses pizzas pr\u00e8s de M\u00e9rode (c) Photo Pierre Halleux<\/figcaption><\/figure>\n\n\n\n<figure class=\"wp-block-image size-large\"><a href=\"https:\/\/www.insidebrussels.be\/V2\/wp-content\/uploads\/2024\/06\/3E5EFBA7-AD9B-4AD8-95CA-9193A2DC7F0B.jpeg\"><img decoding=\"async\" width=\"1024\" height=\"768\" data-id=\"16800\" src=\"https:\/\/www.insidebrussels.be\/V2\/wp-content\/uploads\/2024\/06\/3E5EFBA7-AD9B-4AD8-95CA-9193A2DC7F0B-1024x768.jpeg\" alt=\"Nona, , de d\u00e9licieuses pizzas pr\u00e8s de M\u00e9rode (c) Photo Pierre Halleux\" class=\"wp-image-16800\" srcset=\"https:\/\/www.insidebrussels.be\/V2\/wp-content\/uploads\/2024\/06\/3E5EFBA7-AD9B-4AD8-95CA-9193A2DC7F0B-1024x768.jpeg 1024w, https:\/\/www.insidebrussels.be\/V2\/wp-content\/uploads\/2024\/06\/3E5EFBA7-AD9B-4AD8-95CA-9193A2DC7F0B-300x225.jpeg 300w, https:\/\/www.insidebrussels.be\/V2\/wp-content\/uploads\/2024\/06\/3E5EFBA7-AD9B-4AD8-95CA-9193A2DC7F0B-768x576.jpeg 768w, https:\/\/www.insidebrussels.be\/V2\/wp-content\/uploads\/2024\/06\/3E5EFBA7-AD9B-4AD8-95CA-9193A2DC7F0B-1536x1152.jpeg 1536w, https:\/\/www.insidebrussels.be\/V2\/wp-content\/uploads\/2024\/06\/3E5EFBA7-AD9B-4AD8-95CA-9193A2DC7F0B-720x540.jpeg 720w, https:\/\/www.insidebrussels.be\/V2\/wp-content\/uploads\/2024\/06\/3E5EFBA7-AD9B-4AD8-95CA-9193A2DC7F0B.jpeg 1920w\" sizes=\"(max-width: 1024px) 100vw, 1024px\" \/><\/a><figcaption class=\"wp-element-caption\">Nona,  , de d\u00e9licieuses pizzas pr\u00e8s de M\u00e9rode (c) Photo Pierre Halleux<\/figcaption><\/figure>\n<\/figure>\n\n\n\n<ul class=\"wp-block-list\"><\/ul>\n\n\n\n<p>Situ\u00e9e \u00e0 Etterbeek, Nona Pizza M\u00e9rode est une pizzeria conviviale qui propose des pizzas napolitaines authentiques cuites au feu de bois. <strong>La p\u00e2te fine et croustillante est garnie d&rsquo;ingr\u00e9dients frais et de qualit\u00e9<\/strong>, provenant d&rsquo;Italie. La carte propose un large choix de pizzas classiques et originales, ainsi que des salades et des desserts. L&rsquo;ambiance est chaleureuse et familiale, et le service est impeccable. <\/p>\n\n\n\n<p><a href=\"https:\/\/www.insidebrussels.be\/V2\/bruxelles\/les-restaurants-pas-chers-a-bruxelles\/\">Nona fait partie des restaurants o\u00f9 on peut manger \u00e0 moins de 15\u20ac<\/a><\/p>\n\n\n\n<p><strong>Plats pr\u00e9f\u00e9r\u00e9s des clients:<\/strong><\/p>\n\n\n\n<ul class=\"wp-block-list\">\n<li>La pizza \u00ab\u00a0Margherita\u00a0\u00bb avec mozzarella fior di latte, tomates pel\u00e9es et basilic frais. Simple et pas cher<\/li>\n\n\n\n<li>La \u00ab\u00a0Diavola\u00a0\u00bb garnie de mozzarella, salami piquant et piment.<\/li>\n<\/ul>\n\n\n\n<p>Info: <\/p>\n\n\n\n<ul class=\"wp-block-list\">\n<li><strong>Heures d&rsquo;ouverture:<\/strong> Mardi \u00e0 dimanche: 12h00 &#8211; 14h30 et 18h00 &#8211; 22h30<\/li>\n\n\n\n<li><strong><a href=\"https:\/\/www.nonalife.com\/good-food\" target=\"_blank\" rel=\"noreferrer noopener\">Site web:<\/a><\/strong> <\/li>\n\n\n\n<li><strong>Instagram:<\/strong> [URL non valide supprim\u00e9e]<\/li>\n\n\n\n<li><strong>T\u00e9l\u00e9phone:<\/strong> +32 2 347 72 71<\/li>\n<\/ul>\n\n\n\n<h2 class=\"wp-block-heading\">3. Chez Val\u00e9rio<\/h2>\n\n\n\n<figure class=\"wp-block-gallery has-nested-images columns-default is-cropped wp-block-gallery-4 is-layout-flex wp-block-gallery-is-layout-flex\">\n<figure class=\"wp-block-image size-large\"><a href=\"https:\/\/www.insidebrussels.be\/V2\/wp-content\/uploads\/2015\/06\/P1040487.jpg\"><img decoding=\"async\" width=\"1024\" height=\"768\" data-id=\"6305\" src=\"https:\/\/www.insidebrussels.be\/V2\/wp-content\/uploads\/2015\/06\/P1040487-1024x768.jpg\" alt=\"Chez Val\u00e9rio (c) Pierre Halleux\" class=\"wp-image-6305\" srcset=\"https:\/\/www.insidebrussels.be\/V2\/wp-content\/uploads\/2015\/06\/P1040487-1024x768.jpg 1024w, https:\/\/www.insidebrussels.be\/V2\/wp-content\/uploads\/2015\/06\/P1040487-300x225.jpg 300w, https:\/\/www.insidebrussels.be\/V2\/wp-content\/uploads\/2015\/06\/P1040487-600x450.jpg 600w, https:\/\/www.insidebrussels.be\/V2\/wp-content\/uploads\/2015\/06\/P1040487.jpg 1078w\" sizes=\"(max-width: 1024px) 100vw, 1024px\" \/><\/a><figcaption class=\"wp-element-caption\">Chez Val\u00e9rio (c) Pierre Halleux<\/figcaption><\/figure>\n<\/figure>\n\n\n\n<p>Situ\u00e9e \u00e0 Ixelles, Chez Valerio est une <strong>pizzeria familiale<\/strong> qui propose des <strong>pizzas authentiques et savoureuses <\/strong>depuis plus de 20 ans. Leur p\u00e2te moelleuse et l\u00e9g\u00e8rement croustillante est cuite au four \u00e0 bois et garnie d&rsquo;ingr\u00e9dients <strong>frais et de qualit\u00e9<\/strong>. La carte propose un large choix de pizzas classiques et originales, ainsi que des p\u00e2tes et des salades. <strong>L&rsquo;ambiance est chaleureuse et conviviale,<\/strong> et le service est impeccable. Nous y sommes all\u00e9s tous les mercredi pendant 3 dans lors de nos cours \u00e0 la VUB<\/p>\n\n\n\n<p><strong>Plats pr\u00e9f\u00e9r\u00e9s des clients:<\/strong><\/p>\n\n\n\n<ul class=\"wp-block-list\">\n<li>La pizza \u00ab\u00a0Valerio\u00a0\u00bb avec mozzarella, champignons, jambon, artichaut, salami et origan.<\/li>\n\n\n\n<li>La \u00ab\u00a0Quattro Stagioni\u00a0\u00bb garnie de mozzarella, jambon, champignons, artichauts et olives.<\/li>\n\n\n\n<li><strong>Heures d&rsquo;ouverture:<\/strong>\n<ul class=\"wp-block-list\">\n<li>Mardi \u00e0 samedi: 12h00 &#8211; 14h30 et 18h00 &#8211; 22h30<\/li>\n\n\n\n<li>Dimanche: Ferm\u00e9<\/li>\n<\/ul>\n<\/li>\n\n\n\n<li><strong><a href=\"https:\/\/www.instagram.com\/valerio.pizzeria\/?__d=11\" target=\"_blank\" rel=\"noreferrer noopener\">Instagram<\/a>:<\/strong> <\/li>\n<\/ul>\n\n\n\n<h2 class=\"wp-block-heading\"><strong>3<\/strong>. <strong>Saco Pizza Bar (Schaerbeek):<\/strong><\/h2>\n\n\n\n<figure class=\"wp-block-gallery has-nested-images columns-default is-cropped wp-block-gallery-5 is-layout-flex wp-block-gallery-is-layout-flex\">\n<figure class=\"wp-block-image size-large\"><a href=\"https:\/\/www.insidebrussels.be\/V2\/wp-content\/uploads\/2015\/06\/saco_pizza.jpg\"><img decoding=\"async\" width=\"960\" height=\"543\" data-id=\"6316\" src=\"https:\/\/www.insidebrussels.be\/V2\/wp-content\/uploads\/2015\/06\/saco_pizza.jpg\" alt=\"Saco Pizza (c) PIerre Halleux\" class=\"wp-image-6316\" srcset=\"https:\/\/www.insidebrussels.be\/V2\/wp-content\/uploads\/2015\/06\/saco_pizza.jpg 960w, https:\/\/www.insidebrussels.be\/V2\/wp-content\/uploads\/2015\/06\/saco_pizza-300x170.jpg 300w, https:\/\/www.insidebrussels.be\/V2\/wp-content\/uploads\/2015\/06\/saco_pizza-600x339.jpg 600w\" sizes=\"(max-width: 960px) 100vw, 960px\" \/><\/a><figcaption class=\"wp-element-caption\">Saco Pizza (c) PIerre Halleux<\/figcaption><\/figure>\n<\/figure>\n\n\n\n<ol class=\"wp-block-list\" start=\"3\"><\/ol>\n\n\n\n<p>Avis aux amateurs de pizzas cuites au feu de bois ! Chez Saco, le choix est roi avec <strong>une multitude de pizzas all\u00e9chantes qui raviront tous les gourmets.<\/strong> <strong>Produits frais<\/strong>, cuisson parfaite et ambiance conviviale, tout est r\u00e9uni pour un moment pizza inoubliable. Conseil : <strong>Pr\u00e9voyez un peu d&rsquo;attente,<\/strong> surtout le weekend, car le succ\u00e8s est au rendez-vous!<\/p>\n\n\n\n<p><strong>Plats pr\u00e9f\u00e9r\u00e9s des clients:<\/strong><\/p>\n\n\n\n<ul class=\"wp-block-list\">\n<li>La pizza \u00ab\u00a0Saco\u00a0\u00bb avec mozzarella, speck, champignons, oignons et artichauts.<\/li>\n\n\n\n<li>La \u00ab\u00a0Diavola\u00a0\u00bb garnie de mozzarella, salami piquant et piment.<\/li>\n\n\n\n<li><strong>Heures d&rsquo;ouverture:<\/strong>\n<ul class=\"wp-block-list\">\n<li>Tous les jours: 12h00 &#8211; 14h30 et 18h00 &#8211; 22h30<\/li>\n<\/ul>\n<\/li>\n\n\n\n<li><strong>Site web:<\/strong> <a href=\"https:\/\/www.sacohouseofpizza.com\/\" target=\"_blank\" rel=\"noreferrer noopener\">https:\/\/www.sacohouseofpizza.com\/<\/a><\/li>\n\n\n\n<li><strong>Instagram:<\/strong> <a href=\"https:\/\/www.instagram.com\/saccopizza\/?hl=en\" target=\"_blank\" rel=\"noreferrer noopener\">https:\/\/www.instagram.com\/saccopizza\/?hl=en<\/a><\/li>\n<\/ul>\n\n\n\n<h2 class=\"wp-block-heading\">4. <strong>Pizzeria Cosi Com\u00e8 (Forest):<\/strong><\/h2>\n\n\n\n<ol class=\"wp-block-list\" start=\"4\"><\/ol>\n\n\n\n<p>Pour les amateurs de pizzas \u00e0 <strong>p\u00e2te fine et \u00e0 prix raisonnable<\/strong>, Cosi Com\u00e8 est l&rsquo;adresse id\u00e9ale. Pizzas savoureuses, p\u00e2tes d\u00e9licieuses et cadre chaleureux font de cette pizzeria un incontournable du quartier. Que vous soyez sur place ou \u00e0 emporter, vous ne serez pas d\u00e9\u00e7us !<\/p>\n\n\n\n<p><strong>Plats pr\u00e9f\u00e9r\u00e9s des clients:<\/strong><\/p>\n\n\n\n<ul class=\"wp-block-list\">\n<li>La pizza \u00ab\u00a0Cosi Com\u00e8\u00a0\u00bb avec mozzarella, tomates pel\u00e9es, basilic frais, parmesan et huile d&rsquo;olive extra vierge.<\/li>\n\n\n\n<li>La \u00ab\u00a0Quattro Formaggi\u00a0\u00bb garnie de mozzarella, gorgonzola, fontina et parmesan.<\/li>\n\n\n\n<li><strong>Heures d&rsquo;ouverture:<\/strong>\n<ul class=\"wp-block-list\">\n<li>Mardi \u00e0 dimanche: 12h00 &#8211; 14h30 et 18h00 &#8211; 22h00<\/li>\n<\/ul>\n<\/li>\n\n\n\n<li><a href=\"https:\/\/cosicome.be\/\" target=\"_blank\" rel=\"noreferrer noopener\"><strong>Site web:<\/strong><\/a><\/li>\n\n\n\n<li>Prix : 12\u20ac &#8211; 21\u20ac<\/li>\n\n\n\n<li><strong><a href=\"https:\/\/www.instagram.com\/igcomesfirst\/p\/C24qDwBh0_C\/\" target=\"_blank\" rel=\"noreferrer noopener\">Instagram<\/a><\/strong><\/li>\n<\/ul>\n\n\n\n<h2 class=\"wp-block-heading\">5. <strong>Posto Al Sole (Saint-Gilles)<\/strong><\/h2>\n\n\n\n<ol class=\"wp-block-list\"><\/ol>\n\n\n\n<p>Connue sous le nom affectueux de \u00ab\u00a0Chez Momo\u00a0\u00bb, cette pizzeria propose un concept unique: des pizzas au m\u00e8tre! Parfait pour partager entre amis et savourer diff\u00e9rentes saveurs. <strong>Les ingr\u00e9dients, import\u00e9s directement d&rsquo;Italie chaque semaine<\/strong>, garantissent une qualit\u00e9 et une authenticit\u00e9 irr\u00e9prochables.<\/p>\n\n\n\n<p><strong>Plats pr\u00e9f\u00e9r\u00e9s des clients:<\/strong><\/p>\n\n\n\n<ul class=\"wp-block-list\">\n<li>La pizza \u00ab\u00a0Posto Al Sole\u00a0\u00bb avec mozzarella fior di latte, tomates pel\u00e9es, basilic frais, parmesan et huile d&rsquo;olive extra vierge.<\/li>\n\n\n\n<li>La \u00ab\u00a0Calzone\u00a0\u00bb garnie de ricotta, mozzarella, jambon cuit, champignons et salami.<\/li>\n\n\n\n<li><strong>Heures d&rsquo;ouverture:<\/strong>\n<ul class=\"wp-block-list\">\n<li>Mardi \u00e0 samedi: 12h00 &#8211; 14h30 et 18h00 &#8211; 22h30<\/li>\n\n\n\n<li>Dimanche: 12h00 &#8211; 14h30<\/li>\n<\/ul>\n<\/li>\n\n\n\n<li><strong>Site web<\/strong><\/li>\n\n\n\n<li><strong>Prix Pizza<\/strong> : 7\u20ac &#8211; 16\u20ac50<\/li>\n<\/ul>\n\n\n","protected":false,"gt_translate_keys":[{"key":"rendered","format":"html"}]},"excerpt":{"rendered":"<p>La pizza, un plat universel qui r\u00e9gale les papilles gustatives du monde entier ! Et<\/p>\n","protected":false,"gt_translate_keys":[{"key":"rendered","format":"html"}]},"author":1,"featured_media":16803,"comment_status":"open","ping_status":"open","sticky":false,"template":"","format":"gallery","meta":{"_lmt_disableupdate":"no","_lmt_disable":"","footnotes":""},"categories":[10],"tags":[5067],"class_list":["post-6298","post","type-post","status-publish","format-gallery","has-post-thumbnail","hentry","category-manger-a-bruxelles","tag-best-of-restaurants","post_format-post-format-gallery"],"modified_by":"pierre","amp_enabled":true,"gt_translate_keys":[{"key":"link","format":"url"}],"_links":{"self":[{"href":"https:\/\/www.insidebrussels.be\/V2\/wp-json\/wp\/v2\/posts\/6298","targetHints":{"allow":["GET"]}}],"collection":[{"href":"https:\/\/www.insidebrussels.be\/V2\/wp-json\/wp\/v2\/posts"}],"about":[{"href":"https:\/\/www.insidebrussels.be\/V2\/wp-json\/wp\/v2\/types\/post"}],"author":[{"embeddable":true,"href":"https:\/\/www.insidebrussels.be\/V2\/wp-json\/wp\/v2\/users\/1"}],"replies":[{"embeddable":true,"href":"https:\/\/www.insidebrussels.be\/V2\/wp-json\/wp\/v2\/comments?post=6298"}],"version-history":[{"count":40,"href":"https:\/\/www.insidebrussels.be\/V2\/wp-json\/wp\/v2\/posts\/6298\/revisions"}],"predecessor-version":[{"id":17079,"href":"https:\/\/www.insidebrussels.be\/V2\/wp-json\/wp\/v2\/posts\/6298\/revisions\/17079"}],"wp:featuredmedia":[{"embeddable":true,"href":"https:\/\/www.insidebrussels.be\/V2\/wp-json\/wp\/v2\/media\/16803"}],"wp:attachment":[{"href":"https:\/\/www.insidebrussels.be\/V2\/wp-json\/wp\/v2\/media?parent=6298"}],"wp:term":[{"taxonomy":"category","embeddable":true,"href":"https:\/\/www.insidebrussels.be\/V2\/wp-json\/wp\/v2\/categories?post=6298"},{"taxonomy":"post_tag","embeddable":true,"href":"https:\/\/www.insidebrussels.be\/V2\/wp-json\/wp\/v2\/tags?post=6298"}],"curies":[{"name":"wp","href":"https:\/\/api.w.org\/{rel}","templated":true}]}}