{"id":6869,"date":"2015-09-14T21:49:06","date_gmt":"2015-09-14T19:49:06","guid":{"rendered":"http:\/\/www.insidebrussels.be\/V2\/?p=6869"},"modified":"2023-10-10T22:07:33","modified_gmt":"2023-10-10T20:07:33","slug":"pop-in-the-city-a-bruxelles","status":"publish","type":"post","link":"https:\/\/www.insidebrussels.be\/V2\/bruxelles\/pop-in-the-city-a-bruxelles\/","title":{"rendered":"Pop in the city d\u00e9barque \u00e0 Bruxelles","gt_translate_keys":[{"key":"rendered","format":"text"}]},"content":{"rendered":"<h1>Pop in the city d\u00e9barque \u00e0 Bruxelles<\/h1>\n<p>Pop in the city : kesako ? Une vingtaine de <strong>d\u00e9fis \u00e0 relever<\/strong>, des centaines de <strong>nanas surmotiv\u00e9es<\/strong>, une course contre la montre effr\u00e9n\u00e9e et des souvenirs inoubliables : c\u2019est le cocktail d\u00e9tonant que propose <strong>Pop in the city !<\/strong><\/p>\n<h2>Le concept \u00ab Pop in \u00bb<\/h2>\n<p>Pop in the city (\u00ab Pop in \u00bb pour les intimes !) est le<strong> premier raid urbain 100% f\u00e9minin<\/strong>. Sur une journ\u00e9e des \u00e9quipes compos\u00e9es de deux femmes doivent r\u00e9ussir un maximum de <strong>challenges<\/strong> parmi les <strong>cinq th\u00e8mes<\/strong> : extr\u00eame, sport, art, culture, solidarit\u00e9. A l\u2019aide de leur road book, les \u00e9quipes doivent deviner o\u00f9 dans la ville sont situ\u00e9s les d\u00e9fis et en relever autant que possible avant de passer la ligne d\u2019arriv\u00e9e \u00e0 17h. Les gagnantes r\u00e9ussissent en g\u00e9n\u00e9ral entre <strong>15 \u00e0 20 challenges en 8h de temps<\/strong> ; les popeuses ne trainent pas ! Cette super vid\u00e9o vous expliquera en d\u00e9tails le concept Pop in the city avec des images de l\u2019\u00e9dition \u00e0 Utrecht :<\/p>\n<p>Pop in the city s\u2019est d\u00e9j\u00e0 d\u00e9roul\u00e9 dans plusieurs villes europ\u00e9ennes : \u00e0 chaque \u00e9dition, une nouvelle destination. Les \u00e9ditions pr\u00e9c\u00e9dentes, Pop in s\u2019est invit\u00e9 \u00e0<strong> Porto, Bologne, Aix-en-Provence, Utrecht<\/strong>. En 2015, trois \u00e9v\u00e9nements ont \u00e9t\u00e9 organis\u00e9 : Risoul en hiver, Nantes en \u00e9t\u00e9 et voil\u00e0 que <strong>Pop in d\u00e9barque \u00e0 Bruxelles cet automne !<\/strong><\/p>\n<h2>Pop in the city \u00e0 Bruxelles le samedi 26 septembre<\/h2>\n<p><strong>Le samedi 26 septembre<\/strong> vous verrez courir dans les rues de Bruxelles 650 nanas toutes v\u00eatues du t-shirt orange, t-shirt officiel pour participer \u00e0 la comp\u00e9tition. La liste des d\u00e9fis que ces popeuses devront relever est tenue secr\u00e8te jusqu\u2019au samedi 9h, heure \u00e0 laquelle elles recevront leur pr\u00e9cieux road book.<br \/>\nComme les challenges sont toujours li\u00e9s aux sp\u00e9cialit\u00e9s de la ville d\u2019accueil, on peut imaginer que les participantes devront <strong>apprendre \u00e0 brasser de la bi\u00e8re<\/strong>, <strong>dessiner une BD<\/strong>, <strong>d\u00e9couvrir qui a invent\u00e9 nos d\u00e9licieuses pralines<\/strong>, <strong>descendre en rappel de l\u2019arche du cinquantenaire<\/strong>, s\u2019initier \u00e0 l\u2019art d\u00e9co ou tester leurs connaissances de l\u2019Union Europ\u00e9enne. Une sacr\u00e9e journ\u00e9e les attend ! On esp\u00e8re pour elles que la drache ne sera pas de la partie \ud83d\ude09<\/p>\n<h2>Envie de participer au Pop \u00e0 Bruxelles?<\/h2>\n<p>Le concept vous s\u00e9duit et vous souhaitez participer \u00e0 l\u2019aventure ?<br \/>\nSachez Mesdames que l\u2019\u00e9dition de Bruxelles a \u00e9t\u00e9 sold out en quelques semaines. L\u2019\u00e9v\u00e9nement est complet depuis le mois de juin. Il faudra donc attendre les \u00e9ditions 2016 ; destinations encore inconnues ! Inscrivez-vous \u00e0 leur newsletter pour ne pas rater le coche :\u00a0<br \/>\nSachez Messieurs que votre unique chance de participer \u00e0 cette course folle est de devenir b\u00e9n\u00e9vole,<strong> car cette course est 100% f\u00e9minine<\/strong>. Etre b\u00e9n\u00e9vole promet aussi sa part de beaux souvenirs et d\u2019\u00e9motions fortes, plus \u00e0 la cl\u00e9 la participation \u00e0<strong> la soir\u00e9e Pop in the city du samedi soir<\/strong> !<br \/>\nQuoi qu\u2019il en soit si vous \u00eates dans le centre de ville de Bruxelles le samedi 26 septembre, il y a de grandes chances que vous soyez mis \u00e0 contribution par les \u00ab\u00a0popeuses\u00a0\u00bb pour r\u00e9pondre \u00e0 leurs questions sur la ville, leur aider \u00e0 trouver leur chemin ou les prendre en stop pour les emmener au prochain challenge !<\/p>\n","protected":false,"gt_translate_keys":[{"key":"rendered","format":"html"}]},"excerpt":{"rendered":"<p>Pop in the city d\u00e9barque \u00e0 Bruxelles Pop in the city : kesako ? Une<\/p>\n","protected":false,"gt_translate_keys":[{"key":"rendered","format":"html"}]},"author":20,"featured_media":6875,"comment_status":"open","ping_status":"open","sticky":false,"template":"","format":"standard","meta":{"_lmt_disableupdate":"","_lmt_disable":"","footnotes":""},"categories":[12],"tags":[101],"class_list":["post-6869","post","type-post","status-publish","format-standard","has-post-thumbnail","hentry","category-bouger-a-bruxelles-choses-a-faire-et-visiter","tag-entre-filles"],"modified_by":"pierre","amp_enabled":true,"gt_translate_keys":[{"key":"link","format":"url"}],"_links":{"self":[{"href":"https:\/\/www.insidebrussels.be\/V2\/wp-json\/wp\/v2\/posts\/6869","targetHints":{"allow":["GET"]}}],"collection":[{"href":"https:\/\/www.insidebrussels.be\/V2\/wp-json\/wp\/v2\/posts"}],"about":[{"href":"https:\/\/www.insidebrussels.be\/V2\/wp-json\/wp\/v2\/types\/post"}],"author":[{"embeddable":true,"href":"https:\/\/www.insidebrussels.be\/V2\/wp-json\/wp\/v2\/users\/20"}],"replies":[{"embeddable":true,"href":"https:\/\/www.insidebrussels.be\/V2\/wp-json\/wp\/v2\/comments?post=6869"}],"version-history":[{"count":7,"href":"https:\/\/www.insidebrussels.be\/V2\/wp-json\/wp\/v2\/posts\/6869\/revisions"}],"predecessor-version":[{"id":15208,"href":"https:\/\/www.insidebrussels.be\/V2\/wp-json\/wp\/v2\/posts\/6869\/revisions\/15208"}],"wp:featuredmedia":[{"embeddable":true,"href":"https:\/\/www.insidebrussels.be\/V2\/wp-json\/wp\/v2\/media\/6875"}],"wp:attachment":[{"href":"https:\/\/www.insidebrussels.be\/V2\/wp-json\/wp\/v2\/media?parent=6869"}],"wp:term":[{"taxonomy":"category","embeddable":true,"href":"https:\/\/www.insidebrussels.be\/V2\/wp-json\/wp\/v2\/categories?post=6869"},{"taxonomy":"post_tag","embeddable":true,"href":"https:\/\/www.insidebrussels.be\/V2\/wp-json\/wp\/v2\/tags?post=6869"}],"curies":[{"name":"wp","href":"https:\/\/api.w.org\/{rel}","templated":true}]}}