{"id":7362,"date":"2016-03-23T00:16:58","date_gmt":"2016-03-22T23:16:58","guid":{"rendered":"http:\/\/www.insidebrussels.be\/V2\/?p=7362"},"modified":"2017-07-04T01:19:39","modified_gmt":"2017-07-03T23:19:39","slug":"bruxelles-attentats-metro-et-aeroport-de-zaventem","status":"publish","type":"post","link":"https:\/\/www.insidebrussels.be\/V2\/bruxelles\/bruxelles-attentats-metro-et-aeroport-de-zaventem\/","title":{"rendered":"Bruxelles attentats a\u00e9roport et m\u00e9tro Malbeek","gt_translate_keys":[{"key":"rendered","format":"text"}]},"content":{"rendered":"<h1>Bruxelles attentats a\u00e9roport de Zaventem et M\u00e9tro Malbeek 2016<\/h1>\n<p style=\"text-align: justify;\"><strong>22 Mars 2016<\/strong> &#8211; Bruxelles est en <strong>deuil.<\/strong> Quelques jours apr\u00e8s l&rsquo;arrestation de <a href=\"https:\/\/www.google.fr\/url?sa=t&amp;rct=j&amp;q=&amp;esrc=s&amp;source=web&amp;cd=19&amp;cad=rja&amp;uact=8&amp;sqi=2&amp;ved=0ahUKEwiow5zj-tTLAhUHqxoKHXpNCTEQmhMIdjAS&amp;url=http%3A%2F%2Ffr.wikipedia.org%2Fwiki%2FSalah_Abdeslam&amp;usg=AFQjCNFn0FBqaYnOlPNYW3w5OO1mfhhhnA&amp;sig2=xopvkTg4dwOi9JHljD3qGQ&amp;bvm=bv.117218890,d.ZWU\" target=\"_blank\" rel=\"noopener\">Salah Abdeslam <\/a>.\u00a0Vers huit heures du matin, en pleine heure de pointe, deux <strong>bombes<\/strong> retentissent dans le <strong>hall de l&rsquo;a\u00e9roport de Bruxelles <a href=\"http:\/\/www.insidebrussels.be\/V2\/bruxelles\/comment-se-rendre-a-l-aeroport-de-bruxelles-zaventem\/\">Zaventem<\/a><\/strong>. A l&rsquo;heure actuelle, on parlerait d&rsquo;attentat-suicide mais il serait encore trop t\u00f4t pour confirmer. Causant plus de 10 morts et plus d&rsquo;une centaine de bless\u00e9s, cette trag\u00e9die plonge Bruxelles en\u00a0\u00e9mois.<\/p>\n<p style=\"text-align: justify;\">La trag\u00e9die de ce 22 mars \u00e0 Bruxelles ne s&rsquo;arr\u00eate pas l\u00e0. A<strong> 9H30,<\/strong> <strong>en plein\u00a0c\u0153ur du quartier europ\u00e9en<\/strong> de la capitale belge, les automobiles aper\u00e7oivent de la fum\u00e9e sortant des bouches des m\u00e9tro. On apprend peut de temps apr\u00e8s la nouvelle &#8211; l&rsquo;horreur &#8211; ; la station de <strong>Malbeek<\/strong> vient d&rsquo;\u00eatre touch\u00e9e elle aussi par un attentat explosif effectu\u00e9 dans la rame de m\u00e9tro et alourdir le bilan. Le second \u00a0attentat amenant encore plus de morts et bless\u00e9s dans la balance. Au total, <strong>une trentaine de mort et 200 bless\u00e9s sont recens\u00e9s en fin de journ\u00e9e<\/strong>.<\/p>\n<p style=\"text-align: justify;\">Apr\u00e8s l&rsquo;exploision, c&rsquo;est en premier lieu vers <strong>les H\u00f4pitaux Saint-Luc et la KUL<\/strong> que les bless\u00e9s sont \u00e9vacu\u00e9s d&rsquo;urgence. Vu le nombre croissant de bless\u00e9, c&rsquo;est ensuite tous <strong>les h\u00f4pitaux du Brabant<\/strong>\u00a0ainsi que l&rsquo;h\u00f4pital Eramse qui sont mis sur pied de guerre afin d&rsquo;accueillir les victimes des deux attentats.<\/p>\n<p style=\"text-align: justify;\"><strong>Les bless\u00e9s affluent de partout<\/strong>. Afin de mettre en place une structure ad\u00e9quate, le <strong>plan Mash<\/strong> (Mise en Alerte des Services Hospitaliers) a \u00e9t\u00e9 d\u00e9clench\u00e9. Les h\u00f4pitaux ne tardent pas \u00e0 faire un\u00a0appel g\u00e9n\u00e9ral au <strong>don de sang<\/strong>. Rapidement, la population Belge solidaire accourt et r\u00e9pondent \u00e0 la demande.<\/p>\n<p style=\"text-align: justify;\">Un peu plus tard dans dans la journ\u00e9e, les d\u00e9mineurs belges d\u00e9couvrent <strong>un nouvel engin explosif dans l&rsquo;a\u00e9roport de Zaventem<\/strong>\u00a0et le rendent inoffensif par les d\u00e9mineurs.<\/p>\n<p>Depuis, les perquisitions s&rsquo;encha\u00eenent au plus vite pour faire avancer l&rsquo;enqu\u00eate. \u00a0Dans la commune de <strong>Schaerbeek,<\/strong> la police a mis la main sur des <strong>produits chimiques, des clous et un engin explosif<\/strong>.<\/p>\n<p style=\"text-align: justify;\">En fin de journ\u00e9e, <strong>c&rsquo;est le chaos<\/strong>: Tunnel Montgomery en direction du centre ferm\u00e9, m\u00e9tro et bus \u00e0 l&rsquo;arr\u00eats, avions en partance annul\u00e9s, <strong>a\u00e9roport ferm\u00e9 jusque jeudi<\/strong> au minimum. Selon certains m\u00e9dias, le <strong>palais royal<\/strong> aurait \u00a0\u00e9galement \u00e9t\u00e9\u00a0\u00e9vacu\u00e9. La police conseille de rester chez soi.<\/p>\n<p style=\"text-align: justify;\">En identifiant, les bandes vid\u00e9o de l&rsquo;a\u00e9roport, <strong>la police remarque\u00a0trois personnes suspectes:<\/strong>\u00a0elles portent un seul gant &#8211; cachant probablement un d\u00e9tonateur. Deux de ces personnes auraient explos\u00e9 avec leurs bombes, la troisi\u00e8me est activement recherch\u00e9e par la police.<\/p>\n<p>Un num\u00e9ro d&rsquo;appel est ouvert pour les victimes et leurs proches: Le num\u00e9ro <strong>1771<\/strong> est actif, mais surtout pour les victimes et proches. N&rsquo;appelez pas si ce n&rsquo;est pas strictement n\u00e9cessaire.<\/p>\n<p>La police rappelle,<strong> il est primordial de ne pas partager sur Twitter et autres m\u00e9dias les d\u00e9placements de la police ainsi que les op\u00e9rations en cours. <\/strong>Les terroristes scrutent tous comme vous les r\u00e9seaux sociaux afin de se tenir inform\u00e9s.<\/p>\n","protected":false,"gt_translate_keys":[{"key":"rendered","format":"html"}]},"excerpt":{"rendered":"<p>Bruxelles attentats a\u00e9roport de Zaventem et M\u00e9tro Malbeek 2016 22 Mars 2016 &#8211; Bruxelles est<\/p>\n","protected":false,"gt_translate_keys":[{"key":"rendered","format":"html"}]},"author":1,"featured_media":0,"comment_status":"open","ping_status":"open","sticky":false,"template":"","format":"gallery","meta":{"_lmt_disableupdate":"","_lmt_disable":"","footnotes":""},"categories":[73],"tags":[],"class_list":["post-7362","post","type-post","status-publish","format-gallery","hentry","category-vie-a-bruxelles","post_format-post-format-gallery"],"modified_by":"pierre","amp_enabled":true,"gt_translate_keys":[{"key":"link","format":"url"}],"_links":{"self":[{"href":"https:\/\/www.insidebrussels.be\/V2\/wp-json\/wp\/v2\/posts\/7362","targetHints":{"allow":["GET"]}}],"collection":[{"href":"https:\/\/www.insidebrussels.be\/V2\/wp-json\/wp\/v2\/posts"}],"about":[{"href":"https:\/\/www.insidebrussels.be\/V2\/wp-json\/wp\/v2\/types\/post"}],"author":[{"embeddable":true,"href":"https:\/\/www.insidebrussels.be\/V2\/wp-json\/wp\/v2\/users\/1"}],"replies":[{"embeddable":true,"href":"https:\/\/www.insidebrussels.be\/V2\/wp-json\/wp\/v2\/comments?post=7362"}],"version-history":[{"count":17,"href":"https:\/\/www.insidebrussels.be\/V2\/wp-json\/wp\/v2\/posts\/7362\/revisions"}],"predecessor-version":[{"id":8725,"href":"https:\/\/www.insidebrussels.be\/V2\/wp-json\/wp\/v2\/posts\/7362\/revisions\/8725"}],"wp:attachment":[{"href":"https:\/\/www.insidebrussels.be\/V2\/wp-json\/wp\/v2\/media?parent=7362"}],"wp:term":[{"taxonomy":"category","embeddable":true,"href":"https:\/\/www.insidebrussels.be\/V2\/wp-json\/wp\/v2\/categories?post=7362"},{"taxonomy":"post_tag","embeddable":true,"href":"https:\/\/www.insidebrussels.be\/V2\/wp-json\/wp\/v2\/tags?post=7362"}],"curies":[{"name":"wp","href":"https:\/\/api.w.org\/{rel}","templated":true}]}}