{"id":7861,"date":"2016-07-29T22:55:48","date_gmt":"2016-07-29T20:55:48","guid":{"rendered":"http:\/\/www.insidebrussels.be\/V2\/?p=7861"},"modified":"2023-02-19T23:54:04","modified_gmt":"2023-02-19T22:54:04","slug":"chanson-bruxelles-boulevard-airs-bruxelles","status":"publish","type":"post","link":"https:\/\/www.insidebrussels.be\/V2\/bruxelles\/chanson-bruxelles-boulevard-airs-bruxelles\/","title":{"rendered":"Chanson Bruxelles: Boulevard des airs","gt_translate_keys":[{"key":"rendered","format":"text"}]},"content":{"rendered":"<h1 style=\"text-align: justify;\">Chanson Bruxelles: Boulevard des airs chantes \u00ab\u00a0Bruxelles\u00a0\u00bb<\/h1>\n<p style=\"text-align: justify;\">Depuis le 22 mars, la <strong>chanson Bruxelles, <\/strong>titre phare\u00a0chant\u00e9 par <a href=\"https:\/\/fr.wikipedia.org\/wiki\/Boulevard_des_airs\" target=\"_blank\" rel=\"noopener\">le groupe\u00a0Boulevard des airs chanson bruxelles<\/a> a suscit\u00e9 beaucoup plus d&rsquo;engouement.<\/p>\n<p style=\"text-align: justify;\">Derri\u00e8re la signification initiale de la chanson Bruxelles se cache en fait une <strong>histoire d&rsquo;amour.<\/strong> Tout simplement, la fille d\u00e9m\u00e9nage ici \u00e0 Bruxelles en Belgique. Le gar\u00e7on de son c\u00f4t\u00e9 alors le parti de ne pas la suivre et du coup, l&rsquo;histoire se termine l\u00e0.<\/p>\n<p style=\"text-align: justify;\">Le groupe Boulevard des Airs confie d&rsquo;ailleurs souvent qu&rsquo;au d\u00e9part <strong>Bruxelles \u00e9tait une ville totalement inconnue pour eux<\/strong>. Ils n&rsquo;y avaient d&rsquo;ailleurs jamais mis les pieds avant d&rsquo;\u00e9crire la chanson Bruxelles. Petit \u00e0 petit, ils ont appris \u00e0 connaitre la ville. C&rsquo;est lors du Mixage final au studio ICP \u00e0 Bruxelles m\u00eame que la chanson \u00e0 pris ce nom.<\/p>\n<h3 style=\"text-align: justify;\">Ecouter la chanson sur Bruxelles en ligne<\/h3>\n<p style=\"text-align: justify;\"><iframe loading=\"lazy\" src=\"https:\/\/www.youtube.com\/embed\/qP8wOQzpoY4?rel=0&amp;controls=0&amp;showinfo=0\" width=\"560\" height=\"315\" frameborder=\"0\" allowfullscreen=\"allowfullscreen\"><\/iframe><\/p>\n<h3 style=\"text-align: justify;\">Paroles de la chanson Bruxelles (Boulevard des airs)<\/h3>\n<p><script src=\"\/\/pagead2.googlesyndication.com\/pagead\/js\/adsbygoogle.js\" async=\"\"><\/script><!-- insideV2_below_article_fix_size --> <ins class=\"adsbygoogle\" style=\"display: inline-block; width: 728px; height: 90px;\" data-ad-client=\"ca-pub-0789898686363097\" data-ad-slot=\"7280920128\"><\/ins><script>\/\/ <![CDATA[ (adsbygoogle = window.adsbygoogle || []).push({}); \/\/ ]]><\/script><\/p>\n<p class=\"rtecenter\" style=\"text-align: center;\"><em>Si je ne te connais pas encore<br \/>\nNotre aventure vaudrait de l&rsquo;or<br \/>\nSi on se rencontrait \u00e0 peine\u00a0<\/em><\/p>\n<div class=\"p402_premium rtecenter\" style=\"text-align: center;\"><em>Mon amour quelle aubaine<br \/>\nJ&rsquo;aurais la langue d\u00e9licieuse<br \/>\nJ&rsquo;aurais une part de moi mielleuse<br \/>\nQue je r\u00e9pugne d\u00e9sormais<br \/>\nOh mon amour qu&rsquo;avons nous fait?<\/em><\/div>\n<p style=\"text-align: center;\">Je suis de ceux qui restent au bord<br \/>\nJe sais qu&rsquo;on devait rire encore<br \/>\nJe suis de ceux, mais tu es de celles<br \/>\nQui restent plant\u00e9es \u00e0 Bruxelles<br \/>\nSi j&rsquo;\u00e9tais celui, toi tu es la seule<br \/>\nSi je reste ici, tu rentres \u00e0 Bruxelles<br \/>\nSi j&rsquo;\u00e9tais celui, toi tu es la seule<br \/>\nSi je reste ici, tu rentres \u00e0 Bruxelles<\/p>\n<p style=\"text-align: center;\">Si j&rsquo;ignorais tout de toi<br \/>\nJe serai tranquille pour qu&rsquo;on le soit<br \/>\nSi on ne s&rsquo;\u00e9tait jamais vu<br \/>\nJe materai tes fesses \u00e0 ton insu<br \/>\nJ&rsquo;aurais le compliment facile<br \/>\nJe serai l&rsquo;homme fort et le docile<br \/>\nCe dernier que je ne serai plus<br \/>\nMon amour je nous ai perdus<\/p>\n<p style=\"text-align: center;\">Je suis de ceux qui restent bord<br \/>\nJe sais qu&rsquo;on devait rire encore<\/p>\n<p style=\"text-align: center;\">Je suis de ceux mais tu es de celles<br \/>\nQui restent plant\u00e9es \u00e0 Bruxelles<br \/>\nSi j&rsquo;\u00e9tais celui, toi tu es la seule<br \/>\nSi je reste ici, tu rentres \u00e0 Bruxelles<br \/>\nSi j&rsquo;\u00e9tais celui, toi tu es la seule<br \/>\nSi je reste ici, tu rentres \u00e0 Bruxelles<\/p>\n<p style=\"text-align: center;\">Et quand tu danses c&rsquo;est du dripping<br \/>\nTu es un cadeau pour la r\u00e9tine<\/p>\n","protected":false,"gt_translate_keys":[{"key":"rendered","format":"html"}]},"excerpt":{"rendered":"<p>Chanson Bruxelles: Boulevard des airs chantes \u00ab\u00a0Bruxelles\u00a0\u00bb Depuis le 22 mars, la chanson Bruxelles, titre<\/p>\n","protected":false,"gt_translate_keys":[{"key":"rendered","format":"html"}]},"author":1,"featured_media":7866,"comment_status":"open","ping_status":"open","sticky":false,"template":"","format":"gallery","meta":{"_lmt_disableupdate":"","_lmt_disable":"","footnotes":""},"categories":[73],"tags":[],"class_list":["post-7861","post","type-post","status-publish","format-gallery","has-post-thumbnail","hentry","category-vie-a-bruxelles","post_format-post-format-gallery"],"modified_by":"pierre","amp_enabled":true,"gt_translate_keys":[{"key":"link","format":"url"}],"_links":{"self":[{"href":"https:\/\/www.insidebrussels.be\/V2\/wp-json\/wp\/v2\/posts\/7861","targetHints":{"allow":["GET"]}}],"collection":[{"href":"https:\/\/www.insidebrussels.be\/V2\/wp-json\/wp\/v2\/posts"}],"about":[{"href":"https:\/\/www.insidebrussels.be\/V2\/wp-json\/wp\/v2\/types\/post"}],"author":[{"embeddable":true,"href":"https:\/\/www.insidebrussels.be\/V2\/wp-json\/wp\/v2\/users\/1"}],"replies":[{"embeddable":true,"href":"https:\/\/www.insidebrussels.be\/V2\/wp-json\/wp\/v2\/comments?post=7861"}],"version-history":[{"count":12,"href":"https:\/\/www.insidebrussels.be\/V2\/wp-json\/wp\/v2\/posts\/7861\/revisions"}],"predecessor-version":[{"id":14292,"href":"https:\/\/www.insidebrussels.be\/V2\/wp-json\/wp\/v2\/posts\/7861\/revisions\/14292"}],"wp:featuredmedia":[{"embeddable":true,"href":"https:\/\/www.insidebrussels.be\/V2\/wp-json\/wp\/v2\/media\/7866"}],"wp:attachment":[{"href":"https:\/\/www.insidebrussels.be\/V2\/wp-json\/wp\/v2\/media?parent=7861"}],"wp:term":[{"taxonomy":"category","embeddable":true,"href":"https:\/\/www.insidebrussels.be\/V2\/wp-json\/wp\/v2\/categories?post=7861"},{"taxonomy":"post_tag","embeddable":true,"href":"https:\/\/www.insidebrussels.be\/V2\/wp-json\/wp\/v2\/tags?post=7861"}],"curies":[{"name":"wp","href":"https:\/\/api.w.org\/{rel}","templated":true}]}}