{"id":8018,"date":"2016-08-11T22:06:53","date_gmt":"2016-08-11T20:06:53","guid":{"rendered":"http:\/\/www.insidebrussels.be\/V2\/?p=8018"},"modified":"2024-07-05T00:19:42","modified_gmt":"2024-07-04T22:19:42","slug":"tapis-de-fleurs-2016-a-bruxelles","status":"publish","type":"post","link":"https:\/\/www.insidebrussels.be\/V2\/bruxelles\/tapis-de-fleurs-2016-a-bruxelles\/","title":{"rendered":"D\u00e9couvrez le tapis de fleurs 2016 \u00e0 Bruxelles","gt_translate_keys":[{"key":"rendered","format":"text"}]},"content":{"rendered":"<h1>Tapis de Fleurs Bruxelles 2016 @Grand Place<\/h1>\n<h2 style=\"text-align: justify;\">Histoire du Tapis de Fleurs<\/h2>\n<p style=\"text-align: justify;\">Le premier tapis de fleurs est n\u00e9 \u00e0 Bruxelles de\u00a0l&rsquo;architecte paysagiste,Etienne\u00a0Stautemans qui s&rsquo;\u00e9tait lui m\u00eame inspir\u00e9 d&rsquo;autres tapis de fleurs venant de diverses villes flamandes. Depuis 1971, le dessin du tapis de fleurs n&rsquo;est pas pens\u00e9\u00a0\u00e0 la l\u00e9g\u00e8re\u00a0ni m\u00eame al\u00e9atoire. \u00a0Tous les deux ans, l&rsquo;ASBL \u00ab\u00a0<strong>Tapis de fleurs<\/strong>\u00a0\u00bb r\u00e9unit son comit\u00e9 pour imaginer le tapis. Au final, ce seront des illustrateurs, graphistes, paysagistes ainsi que plus d&rsquo;une centaine de \u00a0jardiniers b\u00e9n\u00e9voles qui viendront assembler ce <strong>puzzle floral g\u00e9ant.<\/strong> En moins de quatre heures, ce derniers pourront assembler l&rsquo;enti\u00e8ret\u00e9 du tapis.<\/p>\n<h2>Un tapis de fleurs fabriqu\u00e9 m\u00e9ticuleusement<\/h2>\n<p style=\"text-align: justify;\">Chaque ann\u00e9e, le tapis de Fleurs\u00a0illustrant <strong>un th\u00e8me diff\u00e9rent<\/strong> \u00e0 chaque \u00e9dition (la comm\u00e9moration de grands \u00e9v\u00e9nements, un pays, un continent, les armoiries d\u2019une ville\u2026). \u00a0Une fois le th\u00e8me dessin\u00e9\u00a0sous forme de maquette, l&rsquo;\u00e9quipe calcule le nombre de fleurs ainsi que les combinaisons de couleurs. Au total, des <strong>centaines de milliers de fleurs seront coup\u00e9es<\/strong> car n\u00e9cessaires \u00e0 la composition du c\u00e9l\u00e8bre tapis.<\/p>\n<p style=\"text-align: justify;\">Peu avant l&rsquo;ouverture au publique,\u00a0le\u00a0dessin grandeur nature est d\u00e9pos\u00e9 sur du plastique micro-perfor\u00e9 \u00e0 la surface des\u00a0pav\u00e9s de la Grand-Place afin de repr\u00e9senter le tapis. Ensuite, un gazon est d\u00e9roul\u00e9 entre les motifs floraux afin de combler les trous. Au total, le tapis de fleurs 2016 comptera <strong>300 fleurs par m\u00e8tre carr\u00e9<\/strong>. Au total, pas moins de <strong>600.000 fleurs<\/strong> orneront la grand-place de Bruxelles. Le tapis de fleurs ne recouvre pas l&rsquo;enti\u00e8ret\u00e9 de la Grand Place mais occupe un espace de 75 m de long sur 24 m de large.<\/p>\n<p>L&rsquo;entretient qui suit sa cr\u00e9ation est assez cons\u00e9quent. En cas de temps humide, \u00a0l\u2019herbe peut m\u00eame pousser de 4 \u00e0 5 centim\u00e8tres en seulement 3 jours.<\/p>\n<h2>Tapis de Fleurs 2016<\/h2>\n<p style=\"text-align: justify;\">Du 12 au 15 aout 2016, la Grand-Place de Bruxelles accueillera la <strong>20\u00e8me \u00e9dition du <a href=\"https:\/\/fr.wikipedia.org\/wiki\/Tapis_de_fleurs\" target=\"_blank\" rel=\"noopener\">tapis de fleur<\/a>s.\u00a0<\/strong>Si vous passez par l\u00e0, ne manquez pas de venir contempler ce spectacle \u00e9ph\u00e9m\u00e8re sur <strong>une de plus belles places au monde.<\/strong><\/p>\n<p>L&rsquo;acc\u00e8s au balcon pour admirer le tapis de fleurs en hauteur se fait le \u00a012 AO\u00dbT2016: DE 13H \u00c0 18H ou du\u00a013 AU 15 AO\u00dbT 2016: de\u00a010H \u00c0 22H<\/p>\n<h2>Tapis de Fleurs 2016 Webcam live sur la grand-place<\/h2>\n<p>La ville de Bruxelles laisse voir le tapis de fleur 2016 via une webcam sur internet. Cliquez ici pour voir le tapis de fleur en direct.<\/p>\n","protected":false,"gt_translate_keys":[{"key":"rendered","format":"html"}]},"excerpt":{"rendered":"<p>Tapis de Fleurs Bruxelles 2016 @Grand Place Histoire du Tapis de Fleurs Le premier tapis<\/p>\n","protected":false,"gt_translate_keys":[{"key":"rendered","format":"html"}]},"author":1,"featured_media":0,"comment_status":"open","ping_status":"open","sticky":false,"template":"","format":"gallery","meta":{"_lmt_disableupdate":"","_lmt_disable":"","footnotes":""},"categories":[232,892,73],"tags":[],"class_list":["post-8018","post","type-post","status-publish","format-gallery","hentry","category-agenda-et-expo","category-evenement","category-vie-a-bruxelles","post_format-post-format-gallery"],"modified_by":"pierre","amp_enabled":true,"gt_translate_keys":[{"key":"link","format":"url"}],"_links":{"self":[{"href":"https:\/\/www.insidebrussels.be\/V2\/wp-json\/wp\/v2\/posts\/8018","targetHints":{"allow":["GET"]}}],"collection":[{"href":"https:\/\/www.insidebrussels.be\/V2\/wp-json\/wp\/v2\/posts"}],"about":[{"href":"https:\/\/www.insidebrussels.be\/V2\/wp-json\/wp\/v2\/types\/post"}],"author":[{"embeddable":true,"href":"https:\/\/www.insidebrussels.be\/V2\/wp-json\/wp\/v2\/users\/1"}],"replies":[{"embeddable":true,"href":"https:\/\/www.insidebrussels.be\/V2\/wp-json\/wp\/v2\/comments?post=8018"}],"version-history":[{"count":18,"href":"https:\/\/www.insidebrussels.be\/V2\/wp-json\/wp\/v2\/posts\/8018\/revisions"}],"predecessor-version":[{"id":17069,"href":"https:\/\/www.insidebrussels.be\/V2\/wp-json\/wp\/v2\/posts\/8018\/revisions\/17069"}],"wp:attachment":[{"href":"https:\/\/www.insidebrussels.be\/V2\/wp-json\/wp\/v2\/media?parent=8018"}],"wp:term":[{"taxonomy":"category","embeddable":true,"href":"https:\/\/www.insidebrussels.be\/V2\/wp-json\/wp\/v2\/categories?post=8018"},{"taxonomy":"post_tag","embeddable":true,"href":"https:\/\/www.insidebrussels.be\/V2\/wp-json\/wp\/v2\/tags?post=8018"}],"curies":[{"name":"wp","href":"https:\/\/api.w.org\/{rel}","templated":true}]}}