{"id":8376,"date":"2017-01-08T20:06:02","date_gmt":"2017-01-08T19:06:02","guid":{"rendered":"http:\/\/www.insidebrussels.be\/V2\/?p=8376"},"modified":"2020-06-08T22:01:36","modified_gmt":"2020-06-08T20:01:36","slug":"calendrier-poubelle-bruxelles-2017","status":"publish","type":"post","link":"https:\/\/www.insidebrussels.be\/V2\/bruxelles\/calendrier-poubelle-bruxelles-2017\/","title":{"rendered":"Calendrier poubelle Bruxelles 2017","gt_translate_keys":[{"key":"rendered","format":"text"}]},"content":{"rendered":"<h1>Le calendrier des poubelles \u00e0 Bruxelles (Nouveaux jours de collecte)<\/h1>\n<div id='gallery-1' class='gallery galleryid-8376 gallery-columns-3 gallery-size-thumbnail'><figure class='gallery-item'>\n\t\t\t<div class='gallery-icon landscape'>\n\t\t\t\t<img decoding=\"async\" width=\"150\" height=\"150\" src=\"https:\/\/www.insidebrussels.be\/V2\/wp-content\/uploads\/2017\/01\/Screen-Shot-2017-01-08-at-19.59.05-150x150.png\" class=\"attachment-thumbnail size-thumbnail\" alt=\"Calendrier des collectes des sacs poubelle \u00e0 Bruxelles\" aria-describedby=\"gallery-1-8377\" \/>\n\t\t\t<\/div>\n\t\t\t\t<figcaption class='wp-caption-text gallery-caption' id='gallery-1-8377'>\n\t\t\t\tCalendrier des collectes des sacs poubelle \u00e0 Bruxelles\n\t\t\t\t<\/figcaption><\/figure><figure class='gallery-item'>\n\t\t\t<div class='gallery-icon landscape'>\n\t\t\t\t<img decoding=\"async\" width=\"150\" height=\"150\" src=\"https:\/\/www.insidebrussels.be\/V2\/wp-content\/uploads\/2017\/01\/Screen-Shot-2017-01-08-at-20.23.47-150x150.png\" class=\"attachment-thumbnail size-thumbnail\" alt=\"\" aria-describedby=\"gallery-1-8389\" \/>\n\t\t\t<\/div>\n\t\t\t\t<figcaption class='wp-caption-text gallery-caption' id='gallery-1-8389'>\n\t\t\t\tSac poubelle orange \u00e0 Bruxelles\n\t\t\t\t<\/figcaption><\/figure><figure class='gallery-item'>\n\t\t\t<div class='gallery-icon landscape'>\n\t\t\t\t<img decoding=\"async\" width=\"150\" height=\"150\" src=\"https:\/\/www.insidebrussels.be\/V2\/wp-content\/uploads\/2017\/01\/Screen-Shot-2017-01-08-at-20.23.58-150x150.png\" class=\"attachment-thumbnail size-thumbnail\" alt=\"\" aria-describedby=\"gallery-1-8387\" \/>\n\t\t\t<\/div>\n\t\t\t\t<figcaption class='wp-caption-text gallery-caption' id='gallery-1-8387'>\n\t\t\t\tSac poubelle blanc \u00e0 Bruxelles\n\t\t\t\t<\/figcaption><\/figure><figure class='gallery-item'>\n\t\t\t<div class='gallery-icon landscape'>\n\t\t\t\t<img decoding=\"async\" width=\"150\" height=\"150\" src=\"https:\/\/www.insidebrussels.be\/V2\/wp-content\/uploads\/2017\/01\/Screen-Shot-2017-01-08-at-20.24.06-150x150.png\" class=\"attachment-thumbnail size-thumbnail\" alt=\"\" aria-describedby=\"gallery-1-8386\" \/>\n\t\t\t<\/div>\n\t\t\t\t<figcaption class='wp-caption-text gallery-caption' id='gallery-1-8386'>\n\t\t\t\tSac poubelle Jaune \u00e0 Bruxelles\n\t\t\t\t<\/figcaption><\/figure><figure class='gallery-item'>\n\t\t\t<div class='gallery-icon landscape'>\n\t\t\t\t<img decoding=\"async\" width=\"150\" height=\"150\" src=\"https:\/\/www.insidebrussels.be\/V2\/wp-content\/uploads\/2017\/01\/Screen-Shot-2017-01-08-at-20.24.09-150x150.png\" class=\"attachment-thumbnail size-thumbnail\" alt=\"\" aria-describedby=\"gallery-1-8385\" \/>\n\t\t\t<\/div>\n\t\t\t\t<figcaption class='wp-caption-text gallery-caption' id='gallery-1-8385'>\n\t\t\t\tSac poubelle vert \u00e0 Bruxelles\n\t\t\t\t<\/figcaption><\/figure>\n\t\t<\/div>\n\n<p style=\"text-align: justify;\">Comment se d\u00e9barrasser de vos d\u00e9chets \u00e0 Bruxelles? Facile! La collecte des d\u00e9chets m\u00e9nagers est organis\u00e9e par Bruxelles-Propret\u00e9 dans l&rsquo;ensemble de communes de Bruxelles pour ramasser votre poubelle.<br \/>\n<strong>Chaque semaine,<\/strong> les camions collectent \u00e0 votre domicile des d\u00e9chets rassembl\u00e9 dans des\u00a0sacs (ou les conteneurs des immeubles \u00e0 appartements) en passent dans votre rue.<\/p>\n<p style=\"text-align: justify;\">Attention, le tri des poubelles et d\u00e9chets m\u00e9nagers n&rsquo;est pas facultatif. Depuis le 1er janvier 2010, la r\u00e9gion Bruxelloise impose <strong>obligatoirement de trier vos d\u00e9chets m\u00e9nager dans 3 sacs diff\u00e9rents<\/strong>. Des contr\u00f4les sont effectu\u00e9s. En cas de non respect du triage, des <strong>amendes comprises allant de\u00a062 \u00e0 62.500 euros<\/strong> peuvent \u00eatre inflig\u00e9es. Veuillez donc \u00e0 respecter les\u00a0couleurs de vos sacs ainsi que leur contenu (blanc, bleu, jaune) avant leur ramassage. Notez qu&rsquo;en 2017 un nouveau sac orange fait sont apparition pour les d\u00e9chets organique. Le triage des <strong>d\u00e9chets organiques<\/strong> n&rsquo;est pas encore obligatoire (sac orange)<\/p>\n<h2 style=\"text-align: justify;\">R\u00e8gles \u00e0 respecter pour le ramassage des poubelles \u00e0 Bruxelles<\/h2>\n<p style=\"text-align: justify;\">Il ne faut cependant pas mettre n&rsquo;importe quoi dans les sacs et votre poubelle. Il y a quelques r\u00e8gles \u00e0 respecter pour les d\u00e9chets ramass\u00e9 Bruxelles.<\/p>\n<ul style=\"text-align: justify;\">\n<li>Le <strong>poids maximum<\/strong> du sac de d\u00e9chet ne peut pas d\u00e9passer <strong>15 kg<\/strong><\/li>\n<li>Le <strong>verre cass\u00e9<\/strong> et autres d\u00e9chets coupant doivent \u00eatre bien <strong>emball\u00e9s.\u00a0<\/strong><\/li>\n<li><strong>Respectez le calendrier<\/strong>\u00a0<strong>2017<\/strong> des collecte ainsi que les jours associ\u00e9s aux sacs de couleurs<\/li>\n<li>Utiliser les <strong>sacs officiels<\/strong> de la r\u00e9gion (depuis 2003). Le gris\/noir est interdit et passible d&rsquo;amende.<\/li>\n<li>Les <strong>bouteilles<\/strong> en verre se d\u00e9posent dans les bulles \u00e0 verre.<\/li>\n<\/ul>\n<p style=\"text-align: justify;\">Pour les collectes le matin, vous pouvez sortir votre sac\u00a0poubelle la veille apr\u00e8s 18h ou le jour m\u00eame avant 6h. Pour les collectes le soir vous pouvez sortir votre sac poubelle\u00a0le jour m\u00eame entre 18h et 18h30<\/p>\n<h2>Changements poubelles en 2017 \u00e0 Bruxelles<\/h2>\n<p style=\"text-align: justify;\">A partir du 2 janvier 2017, veuillez \u00e0 ouvrir l&rsquo;oeil et \u00e0 changer vos habitudes en mati\u00e8re de collecte de d\u00e9chets. Pour Les <strong>sacs blancs, pas de changement<\/strong>, ils seront toujours collect\u00e9s <strong>2\u00a0fois par semaine<\/strong>. Par contre, les <a href=\"http:\/\/www.insidebrussels.be\/V2\/bruxelles\/que-se-passe-til-le-ramassage-des-poubelles-bleues-et-jaunes-a-bruxelles-pendant-le-confinement-covid-19\/\"><strong>sacs jaunes<\/strong> et <strong>bleus,<\/strong><\/a> seront collect\u00e9s chacun <strong>une fois<\/strong> lors de la collecte hebdomadaire des sacs blancs. Le ramassage des poubelles qui avaient lieu le soir seront supprim\u00e9s.<\/p>\n<p><script src=\"\/\/pagead2.googlesyndication.com\/pagead\/js\/adsbygoogle.js\" async=\"\"><\/script><!-- insideV2_below_article_fix_size --> <ins class=\"adsbygoogle\" style=\"display: inline-block; width: 728px; height: 90px;\" data-ad-client=\"ca-pub-0789898686363097\" data-ad-slot=\"7280920128\"><\/ins><script>\/\/ <![CDATA[ (adsbygoogle = window.adsbygoogle || []).push({}); \/\/ ]]><\/script><\/p>\n<h2>Le sac poubelle orange: l&rsquo;organique<\/h2>\n<figure id=\"attachment_8382\" aria-describedby=\"caption-attachment-8382\" style=\"width: 205px\" class=\"wp-caption alignright\"><img decoding=\"async\" class=\"size-full wp-image-8382\" src=\"http:\/\/www.insidebrussels.be\/V2\/wp-content\/uploads\/2017\/01\/Screen-Shot-2017-01-08-at-20.23.51.png\" alt=\"Sac poubelle orange\" width=\"205\" height=\"191\" \/><figcaption id=\"caption-attachment-8382\" class=\"wp-caption-text\">Sac poubelle orange<\/figcaption><\/figure>\n<p style=\"text-align: justify;\">Il est possible d&rsquo;utiliser un <strong>sac orange<\/strong> pour les <strong>d\u00e9chets organiques. La collecte aura lieu sur tout le territoire, mais n&rsquo;est pas encore obligatoire \u00e0 l&rsquo;heure actuelle.\u00a0<\/strong>Notez que la taille de ce sac est limit\u00e9 \u00e0 30 litres pour une question de poids. Dans certaines communes, ces sacs oranges pourront \u00eatre plac\u00e9s dans une <strong>poubelle en plastique<\/strong> afin d&rsquo;\u00e9viter que les animaux viennent d\u00e9chirer votre sac.<\/p>\n<p style=\"text-align: justify;\">Le jour de collecte des sac orange est identique au jour de collecte des sacs verts.<\/p>\n<h2 style=\"text-align: justify;\">Horaire et calendrier ramassage poubelle \u00e0 Bruxelles<\/h2>\n<figure id=\"attachment_8383\" aria-describedby=\"caption-attachment-8383\" style=\"width: 216px\" class=\"wp-caption alignleft\"><img decoding=\"async\" class=\"size-full wp-image-8383\" src=\"http:\/\/www.insidebrussels.be\/V2\/wp-content\/uploads\/2017\/01\/Screen-Shot-2017-01-08-at-20.22.41.png\" alt=\"App calendrier sacs poubelles \u00e0 Bruxelles\" width=\"216\" height=\"174\" \/><figcaption id=\"caption-attachment-8383\" class=\"wp-caption-text\">App calendrier sacs poubelles \u00e0 Bruxelles<\/figcaption><\/figure>\n<p style=\"text-align: justify;\">2017 est signe de changement pour les jours de ramassage des poubelles \u00e0 Bruxelles. Vous pouvez consulter les nouveaux jours de collecte sur <a href=\"https:\/\/www.arp-gan.be\/fr\/calendrier.html\" target=\"_blank\" rel=\"noopener\">le site web officiel<\/a>. Pour les plus technologique, vous pouvez \u00e9galement t\u00e9l\u00e9chargez gratuitement\u00a0l\u2019app Recycle! Pratique pour sortir vos sacs le bon jour \u00e0 la bonne heure. L&rsquo;app vous indique \u00e9galement comment trier \u00a0vos d\u00e9chets.<\/p>\n<p style=\"text-align: justify;\">[button link=\u00a0\u00bb<a href=\"https:\/\/www.arp-gan.be\/fr\/calendrier.html\">http:\/\/www.insidebrussels.be\/V2\/bruxelles\/calendrier-poubelle-bruxelles-2017\/<\/a>\u00a0\u00bb size=\u00a0\u00bbmedium\u00a0\u00bb color=\u00a0\u00bbdefault\u00a0\u00bb]V\u00e9rifier le jour de collecte[\/button]<\/p>\n","protected":false,"gt_translate_keys":[{"key":"rendered","format":"html"}]},"excerpt":{"rendered":"<p>Le calendrier des poubelles \u00e0 Bruxelles (Nouveaux jours de collecte) Comment se d\u00e9barrasser de vos<\/p>\n","protected":false,"gt_translate_keys":[{"key":"rendered","format":"html"}]},"author":1,"featured_media":8377,"comment_status":"open","ping_status":"open","sticky":false,"template":"","format":"gallery","meta":{"_lmt_disableupdate":"","_lmt_disable":"","footnotes":""},"categories":[73],"tags":[],"class_list":["post-8376","post","type-post","status-publish","format-gallery","has-post-thumbnail","hentry","category-vie-a-bruxelles","post_format-post-format-gallery"],"modified_by":"pierre","amp_enabled":true,"gt_translate_keys":[{"key":"link","format":"url"}],"_links":{"self":[{"href":"https:\/\/www.insidebrussels.be\/V2\/wp-json\/wp\/v2\/posts\/8376","targetHints":{"allow":["GET"]}}],"collection":[{"href":"https:\/\/www.insidebrussels.be\/V2\/wp-json\/wp\/v2\/posts"}],"about":[{"href":"https:\/\/www.insidebrussels.be\/V2\/wp-json\/wp\/v2\/types\/post"}],"author":[{"embeddable":true,"href":"https:\/\/www.insidebrussels.be\/V2\/wp-json\/wp\/v2\/users\/1"}],"replies":[{"embeddable":true,"href":"https:\/\/www.insidebrussels.be\/V2\/wp-json\/wp\/v2\/comments?post=8376"}],"version-history":[{"count":13,"href":"https:\/\/www.insidebrussels.be\/V2\/wp-json\/wp\/v2\/posts\/8376\/revisions"}],"predecessor-version":[{"id":10438,"href":"https:\/\/www.insidebrussels.be\/V2\/wp-json\/wp\/v2\/posts\/8376\/revisions\/10438"}],"wp:featuredmedia":[{"embeddable":true,"href":"https:\/\/www.insidebrussels.be\/V2\/wp-json\/wp\/v2\/media\/8377"}],"wp:attachment":[{"href":"https:\/\/www.insidebrussels.be\/V2\/wp-json\/wp\/v2\/media?parent=8376"}],"wp:term":[{"taxonomy":"category","embeddable":true,"href":"https:\/\/www.insidebrussels.be\/V2\/wp-json\/wp\/v2\/categories?post=8376"},{"taxonomy":"post_tag","embeddable":true,"href":"https:\/\/www.insidebrussels.be\/V2\/wp-json\/wp\/v2\/tags?post=8376"}],"curies":[{"name":"wp","href":"https:\/\/api.w.org\/{rel}","templated":true}]}}