{"id":842,"date":"2013-12-21T23:59:57","date_gmt":"2013-12-21T22:59:57","guid":{"rendered":"http:\/\/theme-sphere.com\/smart-mag\/?p=842"},"modified":"2022-11-27T23:28:42","modified_gmt":"2022-11-27T22:28:42","slug":"le-marche-bruxelles-midi","status":"publish","type":"post","link":"https:\/\/www.insidebrussels.be\/V2\/bruxelles\/le-marche-bruxelles-midi\/","title":{"rendered":"March\u00e9 de Bruxelles Midi","gt_translate_keys":[{"key":"rendered","format":"text"}]},"content":{"rendered":"<h2>March\u00e9 de Bruxelles-midi bons plans et info<\/h2>\n<div id='gallery-1' class='gallery galleryid-842 gallery-columns-3 gallery-size-thumbnail'><figure class='gallery-item'>\n\t\t\t<div class='gallery-icon landscape'>\n\t\t\t\t<img decoding=\"async\" width=\"150\" height=\"150\" src=\"https:\/\/www.insidebrussels.be\/V2\/wp-content\/uploads\/2013\/12\/IMG_2746-150x150.jpg\" class=\"attachment-thumbnail size-thumbnail\" alt=\"\" \/>\n\t\t\t<\/div><\/figure><figure class='gallery-item'>\n\t\t\t<div class='gallery-icon landscape'>\n\t\t\t\t<img decoding=\"async\" width=\"150\" height=\"150\" src=\"https:\/\/www.insidebrussels.be\/V2\/wp-content\/uploads\/2013\/12\/IMG_2748-150x150.jpg\" class=\"attachment-thumbnail size-thumbnail\" alt=\"\" \/>\n\t\t\t<\/div><\/figure><figure class='gallery-item'>\n\t\t\t<div class='gallery-icon portrait'>\n\t\t\t\t<img decoding=\"async\" width=\"150\" height=\"150\" src=\"https:\/\/www.insidebrussels.be\/V2\/wp-content\/uploads\/2013\/12\/IMG_2750-150x150.jpg\" class=\"attachment-thumbnail size-thumbnail\" alt=\"\" \/>\n\t\t\t<\/div><\/figure><figure class='gallery-item'>\n\t\t\t<div class='gallery-icon landscape'>\n\t\t\t\t<img decoding=\"async\" width=\"150\" height=\"150\" src=\"https:\/\/www.insidebrussels.be\/V2\/wp-content\/uploads\/2013\/12\/IMG_2752-150x150.jpg\" class=\"attachment-thumbnail size-thumbnail\" alt=\"\" \/>\n\t\t\t<\/div><\/figure><figure class='gallery-item'>\n\t\t\t<div class='gallery-icon portrait'>\n\t\t\t\t<img decoding=\"async\" width=\"150\" height=\"150\" src=\"https:\/\/www.insidebrussels.be\/V2\/wp-content\/uploads\/2013\/12\/IMG_2754-150x150.jpg\" class=\"attachment-thumbnail size-thumbnail\" alt=\"\" \/>\n\t\t\t<\/div><\/figure><figure class='gallery-item'>\n\t\t\t<div class='gallery-icon portrait'>\n\t\t\t\t<img decoding=\"async\" width=\"150\" height=\"150\" src=\"https:\/\/www.insidebrussels.be\/V2\/wp-content\/uploads\/2013\/12\/IMG_2757-150x150.jpg\" class=\"attachment-thumbnail size-thumbnail\" alt=\"\" \/>\n\t\t\t<\/div><\/figure><figure class='gallery-item'>\n\t\t\t<div class='gallery-icon landscape'>\n\t\t\t\t<img decoding=\"async\" width=\"150\" height=\"150\" src=\"https:\/\/www.insidebrussels.be\/V2\/wp-content\/uploads\/2013\/12\/IMG_2758-150x150.jpg\" class=\"attachment-thumbnail size-thumbnail\" alt=\"\" \/>\n\t\t\t<\/div><\/figure><figure class='gallery-item'>\n\t\t\t<div class='gallery-icon landscape'>\n\t\t\t\t<img decoding=\"async\" width=\"150\" height=\"150\" src=\"https:\/\/www.insidebrussels.be\/V2\/wp-content\/uploads\/2013\/12\/IMG_2762-150x150.jpg\" class=\"attachment-thumbnail size-thumbnail\" alt=\"\" \/>\n\t\t\t<\/div><\/figure><figure class='gallery-item'>\n\t\t\t<div class='gallery-icon landscape'>\n\t\t\t\t<img decoding=\"async\" width=\"150\" height=\"150\" src=\"https:\/\/www.insidebrussels.be\/V2\/wp-content\/uploads\/2013\/12\/IMG_2991-150x150.jpg\" class=\"attachment-thumbnail size-thumbnail\" alt=\"\" \/>\n\t\t\t<\/div><\/figure>\n\t\t<\/div>\n\n<p style=\"text-align: justify;\">C&rsquo;est <a href=\"http:\/\/www.insidebrussels.be\/V2\/bruxelles\/faire-a-bruxelles-dimanche-nos-solutions\/\">dimanche<\/a> et vous ne savez pas o\u00f9 faire vos courses ? Ou simplement vous souhaitez faire quelque chose de diff\u00e9rent ce weekend. Avez vous pens\u00e9 au march\u00e9 de Bruxelles midi? C&rsquo;est\u00a0<strong>l&rsquo;un des plus connus de la capitale Belge<\/strong>. Chaque semaine des milliers de Bruxellois s&rsquo;y donnent rendez-vous pour faire leur achat et profiter pour prendre l&rsquo;air. Il s&rsquo;agit <strong>d&rsquo;un des plus grand march\u00e9 d&rsquo;Europe<\/strong>. Une fois sur place vous pourrez vous en rendre compte, ce march\u00e9 est tout simplement immense.<\/p>\n<h3>Quand \u00e0 lieu le march\u00e9 de Bruxelles-Midi?<\/h3>\n<p>Rendez-vous le dimanche \u00e0 Bruxelles pour le march\u00e9 du Bruxelles-midi. C&rsquo;est le matin qu&rsquo;il faudra vous rendre pour pouvoir en profiter pleintemant. De nombreux artisan et commer\u00e7ants seront pr\u00e9sents pour un des plus grands march\u00e9s d\u2019Europe.<\/p>\n<p>Tr\u00e8s bien desservi par les transports en commun, le march\u00e9 du Midi a lieu tous les dimanches de 7h00 \u00e0 14h00.<\/p>\n<figure id=\"attachment_2352\" aria-describedby=\"caption-attachment-2352\" style=\"width: 640px\" class=\"wp-caption aligncenter\"><img decoding=\"async\" class=\"wp-image-2352 size-large\" title=\"March\u00e9 de Bruxelles-Midi (c) Photo Pierre Halleux\" src=\"https:\/\/www.insidebrussels.be\/V2\/wp-content\/uploads\/2013\/12\/IMG_2745-1024x768.jpg\" alt=\"March\u00e9 de Bruxelles-Midi (c) Photo Pierre Halleux\" width=\"640\" height=\"480\" srcset=\"https:\/\/www.insidebrussels.be\/V2\/wp-content\/uploads\/2013\/12\/IMG_2745-1024x768.jpg 1024w, https:\/\/www.insidebrussels.be\/V2\/wp-content\/uploads\/2013\/12\/IMG_2745-300x225.jpg 300w, https:\/\/www.insidebrussels.be\/V2\/wp-content\/uploads\/2013\/12\/IMG_2745.jpg 1078w\" sizes=\"(max-width: 640px) 100vw, 640px\" \/><figcaption id=\"caption-attachment-2352\" class=\"wp-caption-text\">March\u00e9 de Bruxelles-Midi (c) Photo Pierre Halleux. Echoppe de v\u00eatements<\/figcaption><\/figure>\n<h3>Que peut-on acheter au march\u00e9 de Bruxelles-midi?<\/h3>\n<p>Ce march\u00e9 propose aussi bien des <strong>produits frais<\/strong>,<strong> de la <a href=\"https:\/\/www.insidebrussels.be\/V2\/bruxelles\/ou-acheter-de-la-bonne-viande-a-bruxelles-meilleures-boucheries\/\">viande<\/a><\/strong>, que du <a href=\"https:\/\/www.insidebrussels.be\/V2\/bruxelles\/ou-manger-du-poisson-a-bruxelles\/\"><strong>poisson<\/strong><\/a>, des <a href=\"https:\/\/www.insidebrussels.be\/V2\/bruxelles\/isaac-meilleurs-magasin-plantes-bruxelles\/\"><strong>fleurs<\/strong> <strong>et des plantes<\/strong><\/a> ou encore des v\u00eatements. On y trouve de tout \u00e0 des prix imbattables. V\u00e9ritable voyage dans les senteurs et les couleurs, les amateurs de cuisine du monde se laisseront ainsi s\u00e9duire par les produits venant des quatre coins du globe. Riche de ses nationalit\u00e9s, le lieu vous plongera dans l\u2019atmosph\u00e8re cosmopolite de la capitale belge\u202f!<\/p>\n<p style=\"text-align: justify;\">Chaque dimanche matin, la foule est au rendez-vous pour le march\u00e9 du midi. Sur la liste des courses on retrouve de tout. Sachez que vous serez ravis principalement si vous recherchez des fruits et l\u00e9gumes, \u00e9pices, v\u00eatement, et m\u00eame des fleurs. Vous trouverez \u00e9galement des <a href=\"http:\/\/www.insidebrussels.be\/V2\/bruxelles\/bruxelles-a-velo\/\"><strong>v\u00e9los<\/strong><\/a> ainsi que des<strong> produits de beaut\u00e9<\/strong>.<\/p>\n<p style=\"text-align: justify;\">Si vous recherchez principalement des produits d&rsquo;origines maghr\u00e9bines, vous serez ravis face au choix qui se pr\u00e9sentera \u00e0 vous. Vous trouverez \u00e9galement des <a href=\"http:\/\/www.insidebrussels.be\/V2\/bruxelles\/restaurant-halal-bruxelles\/\">viandes halal.<\/a>\u00a0Vous pourrez \u00e9galement<a href=\"http:\/\/www.insidebrussels.be\/V2\/bruxelles\/bruxelles-manger-pas-cher-nos-bons-plans\/\"> manger sur le march\u00e9 dans des petites \u00e9choppes des produits typique maghr\u00e9bins pour pas trop cher! \u00a0<\/a><\/p>\n<figure id=\"attachment_2350\" aria-describedby=\"caption-attachment-2350\" style=\"width: 640px\" class=\"wp-caption aligncenter\"><img decoding=\"async\" class=\"wp-image-2350 size-large\" title=\"Acheter des fleurs sur le march\u00e9 de Bruxelles Midi (c) Photo Pierre Halleux\" src=\"https:\/\/www.insidebrussels.be\/V2\/wp-content\/uploads\/2013\/12\/IMG_2743-1024x768.jpg\" alt=\"Acheter des fleurs sur le march\u00e9 de Bruxelles Midi (c) Photo Pierre Halleux\" width=\"640\" height=\"480\" srcset=\"https:\/\/www.insidebrussels.be\/V2\/wp-content\/uploads\/2013\/12\/IMG_2743-1024x768.jpg 1024w, https:\/\/www.insidebrussels.be\/V2\/wp-content\/uploads\/2013\/12\/IMG_2743-300x225.jpg 300w, https:\/\/www.insidebrussels.be\/V2\/wp-content\/uploads\/2013\/12\/IMG_2743.jpg 1078w\" sizes=\"(max-width: 640px) 100vw, 640px\" \/><figcaption id=\"caption-attachment-2350\" class=\"wp-caption-text\">Acheter des fleurs sur le march\u00e9 de Bruxelles Midi (c) Photo Pierre Halleux<\/figcaption><\/figure>\n<h2><span style=\"color: #99cc00;\">Ambiance March\u00e9 de Bruxelles midi<\/span><\/h2>\n<p style=\"text-align: left;\"><span style=\"color: #99cc00;\"><span style=\"color: #000000;\">L&rsquo;ambiance est cosmopolite sur le march\u00e9 et refl\u00e8te bien la diversit\u00e9 qui compose Bruxelles.\u00a0\u00a0Tous les ingr\u00e9dients sont donc au rendez-vous pour passer un bon moment shopping dans une atmosph\u00e8re typique des march\u00e9s Bruxellois !<\/span><\/span><\/p>\n<p>&nbsp;<\/p>\n<p style=\"text-align: center;\"><span style=\"color: #99cc00;\"><iframe loading=\"lazy\" src=\"https:\/\/www.youtube.com\/embed\/3E892oTY5r0?rel=0&amp;controls=0&amp;showinfo=0\" width=\"560\" height=\"315\" frameborder=\"0\" allowfullscreen=\"allowfullscreen\"><\/iframe><\/span><\/p>\n<h2><span style=\"color: #99cc00;\"> Horaires et adresse du march\u00e9 de Bruxelles-midi:<\/span><\/h2>\n<p>Le march\u00e9 de Bruxelles midi se d\u00e9roule principalement autour de la Gare du Midi jusqu&rsquo;\u00e0 l&rsquo;intersection des communes d&rsquo;Anderlecht et Saint-Gilles. N&rsquo;h\u00e9sitez pas \u00e0 regarder <a href=\"http:\/\/www.insidebrussels.be\/V2\/bruxelles\/bruxelles-centre-se-garer\/\">nos conseils parking pr\u00e8s de Bruxelles midi.<\/a><\/p>\n<p><span style=\"color: #000000;\">Horaires et jours ouverture : Dimanche : 6h \u00e0 14h<\/span><br \/>\n<span style=\"color: #000000;\"> Adresse du march\u00e9 : Gare du Midi, Bruxelles<\/span><br \/>\n<span style=\"color: #000000;\"> Acc\u00e8s en Bus : Tram 82 &#8211; Bus 27, train arr\u00eat Bruxelles MIDI<\/span><br \/>\n<span style=\"color: #000000;\"> M\u00e9tro : M\u00e9tro 6, arr\u00eat MIDI<\/span><\/p>\n<h2><span style=\"color: #99cc00;\">A faire apr\u00e8s le march\u00e9 \u00e0 Bruxelles le dimanche!<\/span><\/h2>\n<p><span style=\"color: #000000;\">Ne manquez pas le dimanche le<span style=\"color: #99cc00;\"><a style=\"color: #99cc00;\" href=\"http:\/\/www.insidebrussels.be\/V2\/bruxelles\/le-marche-aux-puces-de-bruxelles-dans-les-marolles-place-du-jeu-de-balle\/\"> traditionnel march\u00e9 aux puces<\/a><\/span> et pensez-\u00e9galement \u00e0 votre<span style=\"color: #99cc00;\"><a style=\"color: #99cc00;\" href=\"http:\/\/www.insidebrussels.be\/V2\/bruxelles\/ou-manger-un-brunch-a-bruxelles\/\"> brunch du weekend<\/a><\/span>! Vous pourrez m\u00eame faire du <span style=\"color: #99cc00;\"><a style=\"color: #99cc00;\" href=\"http:\/\/www.insidebrussels.be\/V2\/bruxelles\/creer-des-colliers-de-perles\/\">shopping \u00e0 certains endroit le dimanche.<\/a><\/span><\/span><\/p>\n","protected":false,"gt_translate_keys":[{"key":"rendered","format":"html"}]},"excerpt":{"rendered":"<p>March\u00e9 de Bruxelles-midi bons plans et info C&rsquo;est dimanche et vous ne savez pas o\u00f9<\/p>\n","protected":false,"gt_translate_keys":[{"key":"rendered","format":"html"}]},"author":1,"featured_media":2359,"comment_status":"open","ping_status":"open","sticky":false,"template":"","format":"gallery","meta":{"_lmt_disableupdate":"","_lmt_disable":"","footnotes":""},"categories":[12,506,73,31],"tags":[47,58,48,174],"class_list":["post-842","post","type-post","status-publish","format-gallery","has-post-thumbnail","hentry","category-bouger-a-bruxelles-choses-a-faire-et-visiter","category-les-marche-plein-air-bruxelles","category-vie-a-bruxelles","category-shopping","tag-a-faire-le-dimanche","tag-en-amoureux","tag-gratuit","tag-pas-cher","post_format-post-format-gallery"],"modified_by":"pierre","amp_enabled":true,"gt_translate_keys":[{"key":"link","format":"url"}],"_links":{"self":[{"href":"https:\/\/www.insidebrussels.be\/V2\/wp-json\/wp\/v2\/posts\/842","targetHints":{"allow":["GET"]}}],"collection":[{"href":"https:\/\/www.insidebrussels.be\/V2\/wp-json\/wp\/v2\/posts"}],"about":[{"href":"https:\/\/www.insidebrussels.be\/V2\/wp-json\/wp\/v2\/types\/post"}],"author":[{"embeddable":true,"href":"https:\/\/www.insidebrussels.be\/V2\/wp-json\/wp\/v2\/users\/1"}],"replies":[{"embeddable":true,"href":"https:\/\/www.insidebrussels.be\/V2\/wp-json\/wp\/v2\/comments?post=842"}],"version-history":[{"count":9,"href":"https:\/\/www.insidebrussels.be\/V2\/wp-json\/wp\/v2\/posts\/842\/revisions"}],"predecessor-version":[{"id":13320,"href":"https:\/\/www.insidebrussels.be\/V2\/wp-json\/wp\/v2\/posts\/842\/revisions\/13320"}],"wp:featuredmedia":[{"embeddable":true,"href":"https:\/\/www.insidebrussels.be\/V2\/wp-json\/wp\/v2\/media\/2359"}],"wp:attachment":[{"href":"https:\/\/www.insidebrussels.be\/V2\/wp-json\/wp\/v2\/media?parent=842"}],"wp:term":[{"taxonomy":"category","embeddable":true,"href":"https:\/\/www.insidebrussels.be\/V2\/wp-json\/wp\/v2\/categories?post=842"},{"taxonomy":"post_tag","embeddable":true,"href":"https:\/\/www.insidebrussels.be\/V2\/wp-json\/wp\/v2\/tags?post=842"}],"curies":[{"name":"wp","href":"https:\/\/api.w.org\/{rel}","templated":true}]}}