{"id":9172,"date":"2019-03-05T17:09:47","date_gmt":"2019-03-05T16:09:47","guid":{"rendered":"http:\/\/www.insidebrussels.be\/V2\/?p=9172"},"modified":"2019-03-05T17:35:45","modified_gmt":"2019-03-05T16:35:45","slug":"ou-feter-saint-patricks-day-a-bruxelles-2019","status":"publish","type":"post","link":"https:\/\/www.insidebrussels.be\/V2\/bruxelles\/ou-feter-saint-patricks-day-a-bruxelles-2019\/","title":{"rendered":"O\u00f9 f\u00eater saint-Patrick&rsquo;s day \u00e0 Bruxelles 2019 \ud83d\udc9a\ud83c\uddee\ud83c\uddea","gt_translate_keys":[{"key":"rendered","format":"text"}]},"content":{"rendered":"<h1><span style=\"color: #99cc00;\">Saint-Patrick&rsquo;s day \u00e0 Bruxelles: o\u00f9 f\u00eater 2019 ?<\/span><\/h1>\n<div id='gallery-1' class='gallery galleryid-9172 gallery-columns-3 gallery-size-thumbnail'><figure class='gallery-item'>\n\t\t\t<div class='gallery-icon landscape'>\n\t\t\t\t<a href='https:\/\/www.insidebrussels.be\/V2\/bruxelles\/ou-feter-saint-patricks-day-a-bruxelles-2019\/52736442_2096985817054874_826196496222257152_o\/'><img decoding=\"async\" width=\"150\" height=\"150\" src=\"https:\/\/www.insidebrussels.be\/V2\/wp-content\/uploads\/2019\/03\/52736442_2096985817054874_826196496222257152_o-150x150.jpg\" class=\"attachment-thumbnail size-thumbnail\" alt=\"Saint Patrick Bruxelles\" aria-describedby=\"gallery-1-9173\" srcset=\"https:\/\/www.insidebrussels.be\/V2\/wp-content\/uploads\/2019\/03\/52736442_2096985817054874_826196496222257152_o-150x150.jpg 150w, https:\/\/www.insidebrussels.be\/V2\/wp-content\/uploads\/2019\/03\/52736442_2096985817054874_826196496222257152_o-300x300.jpg 300w, https:\/\/www.insidebrussels.be\/V2\/wp-content\/uploads\/2019\/03\/52736442_2096985817054874_826196496222257152_o-768x768.jpg 768w, https:\/\/www.insidebrussels.be\/V2\/wp-content\/uploads\/2019\/03\/52736442_2096985817054874_826196496222257152_o-1024x1024.jpg 1024w, https:\/\/www.insidebrussels.be\/V2\/wp-content\/uploads\/2019\/03\/52736442_2096985817054874_826196496222257152_o.jpg 1080w\" sizes=\"(max-width: 150px) 100vw, 150px\" \/><\/a>\n\t\t\t<\/div>\n\t\t\t\t<figcaption class='wp-caption-text gallery-caption' id='gallery-1-9173'>\n\t\t\t\tSaint Patrick Bruxelles\n\t\t\t\t<\/figcaption><\/figure><figure class='gallery-item'>\n\t\t\t<div class='gallery-icon landscape'>\n\t\t\t\t<a href='https:\/\/www.insidebrussels.be\/V2\/bruxelles\/ou-feter-saint-patricks-day-a-bruxelles-2019\/313192_10150252658027609_1894691144_n\/'><img decoding=\"async\" width=\"150\" height=\"150\" src=\"https:\/\/www.insidebrussels.be\/V2\/wp-content\/uploads\/2019\/03\/313192_10150252658027609_1894691144_n-150x150.jpg\" class=\"attachment-thumbnail size-thumbnail\" alt=\"Saint Patrick Bruxelles\" aria-describedby=\"gallery-1-9174\" \/><\/a>\n\t\t\t<\/div>\n\t\t\t\t<figcaption class='wp-caption-text gallery-caption' id='gallery-1-9174'>\n\t\t\t\tSaint Patrick Bruxelles\n\t\t\t\t<\/figcaption><\/figure><figure class='gallery-item'>\n\t\t\t<div class='gallery-icon landscape'>\n\t\t\t\t<a href='https:\/\/www.insidebrussels.be\/V2\/bruxelles\/ou-feter-saint-patricks-day-a-bruxelles-2019\/52038583_2370073979704671_4490745730851405824_o\/'><img decoding=\"async\" width=\"150\" height=\"150\" src=\"https:\/\/www.insidebrussels.be\/V2\/wp-content\/uploads\/2019\/03\/52038583_2370073979704671_4490745730851405824_o-150x150.jpg\" class=\"attachment-thumbnail size-thumbnail\" alt=\"Saint Patrick Grand Central 2019\" aria-describedby=\"gallery-1-9179\" \/><\/a>\n\t\t\t<\/div>\n\t\t\t\t<figcaption class='wp-caption-text gallery-caption' id='gallery-1-9179'>\n\t\t\t\tSaint Patrick Grand Central 2019 (c) Grand Central Facebook page\n\t\t\t\t<\/figcaption><\/figure><figure class='gallery-item'>\n\t\t\t<div class='gallery-icon landscape'>\n\t\t\t\t<a href='https:\/\/www.insidebrussels.be\/V2\/bruxelles\/ou-feter-saint-patricks-day-a-bruxelles-2019\/st-4020019_1920\/'><img decoding=\"async\" width=\"150\" height=\"150\" src=\"https:\/\/www.insidebrussels.be\/V2\/wp-content\/uploads\/2019\/03\/st-4020019_1920-150x150.jpg\" class=\"attachment-thumbnail size-thumbnail\" alt=\"Saint-Patrick \u00e0 Bruxelles (c) 4020019 Pixabay\" aria-describedby=\"gallery-1-9188\" \/><\/a>\n\t\t\t<\/div>\n\t\t\t\t<figcaption class='wp-caption-text gallery-caption' id='gallery-1-9188'>\n\t\t\t\tSaint-Patrick \u00e0 Bruxelles (c) Pixabay 4020019\n\t\t\t\t<\/figcaption><\/figure>\n\t\t<\/div>\n\n<p>Habillez-vous de vert et venez\u00a0<strong>c\u00e9l\u00e9brer la Saint-Patrick 2019 \u00e0 Bruxelles<\/strong> ! Au programme des Soir\u00e9es, concerts, des jeux et diners sont organis\u00e9s \u00e0 l\u2019occasion de cette f\u00eate typiquement irlandaise. D\u00e9couvrez le programme pr\u00e9vu \u00e0 Bruxelles rep\u00e9r\u00e9 par InsideBrussels !<\/p>\n<h2><span style=\"color: #99cc00;\">1. F\u00eater Saint-Patrick \u00e0 Bruxelles Parc Cinquentenaire 10 Mars 2019<\/span><\/h2>\n<figure id=\"attachment_9173\" aria-describedby=\"caption-attachment-9173\" style=\"width: 150px\" class=\"wp-caption alignleft\"><img decoding=\"async\" class=\"size-thumbnail wp-image-9173\" src=\"http:\/\/www.insidebrussels.be\/V2\/wp-content\/uploads\/2019\/03\/52736442_2096985817054874_826196496222257152_o-150x150.jpg\" alt=\"Saint Patrick Bruxelles\" width=\"150\" height=\"150\" srcset=\"https:\/\/www.insidebrussels.be\/V2\/wp-content\/uploads\/2019\/03\/52736442_2096985817054874_826196496222257152_o-150x150.jpg 150w, https:\/\/www.insidebrussels.be\/V2\/wp-content\/uploads\/2019\/03\/52736442_2096985817054874_826196496222257152_o-300x300.jpg 300w, https:\/\/www.insidebrussels.be\/V2\/wp-content\/uploads\/2019\/03\/52736442_2096985817054874_826196496222257152_o-768x768.jpg 768w, https:\/\/www.insidebrussels.be\/V2\/wp-content\/uploads\/2019\/03\/52736442_2096985817054874_826196496222257152_o-1024x1024.jpg 1024w, https:\/\/www.insidebrussels.be\/V2\/wp-content\/uploads\/2019\/03\/52736442_2096985817054874_826196496222257152_o.jpg 1080w\" sizes=\"(max-width: 150px) 100vw, 150px\" \/><figcaption id=\"caption-attachment-9173\" class=\"wp-caption-text\">Saint Patrick Bruxelles<\/figcaption><\/figure>\n<p>Le Belgium Gaelic Associate et FC Irelands vous invite \u00e0 rejoindre leur \u00e9v\u00e9nement du <strong>Samedi 10 mars \u00ab\u00a0Annual St. Patrick&rsquo;s Day Fundraiser\u00a0\u00bb<\/strong>! Au programme, des <strong>sports<\/strong> <strong>irlandais<\/strong> et <strong>jeux<\/strong>, des activit\u00e9s <strong>culturelles<\/strong> et <strong>sportives<\/strong> ainsi que de la <strong>musique<\/strong> et <strong>nourriture<\/strong> <strong>irelandaise<\/strong>. Il s&rsquo;agit d&rsquo;un \u00e9v\u00e9nement pour<strong> lever des fonds<\/strong>\u00a0organis\u00e9 par des b\u00e9n\u00e9voles. Il y aura de quoi occuper les enfants et adultes toute la journ\u00e9e lors de ce festival organis\u00e9 dans le parc cinquantenaire. \u00a0Tout le monde est bienvenue, <strong>l&rsquo;entr\u00e9e est gratuite. <\/strong>Plus\u00a0d&rsquo;info sur <a href=\"https:\/\/www.facebook.com\/events\/285366758821562\/\">la page Facebook\u00a0\u00e9v\u00e9nement<\/a><\/p>\n<p>[accordions]<br \/>\n[accordion title=\u00a0\u00bbConsulter le programme de la journ\u00e9e Saint-Patrick\u00a0\u00bb load=\u00a0\u00bbhide\u00a0\u00bb]content<\/p>\n<p>&nbsp;<\/p>\n<p>**CULTURAL STAGE SCHEDULE**<br \/>\n12:00 &#8211; 12:30 Cairde sa Bheilg (traditional music)<br \/>\n12.30 &#8211; 13:00 <a href=\"https:\/\/www.facebook.com\/The-Newe-Academy-of-Irish-Dance-153601141735902\/\" target=\"_blank\" rel=\"noopener\">The Newe Academy of Irish Dance<\/a><br \/>\n13:00 &#8211; 13.30 <a href=\"https:\/\/www.facebook.com\/groups\/196177397098834\/\" target=\"_blank\" rel=\"noopener\">Brussels Set Dance<\/a><br \/>\n13.30 &#8211; 14:00 Cairde sa Bheilg (traditional music)<br \/>\n14:00 &#8211; 14:30 <a href=\"https:\/\/www.facebook.com\/taradancebelgium\/\" target=\"_blank\" rel=\"noopener\">Taradance<\/a><br \/>\n14:30 &#8211; 15:00 The Rowland Family<br \/>\n15:00 &#8211; 15:30 Isbits Choir<br \/>\n15:30 &#8211; 16:00 <a href=\"https:\/\/www.facebook.com\/iersedans\/\" target=\"_blank\" rel=\"noopener\">Irish Dance Belgium &#8211; Eireann Dance Academy<\/a><br \/>\n16:00 &#8211; 16:30 C\u00e9il\u00ed &#8211; all welcome!<\/p>\n<p>**PITCH SCHEDULE**<br \/>\n12.00 &#8211; 13.45 &#8211; Gaelic football games for children from <a href=\"https:\/\/www.facebook.com\/playgaa.be\/\" target=\"_blank\" rel=\"noopener\">European Communities Gaelic Club<\/a><br \/>\n14:00 &#8211; 14:30 &#8211; Camogie<br \/>\n14.30 &#8211; 15:00 &#8211; Belgium Ladies Gaelic Football vs Leuven<br \/>\n15.00 &#8211; 15.30 &#8211; Belgium Men\u2019s Gaelic Football Vs <a href=\"https:\/\/www.facebook.com\/LeuvenEarls\/\" target=\"_blank\" rel=\"noopener\">The Earls of Leuven<\/a><br \/>\n15.30 &#8211; 16.00 \u2013 Hurling<\/p>\n<p>**PUBALL NA GAEILGE\/IRISH LANGUAGE TENT**<br \/>\n12:30 &#8211; 13:15 &#8211; Rang Gaeilge do thosaitheoir\u00ed (Irish class for beginners)<br \/>\n13:15 &#8211; 13:45 &#8211; Rang Amhr\u00e1na\u00edochta (Singing in Irish)<br \/>\n13:45 &#8211; 14:30 &#8211; Rang Gaeilge do thosaitheoir\u00ed (Irish class for beginners)<br \/>\n14:30 &#8211; 15:00 &#8211; Rang Amhr\u00e1na\u00edochta (Singing in Irish)<br \/>\n15:00 &#8211; 15:30 &#8211; <a href=\"https:\/\/www.facebook.com\/hashtag\/popupgaeltacht\" target=\"_blank\" rel=\"noopener\">#PopUpGaeltacht<\/a> (Be\u00e1r ar oscailt)<br \/>\n[\/accordion]<br \/>\n[\/accordions]<\/p>\n<p>&nbsp;<\/p>\n<h2><span style=\"color: #99cc00;\">2. \u00a0Saint Patrick&rsquo;s Party at Aloft Hotel \/ EU District 16 Mars 2019<\/span><\/h2>\n<figure id=\"attachment_9183\" aria-describedby=\"caption-attachment-9183\" style=\"width: 150px\" class=\"wp-caption alignleft\"><img decoding=\"async\" class=\"wp-image-9183 size-thumbnail\" src=\"http:\/\/www.insidebrussels.be\/V2\/wp-content\/uploads\/2019\/03\/53267012_1015341568654995_43266813345136640_o-e1551803299105-150x150.jpg\" alt=\"Saint Patrick A loft Bruxelles 2019\" width=\"150\" height=\"150\" \/><figcaption id=\"caption-attachment-9183\" class=\"wp-caption-text\">Saint Patrick A loft Bruxelles 2019<\/figcaption><\/figure>\n<p>La soir\u00e9e Saint Patrick&rsquo;s party est annonc\u00e9e par Just A Night. Si vous ne connaissait pas, il s&rsquo;agit du concept informel, le plus itin\u00e9rant de la capitale, \u00a0fond\u00e9 par des amoureux de la nuit bruxelloise depuis plus de 10 ans&#8230; Le public est cosmopolite, compos\u00e9 d&rsquo;internationaux, expats, bruxellois, DJ compl\u00e8tement fous, artistes belges ou internationaux. Il s&rsquo;agit de la soir\u00e9e\u00a0GRAND RETOUR dans le <strong>quartier EU \u00e0 Bruxelles<\/strong>, avec pour th\u00e8me: \u00ab\u00a0<strong>Saint Patrick&rsquo;s Party<\/strong>\u00ab\u00a0. \u00a0Rendez-vous le<strong> samedi 16 mars au Aloft Hotel Schumam<\/strong>, H\u00f4tel Urbain qui ouvre ses portes le temps d&rsquo;une soir\u00e9e \u00e0 partir de 22:30. <a href=\"https:\/\/www.facebook.com\/events\/799820980369127\/\">Plus d&rsquo;info sur Facebook.<\/a><\/p>\n<p>[accordions]<br \/>\n[accordion title=\u00a0\u00bbConsulter le programme de la soir\u00e9e Saint-Patrick\u00a0\u00bb load=\u00a0\u00bbhide\u00a0\u00bb]<\/p>\n<p>\u2022 Best Epic Hits + Best of 80\u2019- 90\u2019- 2000\u2019 MUSIC<br \/>\n\u2022 DRESS CODE: Saint Patrick&rsquo;s Style or Urban Chic<br \/>\n\u2022 Door open: 22:30<br \/>\n\u2022 Entrance : Rue Juste Lipse &#8211; 1000 Brussels<br \/>\n\u2022 Easy parking around<\/p>\n<p>Infos &amp; Table Booking : info@justanight.net \u00a0or +32 478\/58.60.39<\/p>\n<p>[\/accordion]<br \/>\n[\/accordions]<\/p>\n<h2><span style=\"color: #99cc00;\">3. Autres endroits pour f\u00eater la Saint-Patrick \u00e0 Bruxelles 2019:<\/span><\/h2>\n<ul>\n<li><strong>Live Irish Jam Session St. Patrick&rsquo;s Day au caf\u00e9 Coolock 17 Mars 2019<\/strong> \u00a0. \u00ab\u00a0Comme chaque ann\u00e9e, plus fort et plus heureux\u00a0\u00bb est le th\u00e8me de la soir\u00e9e. \u00a0L&rsquo;organisateur annonce sa plus grand Irish Session live jamais organis\u00e9e le 17 mars Rue Archim\u00e8de 55, 1000 Brussels, Belgium \u00a0. <a href=\"https:\/\/www.facebook.com\/events\/2396593960364337\/\">Plus d&rsquo;info sur l&rsquo;\u00e9v\u00e9nement.<\/a><\/li>\n<li>\n<h4>F\u00eater Saint-Patrick \u00e0 Caf\u00e9 Grand central 16 Mars 2019<\/h4>\n<\/li>\n<\/ul>\n<p>Venez faire la f\u00eate \u00e0 partir de 18h00 au caf\u00e9 Grand Central. L&rsquo;organisateur annonce la soir\u00e9e la plus verte de l&rsquo;ann\u00e9e. Il y aura \u00e0 manger et \u00e0 boire le 16 mars 2019 \u00e0 partir de 18h00 Rue Beillard 190 \u00e0 Etterbeek&#8230; Nourriture et bi\u00e8res Irlandaises biens\u00fbr ! \u00a0\ud83d\udc9a\ud83c\uddee\ud83c\uddea Concert organis\u00e9 par OrgaZic. <a href=\"https:\/\/www.facebook.com\/events\/596159140855010\/\">Info sur Facebook<\/a><\/p>\n<p>&nbsp;<\/p>\n","protected":false,"gt_translate_keys":[{"key":"rendered","format":"html"}]},"excerpt":{"rendered":"<p>Saint-Patrick&rsquo;s day \u00e0 Bruxelles: o\u00f9 f\u00eater 2019 ? Habillez-vous de vert et venez\u00a0c\u00e9l\u00e9brer la Saint-Patrick<\/p>\n","protected":false,"gt_translate_keys":[{"key":"rendered","format":"html"}]},"author":1,"featured_media":9188,"comment_status":"open","ping_status":"open","sticky":false,"template":"","format":"gallery","meta":{"_lmt_disableupdate":"","_lmt_disable":"","footnotes":""},"categories":[12],"tags":[196],"class_list":["post-9172","post","type-post","status-publish","format-gallery","has-post-thumbnail","hentry","category-bouger-a-bruxelles-choses-a-faire-et-visiter","tag-entre-amis","post_format-post-format-gallery"],"modified_by":"pierre","amp_enabled":true,"gt_translate_keys":[{"key":"link","format":"url"}],"_links":{"self":[{"href":"https:\/\/www.insidebrussels.be\/V2\/wp-json\/wp\/v2\/posts\/9172","targetHints":{"allow":["GET"]}}],"collection":[{"href":"https:\/\/www.insidebrussels.be\/V2\/wp-json\/wp\/v2\/posts"}],"about":[{"href":"https:\/\/www.insidebrussels.be\/V2\/wp-json\/wp\/v2\/types\/post"}],"author":[{"embeddable":true,"href":"https:\/\/www.insidebrussels.be\/V2\/wp-json\/wp\/v2\/users\/1"}],"replies":[{"embeddable":true,"href":"https:\/\/www.insidebrussels.be\/V2\/wp-json\/wp\/v2\/comments?post=9172"}],"version-history":[{"count":12,"href":"https:\/\/www.insidebrussels.be\/V2\/wp-json\/wp\/v2\/posts\/9172\/revisions"}],"predecessor-version":[{"id":9177,"href":"https:\/\/www.insidebrussels.be\/V2\/wp-json\/wp\/v2\/posts\/9172\/revisions\/9177"}],"wp:featuredmedia":[{"embeddable":true,"href":"https:\/\/www.insidebrussels.be\/V2\/wp-json\/wp\/v2\/media\/9188"}],"wp:attachment":[{"href":"https:\/\/www.insidebrussels.be\/V2\/wp-json\/wp\/v2\/media?parent=9172"}],"wp:term":[{"taxonomy":"category","embeddable":true,"href":"https:\/\/www.insidebrussels.be\/V2\/wp-json\/wp\/v2\/categories?post=9172"},{"taxonomy":"post_tag","embeddable":true,"href":"https:\/\/www.insidebrussels.be\/V2\/wp-json\/wp\/v2\/tags?post=9172"}],"curies":[{"name":"wp","href":"https:\/\/api.w.org\/{rel}","templated":true}]}}