{"id":9204,"date":"2020-03-19T00:55:13","date_gmt":"2020-03-18T23:55:13","guid":{"rendered":"http:\/\/www.insidebrussels.be\/V2\/?p=9204"},"modified":"2024-07-27T23:37:27","modified_gmt":"2024-07-27T21:37:27","slug":"visiter-bruxelles-en-un-jours-cest-possible","status":"publish","type":"post","link":"https:\/\/www.insidebrussels.be\/V2\/bruxelles\/visiter-bruxelles-en-un-jours-cest-possible\/","title":{"rendered":"Quel est le meilleur itin\u00e9raire pour visiter Bruxelles en un jour ?","gt_translate_keys":[{"key":"rendered","format":"text"}]},"content":{"rendered":"\n<p><strong>Vous n&rsquo;avez qu&rsquo;une journ\u00e9e pour explorer la capitale belge ? Pas de panique ! Bruxelles regorge de surprises et d&rsquo;exp\u00e9riences inattendues. Ce guide vous permettra de d\u00e9couvrir les incontournables de la ville, mais aussi de d\u00e9nicher des coins secrets et de vivre des moments uniques.<\/strong><\/p>\n\n\n\n<div class=\"wp-block-buttons is-content-justification-center is-layout-flex wp-container-core-buttons-is-layout-16018d1d wp-block-buttons-is-layout-flex\">\n<div class=\"wp-block-button\"><a class=\"wp-block-button__link has-light-green-cyan-background-color has-background wp-element-button\" href=\"https:\/\/www.insidebrussels.be\/V2\/bruxelles\/les-meilleurs-choses-a-faire-si-vous-etes-2-jours-a-bruxelles\/\">Deux jours \u00e0 Bruxelles ? Regarder notre autre guide<\/a><\/div>\n<\/div>\n\n\n\n<div id=\"ez-toc-container\" class=\"ez-toc-v2_0_82_1 ez-toc-wrap-center counter-hierarchy ez-toc-counter ez-toc-custom ez-toc-container-direction\">\n<p class=\"ez-toc-title\" style=\"cursor:inherit\">\ud83d\udd25 Contenu de l&#039;article:<\/p>\n<label for=\"ez-toc-cssicon-toggle-item-69f0899764663\" class=\"ez-toc-cssicon-toggle-label\"><span class=\"ez-toc-cssicon\"><span class=\"eztoc-hide\" style=\"display:none;\">Toggle<\/span><span class=\"ez-toc-icon-toggle-span\"><svg style=\"fill: #000000;color:#000000\" xmlns=\"http:\/\/www.w3.org\/2000\/svg\" class=\"list-377408\" width=\"20px\" height=\"20px\" viewBox=\"0 0 24 24\" fill=\"none\"><path d=\"M6 6H4v2h2V6zm14 0H8v2h12V6zM4 11h2v2H4v-2zm16 0H8v2h12v-2zM4 16h2v2H4v-2zm16 0H8v2h12v-2z\" fill=\"currentColor\"><\/path><\/svg><svg style=\"fill: #000000;color:#000000\" class=\"arrow-unsorted-368013\" xmlns=\"http:\/\/www.w3.org\/2000\/svg\" width=\"10px\" height=\"10px\" viewBox=\"0 0 24 24\" version=\"1.2\" baseProfile=\"tiny\"><path d=\"M18.2 9.3l-6.2-6.3-6.2 6.3c-.2.2-.3.4-.3.7s.1.5.3.7c.2.2.4.3.7.3h11c.3 0 .5-.1.7-.3.2-.2.3-.5.3-.7s-.1-.5-.3-.7zM5.8 14.7l6.2 6.3 6.2-6.3c.2-.2.3-.5.3-.7s-.1-.5-.3-.7c-.2-.2-.4-.3-.7-.3h-11c-.3 0-.5.1-.7.3-.2.2-.3.5-.3.7s.1.5.3.7z\"\/><\/svg><\/span><\/span><\/label><input type=\"checkbox\"  id=\"ez-toc-cssicon-toggle-item-69f0899764663\" checked aria-label=\"Toggle\" \/><nav><ul class='ez-toc-list ez-toc-list-level-1 ' ><li class='ez-toc-page-1 ez-toc-heading-level-2'><a class=\"ez-toc-link ez-toc-heading-1\" href=\"https:\/\/www.insidebrussels.be\/V2\/bruxelles\/visiter-bruxelles-en-un-jours-cest-possible\/#Visiter_Bruxelles_en_un_jour_cest_possible\" >Visiter Bruxelles en un jour c&rsquo;est possible!\u00a0<\/a><\/li><li class='ez-toc-page-1 ez-toc-heading-level-2'><a class=\"ez-toc-link ez-toc-heading-2\" href=\"https:\/\/www.insidebrussels.be\/V2\/bruxelles\/visiter-bruxelles-en-un-jours-cest-possible\/#Avant_daller_plus_loin_nos_itineraires_thematique\" >Avant d&rsquo;aller plus loin: nos itin\u00e9raires th\u00e9matique<\/a><ul class='ez-toc-list-level-3' ><li class='ez-toc-heading-level-3'><a class=\"ez-toc-link ez-toc-heading-3\" href=\"https:\/\/www.insidebrussels.be\/V2\/bruxelles\/visiter-bruxelles-en-un-jours-cest-possible\/#En_couple\" >En couple<\/a><\/li><li class='ez-toc-page-1 ez-toc-heading-level-3'><a class=\"ez-toc-link ez-toc-heading-4\" href=\"https:\/\/www.insidebrussels.be\/V2\/bruxelles\/visiter-bruxelles-en-un-jours-cest-possible\/#Avec_Ados\" >Avec Ados<\/a><\/li><li class='ez-toc-page-1 ez-toc-heading-level-3'><a class=\"ez-toc-link ez-toc-heading-5\" href=\"https:\/\/www.insidebrussels.be\/V2\/bruxelles\/visiter-bruxelles-en-un-jours-cest-possible\/#Pluie%E2%80%A6\" >Pluie&#8230;<\/a><\/li><\/ul><\/li><li class='ez-toc-page-1 ez-toc-heading-level-2'><a class=\"ez-toc-link ez-toc-heading-6\" href=\"https:\/\/www.insidebrussels.be\/V2\/bruxelles\/visiter-bruxelles-en-un-jours-cest-possible\/#Est-ce_que_cest_possible_en_un_jour_de_visiter_tout_Bruxelles\" >Est-ce que c&rsquo;est possible en un jour de visiter tout Bruxelles?<\/a><\/li><li class='ez-toc-page-1 ez-toc-heading-level-2'><a class=\"ez-toc-link ez-toc-heading-7\" href=\"https:\/\/www.insidebrussels.be\/V2\/bruxelles\/visiter-bruxelles-en-un-jours-cest-possible\/#Notre_itineraire_de_visite_Bruxelles_en_un_jour\" >Notre itin\u00e9raire de visite Bruxelles en un jour<\/a><ul class='ez-toc-list-level-3' ><li class='ez-toc-heading-level-3'><a class=\"ez-toc-link ez-toc-heading-8\" href=\"https:\/\/www.insidebrussels.be\/V2\/bruxelles\/visiter-bruxelles-en-un-jours-cest-possible\/#%F0%9F%93%8D_1_Merode\" >\ud83d\udccd 1. M\u00e9rode:<\/a><\/li><li class='ez-toc-page-1 ez-toc-heading-level-3'><a class=\"ez-toc-link ez-toc-heading-9\" href=\"https:\/\/www.insidebrussels.be\/V2\/bruxelles\/visiter-bruxelles-en-un-jours-cest-possible\/#%F0%9F%93%8D2_Le_parc_et_larche_du_Cinquantenaire\" >\ud83d\udccd2. Le parc et l&rsquo;arche du\u00a0Cinquantenaire:<\/a><\/li><li class='ez-toc-page-1 ez-toc-heading-level-3'><a class=\"ez-toc-link ez-toc-heading-10\" href=\"https:\/\/www.insidebrussels.be\/V2\/bruxelles\/visiter-bruxelles-en-un-jours-cest-possible\/#%F0%9F%93%8D_3_Le_Berlaymont_%E2%80%93_Visiter_le_quartier_Europeen\" >\ud83d\udccd 3. Le Berlaymont &#8211; Visiter le quartier Europ\u00e9en<\/a><\/li><li class='ez-toc-page-1 ez-toc-heading-level-3'><a class=\"ez-toc-link ez-toc-heading-11\" href=\"https:\/\/www.insidebrussels.be\/V2\/bruxelles\/visiter-bruxelles-en-un-jours-cest-possible\/#%F0%9F%93%8D_Parc_Leopold_un_peu_de_verdure_au_milieu_de_affaires\" >\ud83d\udccd Parc L\u00e9opold : un peu de verdure au milieu de affaires<\/a><\/li><li class='ez-toc-page-1 ez-toc-heading-level-3'><a class=\"ez-toc-link ez-toc-heading-12\" href=\"https:\/\/www.insidebrussels.be\/V2\/bruxelles\/visiter-bruxelles-en-un-jours-cest-possible\/#%F0%9F%93%8D_Parlement_Europeen_Parlementarium_Place_du_Luxembourg\" >\ud83d\udccd Parlement Europ\u00e9en + Parlementarium + Place du Luxembourg<\/a><\/li><li class='ez-toc-page-1 ez-toc-heading-level-3'><a class=\"ez-toc-link ez-toc-heading-13\" href=\"https:\/\/www.insidebrussels.be\/V2\/bruxelles\/visiter-bruxelles-en-un-jours-cest-possible\/#%F0%9F%93%8D_Palais_Royal_et_Parc_Royal_de_Bruxelles\" >\ud83d\udccd Palais Royal et Parc Royal de Bruxelles<\/a><\/li><li class='ez-toc-page-1 ez-toc-heading-level-3'><a class=\"ez-toc-link ez-toc-heading-14\" href=\"https:\/\/www.insidebrussels.be\/V2\/bruxelles\/visiter-bruxelles-en-un-jours-cest-possible\/#%F0%9F%93%8D_Place_royale_Magritte_et_Musee_de_Instruments_de_musique\" >\ud83d\udccd Place royale : Magritte et Mus\u00e9e de Instruments de musique<\/a><\/li><li class='ez-toc-page-1 ez-toc-heading-level-3'><a class=\"ez-toc-link ez-toc-heading-15\" href=\"https:\/\/www.insidebrussels.be\/V2\/bruxelles\/visiter-bruxelles-en-un-jours-cest-possible\/#%F0%9F%93%8D_Jardin_du_mont_des_arts_un_must-have_sur_litineraire_Bruxelles_en_un_jour\" >\ud83d\udccd Jardin du mont des arts: un must-have sur l&rsquo;itin\u00e9raire Bruxelles en un jour<\/a><\/li><li class='ez-toc-page-1 ez-toc-heading-level-3'><a class=\"ez-toc-link ez-toc-heading-16\" href=\"https:\/\/www.insidebrussels.be\/V2\/bruxelles\/visiter-bruxelles-en-un-jours-cest-possible\/#%F0%9F%93%8D_Cathedrale_Saint-Michel_et_Gudule\" >\ud83d\udccd Cath\u00e9drale Saint-Michel et Gudule<\/a><\/li><li class='ez-toc-page-1 ez-toc-heading-level-3'><a class=\"ez-toc-link ez-toc-heading-17\" href=\"https:\/\/www.insidebrussels.be\/V2\/bruxelles\/visiter-bruxelles-en-un-jours-cest-possible\/#%F0%9F%93%8D_Galerie_royale_du_chic_en_cas_de_pluie_Vous_pourriez_y_passer_la_journee\" >\ud83d\udccd Galerie royale du chic en cas de pluie! Vous pourriez y passer la journ\u00e9e!<\/a><\/li><li class='ez-toc-page-1 ez-toc-heading-level-3'><a class=\"ez-toc-link ez-toc-heading-18\" href=\"https:\/\/www.insidebrussels.be\/V2\/bruxelles\/visiter-bruxelles-en-un-jours-cest-possible\/#%F0%9F%93%8D_Noubliez_pas_de_visiter_Jeanneken-pis_Delirium_Cafe_pour_terminer_la_journee\" >\ud83d\udccd N&rsquo;oubliez pas de visiter Jeanneken-pis &amp; Delirium Caf\u00e9, pour terminer la journ\u00e9e<\/a><\/li><li class='ez-toc-page-1 ez-toc-heading-level-3'><a class=\"ez-toc-link ez-toc-heading-19\" href=\"https:\/\/www.insidebrussels.be\/V2\/bruxelles\/visiter-bruxelles-en-un-jours-cest-possible\/#%F0%9F%93%8D_A_visiter_de_jour_et_de_nuit_la_Grand-Place_de_Bruxelles\" >\ud83d\udccd A visiter de jour et de nuit: la Grand-Place de Bruxelles:<\/a><\/li><li class='ez-toc-page-1 ez-toc-heading-level-3'><a class=\"ez-toc-link ez-toc-heading-20\" href=\"https:\/\/www.insidebrussels.be\/V2\/bruxelles\/visiter-bruxelles-en-un-jours-cest-possible\/#%F0%9F%93%8D_Sur_la_fin_du_parcours_Bourse_de_Bruxelles\" >\ud83d\udccd Sur la fin du parcours: Bourse de Bruxelles<\/a><\/li><li class='ez-toc-page-1 ez-toc-heading-level-3'><a class=\"ez-toc-link ez-toc-heading-21\" href=\"https:\/\/www.insidebrussels.be\/V2\/bruxelles\/visiter-bruxelles-en-un-jours-cest-possible\/#%F0%9F%93%8D_Quartier_Sainte-Catherine_%E2%80%93_a_visiter_pour_les_gaufres_glaces\" >\ud83d\udccd Quartier Sainte-Catherine &#8211; \u00e0 visiter pour les gaufres &amp; glaces!\u00a0<\/a><\/li><li class='ez-toc-page-1 ez-toc-heading-level-3'><a class=\"ez-toc-link ez-toc-heading-22\" href=\"https:\/\/www.insidebrussels.be\/V2\/bruxelles\/visiter-bruxelles-en-un-jours-cest-possible\/#%F0%9F%93%8D_Rue_des_Flandres_Zinneke-Pis\" >\ud83d\udccd Rue des Flandres: Zinneke-Pis<\/a><\/li><li class='ez-toc-page-1 ez-toc-heading-level-3'><a class=\"ez-toc-link ez-toc-heading-23\" href=\"https:\/\/www.insidebrussels.be\/V2\/bruxelles\/visiter-bruxelles-en-un-jours-cest-possible\/#%F0%9F%93%8D_Le_marche_couvert_qui_alterne_expos_concerts_Halles_St-Gery\" >\ud83d\udccd Le march\u00e9 couvert qui alterne expos &amp; concerts : Halles St-G\u00e9ry<\/a><\/li><li class='ez-toc-page-1 ez-toc-heading-level-3'><a class=\"ez-toc-link ez-toc-heading-24\" href=\"https:\/\/www.insidebrussels.be\/V2\/bruxelles\/visiter-bruxelles-en-un-jours-cest-possible\/#%F0%9F%93%8D_Le_Quartier_Gay_%E2%80%93_Chez_Maman\" >\ud83d\udccd Le Quartier Gay &#8211; Chez Maman<\/a><\/li><li class='ez-toc-page-1 ez-toc-heading-level-3'><a class=\"ez-toc-link ez-toc-heading-25\" href=\"https:\/\/www.insidebrussels.be\/V2\/bruxelles\/visiter-bruxelles-en-un-jours-cest-possible\/#%F0%9F%93%8D_Lembleme_de_la_ville_de_Bruxelles_Manneken_Piss\" >\ud83d\udccd L&#8217;embl\u00e8me de la ville de Bruxelles: Manneken Piss<\/a><\/li><li class='ez-toc-page-1 ez-toc-heading-level-3'><a class=\"ez-toc-link ez-toc-heading-26\" href=\"https:\/\/www.insidebrussels.be\/V2\/bruxelles\/visiter-bruxelles-en-un-jours-cest-possible\/#%F0%9F%93%8D_Les_vestiges_de_la_muraille_de_Bruxelles_Porte_de_Villers\" >\ud83d\udccd Les vestiges de la muraille de Bruxelles: Porte de Villers<\/a><\/li><li class='ez-toc-page-1 ez-toc-heading-level-3'><a class=\"ez-toc-link ez-toc-heading-27\" href=\"https:\/\/www.insidebrussels.be\/V2\/bruxelles\/visiter-bruxelles-en-un-jours-cest-possible\/#%F0%9F%93%8DArchitecture_Antiquaires_Le_Quartier_du_Sablon\" >\ud83d\udccdArchitecture &amp; Antiquaires: Le Quartier du Sablon<\/a><\/li><li class='ez-toc-page-1 ez-toc-heading-level-3'><a class=\"ez-toc-link ez-toc-heading-28\" href=\"https:\/\/www.insidebrussels.be\/V2\/bruxelles\/visiter-bruxelles-en-un-jours-cest-possible\/#%F0%9F%93%8D_Une_vue_Waouww_de_Bruxelles_Palais_de_justice_Place_Poelart\" >\ud83d\udccd Une vue Waouww de Bruxelles: Palais de justice &amp; Place Poelart<\/a><\/li><li class='ez-toc-page-1 ez-toc-heading-level-3'><a class=\"ez-toc-link ez-toc-heading-29\" href=\"https:\/\/www.insidebrussels.be\/V2\/bruxelles\/visiter-bruxelles-en-un-jours-cest-possible\/#%F0%9F%93%8D_Antiquaires_Bruxelles_et_porte_de_Halles_les_Marolles\" >\ud83d\udccd Antiquaires Bruxelles et porte de Halles: les Marolles<\/a><\/li><\/ul><\/li><li class='ez-toc-page-1 ez-toc-heading-level-2'><a class=\"ez-toc-link ez-toc-heading-30\" href=\"https:\/\/www.insidebrussels.be\/V2\/bruxelles\/visiter-bruxelles-en-un-jours-cest-possible\/#Pour_aller_plus_loin_et_decouvrir_Bruxelles_en_plusieurs_jours\" >Pour aller plus loin et d\u00e9couvrir Bruxelles en plusieurs jours<\/a><\/li><\/ul><\/nav><\/div>\n<h2 class=\"wp-block-heading\"><span class=\"ez-toc-section\" id=\"Visiter_Bruxelles_en_un_jour_cest_possible\"><\/span>Visiter Bruxelles en un jour c&rsquo;est possible!\u00a0<span class=\"ez-toc-section-end\"><\/span><\/h2>\n\n\n\n<p>Beaucoup de touriste ne viennent qu&rsquo;une seule journ\u00e9e \u00e0 Bruxelles, <a href=\"https:\/\/www.insidebrussels.be\/V2\/bruxelles\/les-meilleurs-choses-a-faire-si-vous-etes-2-jours-a-bruxelles\/\">certains y passent un weekend<\/a>. La capitale n&rsquo;est pas tr\u00e8s gande, mais on peut vite perdre du temps. Voil\u00e0 pourquoi pour<strong> visiter Bruxelles en un jour<\/strong>, mieux vaut \u00eatre pr\u00e9par\u00e9. Nous vous avons donc pr\u00e9par\u00e9 un itin\u00e9raire pour visiter <a href=\"http:\/\/www.insideBrussels.be\">Bruxelles<\/a> \u00e0 pied en un jour.<\/p>\n\n\n\n<p>Cette intin\u00e9raire vous fait visiter les endroits gratuits. N&rsquo;h\u00e9sitez pas \u00e0 consulter nos autres articles sur<\/p>\n\n\n\n<ul class=\"wp-block-list\">\n<li><a href=\"https:\/\/www.insidebrussels.be\/V2\/bruxelles\/10-activites-et-visites-gratuites-a-faire-a-bruxelles\/\">\ud83d\udd25Les meilleures activit\u00e9s et visites gratuites \u00e0 ne pas manquer \u00e0 Bruxelles?<\/a><\/li>\n\n\n\n<li>\ud83d\udc6a Les \u00ab\u00a0<a href=\"https:\/\/www.civitatis.com\/fr\/bruxelles\/visite-gratuite-bruxelles\/?aid=101710\" target=\"_blank\" rel=\"noreferrer noopener\">Free-Tour \u00e0 Bruxelles<\/a>\u00ab\u00a0, <strong>visite guid\u00e9e gratuite de Bruxelles.<\/strong><\/li>\n\n\n\n<li><a href=\"https:\/\/www.insidebrussels.be\/V2\/bruxelles\/quoi-faire-gratuitement-a-bruxelles\/\">\ud83d\udcb8Que faire gratuitement \u00e0 Bruxelles ?<\/a><\/li>\n\n\n\n<li><a href=\"https:\/\/www.insidebrussels.be\/V2\/bruxelles\/isaac-les-meilleurs-restaurants-typiques-bruxellois\/\">\ud83c\udf5fLes restaurants typiquement belges \u00e0 ne pas manquer?<\/a><\/li>\n<\/ul>\n\n\n\n<h2 class=\"wp-block-heading\"><span class=\"ez-toc-section\" id=\"Avant_daller_plus_loin_nos_itineraires_thematique\"><\/span>Avant d&rsquo;aller plus loin: nos itin\u00e9raires th\u00e9matique<span class=\"ez-toc-section-end\"><\/span><\/h2>\n\n\n\n<p>Un itin\u00e9aire ne convient pas \u00e0 tous. C&rsquo;est pourquoi nous avons aussi diff\u00e9rents articles d\u00e9di\u00e9s \u00e0 diff\u00e9rentes th\u00e9matiques. N&rsquo;h\u00e9sitez pas \u00e0 y jetter un oeil pour personaliser l&rsquo;itin\u00e9raire ci-dessous.<\/p>\n\n\n\n<div class=\"wp-block-columns alignwide is-layout-flex wp-container-core-columns-is-layout-829b1d53 wp-block-columns-is-layout-flex\" style=\"margin-bottom:0\">\n<div class=\"wp-block-column has-text-color has-background has-link-color wp-elements-345c4bc0510770147be92b20f4a787e4 is-layout-flow wp-block-column-is-layout-flow\" style=\"color:#000000;background-color:#ffe97d;padding-top:2em;padding-right:2em;padding-bottom:2em;padding-left:2em\">\n<h3 class=\"wp-block-heading\" id=\"single\" style=\"font-size:40px\"><span class=\"ez-toc-section\" id=\"En_couple\"><\/span><strong>En couple<\/strong><span class=\"ez-toc-section-end\"><\/span><\/h3>\n\n\n\n<figure class=\"wp-block-image size-large\"><a href=\"https:\/\/www.insidebrussels.be\/V2\/wp-content\/uploads\/2023\/06\/djim-loic-HL4MRlEyqxU-unsplash-scaled.jpg\"><img decoding=\"async\" width=\"1024\" height=\"623\" src=\"https:\/\/www.insidebrussels.be\/V2\/wp-content\/uploads\/2023\/06\/djim-loic-HL4MRlEyqxU-unsplash-1024x623.jpg\" alt=\"Djim Loic (c) Unsplash - Bruxelles en Couple\" class=\"wp-image-14686\" srcset=\"https:\/\/www.insidebrussels.be\/V2\/wp-content\/uploads\/2023\/06\/djim-loic-HL4MRlEyqxU-unsplash-1024x623.jpg 1024w, https:\/\/www.insidebrussels.be\/V2\/wp-content\/uploads\/2023\/06\/djim-loic-HL4MRlEyqxU-unsplash-300x183.jpg 300w, https:\/\/www.insidebrussels.be\/V2\/wp-content\/uploads\/2023\/06\/djim-loic-HL4MRlEyqxU-unsplash-768x468.jpg 768w, https:\/\/www.insidebrussels.be\/V2\/wp-content\/uploads\/2023\/06\/djim-loic-HL4MRlEyqxU-unsplash-1536x935.jpg 1536w, https:\/\/www.insidebrussels.be\/V2\/wp-content\/uploads\/2023\/06\/djim-loic-HL4MRlEyqxU-unsplash-scaled.jpg 1078w\" sizes=\"(max-width: 1024px) 100vw, 1024px\" \/><\/a><figcaption class=\"wp-element-caption\">Djim Loic (c) Unsplash <\/figcaption><\/figure>\n\n\n\n<p class=\"has-normal-font-size\" style=\"line-height:1.5\"><strong>D\u00e9couvrez le meilleur de Bruxelles pour les amoureux<\/strong><\/p>\n\n\n\n<hr class=\"wp-block-separator has-text-color has-css-opacity has-background is-style-wide\" style=\"background-color:#000000;color:#000000\"\/>\n\n\n\n<ul class=\"has-normal-font-size wp-block-list\">\n<li>Des <strong>itin\u00e9raires <\/strong>romantiques<\/li>\n\n\n\n<li><strong>Parcs <\/strong>&amp; <strong>mus\u00e9es <\/strong>qui seront parfaits pour votre couple<\/li>\n\n\n\n<li><strong>Restaurants romantiques<\/strong><\/li>\n<\/ul>\n\n\n\n<div class=\"wp-block-buttons alignfull is-horizontal is-content-justification-center is-layout-flex wp-container-core-buttons-is-layout-499968f5 wp-block-buttons-is-layout-flex\">\n<div class=\"wp-block-button has-custom-width wp-block-button__width-100\"><a class=\"wp-block-button__link has-white-color has-text-color has-background no-border-radius wp-element-button\" href=\"https:\/\/www.insidebrussels.be\/V2\/bruxelles\/bruxelles-que-faire-en-couple\/\" style=\"background-color:#000000\">Je d\u00e9couvre<\/a><\/div>\n<\/div>\n<\/div>\n\n\n\n<div class=\"wp-block-column has-text-color has-background has-link-color wp-elements-076d9ca1721a38b9e7accde4072bf804 is-layout-flow wp-block-column-is-layout-flow\" style=\"color:#000000;background-color:#d1d1e1;padding-top:2em;padding-right:2em;padding-bottom:2em;padding-left:2em\">\n<h3 class=\"wp-block-heading\" id=\"family\" style=\"font-size:40px\"><span class=\"ez-toc-section\" id=\"Avec_Ados\"><\/span><strong>Avec Ados<\/strong><span class=\"ez-toc-section-end\"><\/span><\/h3>\n\n\n\n<figure class=\"extendedwopts-md-center wp-block-image size-large is-resized\"><a href=\"https:\/\/www.insidebrussels.be\/V2\/wp-content\/uploads\/2024\/06\/A8023266-1EEA-4DC4-A63D-1E025A217A55.jpeg\"><img decoding=\"async\" width=\"1024\" height=\"768\" src=\"https:\/\/www.insidebrussels.be\/V2\/wp-content\/uploads\/2024\/06\/A8023266-1EEA-4DC4-A63D-1E025A217A55-1024x768.jpeg\" alt=\"Bruxelles avec les enfants - Parcours BD dans les Maroles (c) Photos Pierre Halleux\" class=\"wp-image-16830\" style=\"width:176px;height:auto\" srcset=\"https:\/\/www.insidebrussels.be\/V2\/wp-content\/uploads\/2024\/06\/A8023266-1EEA-4DC4-A63D-1E025A217A55-1024x768.jpeg 1024w, https:\/\/www.insidebrussels.be\/V2\/wp-content\/uploads\/2024\/06\/A8023266-1EEA-4DC4-A63D-1E025A217A55-300x225.jpeg 300w, https:\/\/www.insidebrussels.be\/V2\/wp-content\/uploads\/2024\/06\/A8023266-1EEA-4DC4-A63D-1E025A217A55-768x576.jpeg 768w, https:\/\/www.insidebrussels.be\/V2\/wp-content\/uploads\/2024\/06\/A8023266-1EEA-4DC4-A63D-1E025A217A55-1536x1152.jpeg 1536w, https:\/\/www.insidebrussels.be\/V2\/wp-content\/uploads\/2024\/06\/A8023266-1EEA-4DC4-A63D-1E025A217A55-720x540.jpeg 720w, https:\/\/www.insidebrussels.be\/V2\/wp-content\/uploads\/2024\/06\/A8023266-1EEA-4DC4-A63D-1E025A217A55.jpeg 1920w\" sizes=\"(max-width: 1024px) 100vw, 1024px\" \/><\/a><\/figure>\n\n\n\n<p class=\"has-normal-font-size\" style=\"line-height:1.5\"><strong>D\u00e9couvrez le meilleur de Bruxelles pour enchanter vos Ado<\/strong><\/p>\n\n\n\n<hr class=\"wp-block-separator has-css-opacity is-style-wide\"\/>\n\n\n\n<ul class=\"has-normal-font-size wp-block-list\">\n<li>Un<strong> itin\u00e9raire BD<\/strong> grandeur nature et gratuit<\/li>\n\n\n\n<li>Des <strong>restaurants &amp; brunchs Adapt\u00e9s au go\u00fbt des ados<\/strong><\/li>\n\n\n\n<li>Des <strong>mus\u00e9es int\u00e9ratifs <\/strong>et <strong>amusants<\/strong><\/li>\n<\/ul>\n\n\n\n<div class=\"wp-block-buttons alignfull is-horizontal is-content-justification-center is-layout-flex wp-container-core-buttons-is-layout-499968f5 wp-block-buttons-is-layout-flex\">\n<div class=\"wp-block-button has-custom-width wp-block-button__width-100 is-style-fill\"><a class=\"wp-block-button__link has-white-color has-text-color has-background no-border-radius wp-element-button\" href=\"https:\/\/www.insidebrussels.be\/V2\/bruxelles\/les-meilleures-choses-a-faire-avec-des-adolescents-a-bruxelles\/\" style=\"background-color:#000000\">Je d\u00e9couvre<\/a><\/div>\n<\/div>\n<\/div>\n\n\n\n<div class=\"wp-block-column has-text-color has-background has-link-color wp-elements-38d9a14ce1a951289b24c345d6d1f172 is-layout-flow wp-block-column-is-layout-flow\" style=\"color:#000000;background-color:#c0ebf1;padding-top:2em;padding-right:2em;padding-bottom:2em;padding-left:2em\">\n<h3 class=\"wp-block-heading\" id=\"patron\" style=\"font-size:40px\"><span class=\"ez-toc-section\" id=\"Pluie%E2%80%A6\"><\/span><strong>Pluie<\/strong>&#8230;<span class=\"ez-toc-section-end\"><\/span><\/h3>\n\n\n\n<figure class=\"extendedwopts-md-center wp-block-image size-large is-resized\"><a href=\"https:\/\/www.insidebrussels.be\/V2\/wp-content\/uploads\/2024\/06\/4F2A3327-D73E-43D6-9B50-A588F20DD8C7.jpeg\"><img decoding=\"async\" width=\"1024\" height=\"834\" src=\"https:\/\/www.insidebrussels.be\/V2\/wp-content\/uploads\/2024\/06\/4F2A3327-D73E-43D6-9B50-A588F20DD8C7-1024x834.jpeg\" alt=\"Bruxelles dans le centre quand il pleut (c) Pierre Haleux\" class=\"wp-image-16684\" style=\"width:166px;height:auto\" srcset=\"https:\/\/www.insidebrussels.be\/V2\/wp-content\/uploads\/2024\/06\/4F2A3327-D73E-43D6-9B50-A588F20DD8C7-1024x834.jpeg 1024w, https:\/\/www.insidebrussels.be\/V2\/wp-content\/uploads\/2024\/06\/4F2A3327-D73E-43D6-9B50-A588F20DD8C7-300x244.jpeg 300w, https:\/\/www.insidebrussels.be\/V2\/wp-content\/uploads\/2024\/06\/4F2A3327-D73E-43D6-9B50-A588F20DD8C7-768x625.jpeg 768w, https:\/\/www.insidebrussels.be\/V2\/wp-content\/uploads\/2024\/06\/4F2A3327-D73E-43D6-9B50-A588F20DD8C7-1536x1250.jpeg 1536w, https:\/\/www.insidebrussels.be\/V2\/wp-content\/uploads\/2024\/06\/4F2A3327-D73E-43D6-9B50-A588F20DD8C7.jpeg 1920w\" sizes=\"(max-width: 1024px) 100vw, 1024px\" \/><\/a><\/figure>\n\n\n\n<p class=\"has-normal-font-size\"><strong>Il ne fait pas toujours beau \u00e0 Bruxelles&#8230; Voici coment l&rsquo;ap\u00e9rcier m\u00eame quand il pleut<\/strong><\/p>\n\n\n\n<hr class=\"wp-block-separator has-css-opacity is-style-wide\"\/>\n\n\n\n<ul class=\"has-normal-font-size wp-block-list\">\n<li>Des <strong>Galleries Couvertes<\/strong><\/li>\n\n\n\n<li>Un <strong>itin\u00e9raire<\/strong> o\u00f9 on passe entre le gouttes <\/li>\n\n\n\n<li>Les meilleurs mus\u00e9es du moment<\/li>\n<\/ul>\n\n\n\n<div class=\"wp-block-buttons alignfull is-horizontal is-content-justification-center is-layout-flex wp-container-core-buttons-is-layout-499968f5 wp-block-buttons-is-layout-flex\">\n<div class=\"wp-block-button has-custom-width wp-block-button__width-100\"><a class=\"wp-block-button__link has-white-color has-text-color has-background no-border-radius wp-element-button\" href=\"https:\/\/www.insidebrussels.be\/V2\/bruxelles\/les-meilleures-choses-a-faire-a-bruxelles-quand-il-pleut\/\" style=\"background-color:#000000\">Je d\u00e9couvre<\/a><\/div>\n<\/div>\n<\/div>\n<\/div>\n\n\n\n<h2 class=\"wp-block-heading\"><span class=\"ez-toc-section\" id=\"Est-ce_que_cest_possible_en_un_jour_de_visiter_tout_Bruxelles\"><\/span>Est-ce que c&rsquo;est possible en un jour de visiter tout Bruxelles?<span class=\"ez-toc-section-end\"><\/span><\/h2>\n\n\n\n<figure class=\"wp-block-image\"><a href=\"http:\/\/www.insidebrussels.be\/V2\/wp-content\/uploads\/2019\/03\/milermeter-e1552948428735.png\"><img decoding=\"async\" width=\"1024\" height=\"702\" src=\"http:\/\/www.insidebrussels.be\/V2\/wp-content\/uploads\/2019\/03\/milermeter-e1552948428735-1024x702.png\" alt=\"Visiter Bruxelles en 1 jour\" class=\"wp-image-9205\" srcset=\"https:\/\/www.insidebrussels.be\/V2\/wp-content\/uploads\/2019\/03\/milermeter-e1552948428735-1024x702.png 1024w, https:\/\/www.insidebrussels.be\/V2\/wp-content\/uploads\/2019\/03\/milermeter-e1552948428735-300x206.png 300w, https:\/\/www.insidebrussels.be\/V2\/wp-content\/uploads\/2019\/03\/milermeter-e1552948428735-768x527.png 768w, https:\/\/www.insidebrussels.be\/V2\/wp-content\/uploads\/2019\/03\/milermeter-e1552948428735.png 1078w\" sizes=\"(max-width: 1024px) 100vw, 1024px\" \/><\/a><figcaption class=\"wp-element-caption\">Notre Itin\u00e9raire de visites Bruxelles en 1 Jours. (c) Pierre Halleux<\/figcaption><\/figure>\n\n\n\n<p>De passage \u00e0 Bruxelles pour un jour ? Envie de red\u00e9couvrir la capitale belge ? Effectivement, visiter Bruxelles en 1 jour, c&rsquo;est possible ! Notre mission de ce jour est simple : vous faire <a href=\"http:\/\/www.insidebrussels.be\/V2\/bruxelles\/10-choses-a-faire-a-bruxelles-lors-de-votre-premiere-visite\/\">d\u00e9couvrir Bruxelles,<\/a> <a href=\"http:\/\/www.insidebrussels.be\/V2\/bruxelles\/les-meilleures-friteries-a-bruxelles-frites-belges\/\">manger les meilleures frites<\/a> et partager avec vous nos endroits pr\u00e9f\u00e9r\u00e9s sur l&rsquo;itin\u00e9raire tels que les <a href=\"http:\/\/www.insidebrussels.be\/V2\/bruxelles\/les-meilleurs-spots-et-endroits-photos-a-bruxelles\/\">meilleurs spots selfies.<\/a> Et ce, avec un budget minimum et peu\/pas de transports en commun.<\/p>\n\n\n\n<p>Certains diront qu&rsquo;en une seule journ\u00e9e, c&rsquo;est impossible de visiter Bruxelles. Pourtant, il faut parfois faire un compromis. Si vous n&rsquo;\u00eates en Belgique que pour un week-end, comme par exemple un <a href=\"http:\/\/www.insidebrussels.be\/V2\/bruxelles\/enterrement-vie-de-garcon-bruxelles-idee-resto\/\">enterrement de vie de gar\u00e7on<\/a>. Cela vaut parfois la peine de consacrer <a href=\"http:\/\/www.insidebrussels.be\/V2\/bruxelles\/bruges-une-magnifique-ville-a-decouvrir-absolument\/\">une journ\u00e9e enti\u00e8re \u00e0 Bruges<\/a> et une autre dans le centre de la capitale.<\/p>\n\n\n\n<p>Enfilez vos baskets, <strong>nous vous avons concoct\u00e9 un parcours fluide,<\/strong> agr\u00e9able avec <strong>un minimum de transports en commun.<\/strong> Le parcours fait environ <strong>13 km<\/strong>. Si vous n&rsquo;\u00eates pas un grand fan de marche \u00e0 pied, vous pouvez facilement faire les premiers kilom\u00e8tres en <a href=\"http:\/\/www.insidebrussels.be\/V2\/bruxelles\/villo-bruxelles-comment-ca-marche\/\">Villo<\/a> ou prendre des trottinettes \u00e9lectriques. Suivez le guide, c&rsquo;est parti ! <\/p>\n\n\n\n<p><\/p>\n\n\n\n<blockquote class=\"wp-block-quote is-layout-flow wp-block-quote-is-layout-flow\">\n<p><a href=\"https:\/\/www.insidebrussels.be\/V2\/bruxelles\/les-bus-touristique-hop-on-hop-off-a-bruxelles-toobus\/\" target=\"_blank\" rel=\"noreferrer noopener\">\ud83d\ude8c Si visitez tout Bruxelles \u00e0 pieds vous semble trop juste en un jour,<strong> essayez le bus hop-off<\/strong>, il vous fera gagn\u00e9 du temps. Aussi pratique avec des petits enfants, en cas de forted pluies ou de canicule<\/a><\/p>\n<\/blockquote>\n\n\n\n<h2 class=\"wp-block-heading\"><span class=\"ez-toc-section\" id=\"Notre_itineraire_de_visite_Bruxelles_en_un_jour\"><\/span>Notre itin\u00e9raire de visite Bruxelles en un jour<span class=\"ez-toc-section-end\"><\/span><\/h2>\n\n\n\n<h3 class=\"wp-block-heading\"><span class=\"ez-toc-section\" id=\"%F0%9F%93%8D_1_Merode\"><\/span>\ud83d\udccd 1. <strong>M\u00e9rode<\/strong>:<span class=\"ez-toc-section-end\"><\/span><\/h3>\n\n\n<div class=\"wp-block-image wp-image-15959 size-full\">\n<figure class=\"aligncenter\"><img decoding=\"async\" width=\"1920\" height=\"1920\" src=\"https:\/\/www.insidebrussels.be\/V2\/wp-content\/uploads\/2024\/05\/61446AB3-7A79-4089-B7ED-C7093EE75701.jpeg\" alt=\"Parc du Cinquentenaire (c) PIerre Halleux\" class=\"wp-image-15959\" srcset=\"https:\/\/www.insidebrussels.be\/V2\/wp-content\/uploads\/2024\/05\/61446AB3-7A79-4089-B7ED-C7093EE75701.jpeg 1920w, https:\/\/www.insidebrussels.be\/V2\/wp-content\/uploads\/2024\/05\/61446AB3-7A79-4089-B7ED-C7093EE75701-300x300.jpeg 300w, https:\/\/www.insidebrussels.be\/V2\/wp-content\/uploads\/2024\/05\/61446AB3-7A79-4089-B7ED-C7093EE75701-1024x1024.jpeg 1024w, https:\/\/www.insidebrussels.be\/V2\/wp-content\/uploads\/2024\/05\/61446AB3-7A79-4089-B7ED-C7093EE75701-150x150.jpeg 150w, https:\/\/www.insidebrussels.be\/V2\/wp-content\/uploads\/2024\/05\/61446AB3-7A79-4089-B7ED-C7093EE75701-768x768.jpeg 768w, https:\/\/www.insidebrussels.be\/V2\/wp-content\/uploads\/2024\/05\/61446AB3-7A79-4089-B7ED-C7093EE75701-1536x1536.jpeg 1536w\" sizes=\"(max-width: 1920px) 100vw, 1920px\" \/><figcaption class=\"wp-element-caption\">Parc du Cinquentenaire (c) PIerre Halleux<\/figcaption><\/figure><\/div>\n\n\n<p>Le <strong>point de d\u00e9part de votre itin\u00e9raire<\/strong> est l&rsquo;arc du Cinquantenaire, que vous pouvez rejoindre en m\u00e9tro. Nous avons choisi de commencer de ce c\u00f4t\u00e9 de Bruxelles, ainsi le reste sera principalement en pente \ud83d\ude42 Dirigez-vous vers l&rsquo;arc du Cinquantenaire visible au loin.<\/p>\n\n\n\n<h3 class=\"wp-block-heading\"><span class=\"ez-toc-section\" id=\"%F0%9F%93%8D2_Le_parc_et_larche_du_Cinquantenaire\"><\/span>\ud83d\udccd2. L<strong>e parc et l&rsquo;arche du\u00a0Cinquantenaire:<\/strong><span class=\"ez-toc-section-end\"><\/span><\/h3>\n\n\n\n<figure class=\"wp-block-gallery has-nested-images columns-default is-cropped wp-block-gallery-2 is-layout-flex wp-block-gallery-is-layout-flex\">\n<figure class=\"wp-block-image size-large\"><a href=\"https:\/\/www.insidebrussels.be\/V2\/wp-content\/uploads\/2024\/05\/BD282F76-4B2D-4640-96A5-7544A1F63D09.jpeg\"><img decoding=\"async\" width=\"577\" height=\"1024\" data-id=\"15957\" src=\"https:\/\/www.insidebrussels.be\/V2\/wp-content\/uploads\/2024\/05\/BD282F76-4B2D-4640-96A5-7544A1F63D09-577x1024.jpeg\" alt=\"Parc du Cinquentenaire (c) PIerre Halleux\" class=\"wp-image-15957\" srcset=\"https:\/\/www.insidebrussels.be\/V2\/wp-content\/uploads\/2024\/05\/BD282F76-4B2D-4640-96A5-7544A1F63D09-577x1024.jpeg 577w, https:\/\/www.insidebrussels.be\/V2\/wp-content\/uploads\/2024\/05\/BD282F76-4B2D-4640-96A5-7544A1F63D09-169x300.jpeg 169w, https:\/\/www.insidebrussels.be\/V2\/wp-content\/uploads\/2024\/05\/BD282F76-4B2D-4640-96A5-7544A1F63D09-768x1362.jpeg 768w, https:\/\/www.insidebrussels.be\/V2\/wp-content\/uploads\/2024\/05\/BD282F76-4B2D-4640-96A5-7544A1F63D09-866x1536.jpeg 866w, https:\/\/www.insidebrussels.be\/V2\/wp-content\/uploads\/2024\/05\/BD282F76-4B2D-4640-96A5-7544A1F63D09.jpeg 902w\" sizes=\"(max-width: 577px) 100vw, 577px\" \/><\/a><figcaption class=\"wp-element-caption\">Parc du Cinquentenaire (c) PIerre Halleux<\/figcaption><\/figure>\n\n\n\n<figure class=\"wp-block-image size-large\"><a href=\"https:\/\/www.insidebrussels.be\/V2\/wp-content\/uploads\/2023\/10\/B86A2907-329F-4FC2-95D5-41131BE67889-scaled.jpeg\"><img decoding=\"async\" width=\"1024\" height=\"768\" data-id=\"14938\" src=\"https:\/\/www.insidebrussels.be\/V2\/wp-content\/uploads\/2023\/10\/B86A2907-329F-4FC2-95D5-41131BE67889-1024x768.jpeg\" alt=\"Mus\u00e9e de la guerre Parc cinquentenaire (c) Pierre Halleux\" class=\"wp-image-14938\" srcset=\"https:\/\/www.insidebrussels.be\/V2\/wp-content\/uploads\/2023\/10\/B86A2907-329F-4FC2-95D5-41131BE67889-1024x768.jpeg 1024w, https:\/\/www.insidebrussels.be\/V2\/wp-content\/uploads\/2023\/10\/B86A2907-329F-4FC2-95D5-41131BE67889-300x225.jpeg 300w, https:\/\/www.insidebrussels.be\/V2\/wp-content\/uploads\/2023\/10\/B86A2907-329F-4FC2-95D5-41131BE67889-768x576.jpeg 768w, https:\/\/www.insidebrussels.be\/V2\/wp-content\/uploads\/2023\/10\/B86A2907-329F-4FC2-95D5-41131BE67889-1536x1152.jpeg 1536w, https:\/\/www.insidebrussels.be\/V2\/wp-content\/uploads\/2023\/10\/B86A2907-329F-4FC2-95D5-41131BE67889-2048x1536.jpeg 2048w, https:\/\/www.insidebrussels.be\/V2\/wp-content\/uploads\/2023\/10\/B86A2907-329F-4FC2-95D5-41131BE67889-720x540.jpeg 720w, https:\/\/www.insidebrussels.be\/V2\/wp-content\/uploads\/2023\/10\/B86A2907-329F-4FC2-95D5-41131BE67889-scaled.jpeg 1920w\" sizes=\"(max-width: 1024px) 100vw, 1024px\" \/><\/a><figcaption class=\"wp-element-caption\">Mus\u00e9e de la guerre Parc cinquentenaire (c) Pierre Halleux<\/figcaption><\/figure>\n\n\n\n<figure class=\"wp-block-image size-large\"><a href=\"https:\/\/www.insidebrussels.be\/V2\/wp-content\/uploads\/2023\/10\/B40020BC-E30A-44AE-A57C-50A372481BE0-scaled.jpeg\"><img decoding=\"async\" width=\"1024\" height=\"768\" data-id=\"14906\" src=\"https:\/\/www.insidebrussels.be\/V2\/wp-content\/uploads\/2023\/10\/B40020BC-E30A-44AE-A57C-50A372481BE0-1024x768.jpeg\" alt=\"Ou faire du V\u00e9lo \u00e0 Bruxelles Cinquentenaire (c) Pierre Halleux\" class=\"wp-image-14906\" srcset=\"https:\/\/www.insidebrussels.be\/V2\/wp-content\/uploads\/2023\/10\/B40020BC-E30A-44AE-A57C-50A372481BE0-1024x768.jpeg 1024w, https:\/\/www.insidebrussels.be\/V2\/wp-content\/uploads\/2023\/10\/B40020BC-E30A-44AE-A57C-50A372481BE0-300x225.jpeg 300w, https:\/\/www.insidebrussels.be\/V2\/wp-content\/uploads\/2023\/10\/B40020BC-E30A-44AE-A57C-50A372481BE0-768x576.jpeg 768w, https:\/\/www.insidebrussels.be\/V2\/wp-content\/uploads\/2023\/10\/B40020BC-E30A-44AE-A57C-50A372481BE0-1536x1152.jpeg 1536w, https:\/\/www.insidebrussels.be\/V2\/wp-content\/uploads\/2023\/10\/B40020BC-E30A-44AE-A57C-50A372481BE0-2048x1536.jpeg 2048w, https:\/\/www.insidebrussels.be\/V2\/wp-content\/uploads\/2023\/10\/B40020BC-E30A-44AE-A57C-50A372481BE0-720x540.jpeg 720w, https:\/\/www.insidebrussels.be\/V2\/wp-content\/uploads\/2023\/10\/B40020BC-E30A-44AE-A57C-50A372481BE0-scaled.jpeg 1078w\" sizes=\"(max-width: 1024px) 100vw, 1024px\" \/><\/a><figcaption class=\"wp-element-caption\">Ou faire du V\u00e9lo \u00e0 Bruxelles Cinquentenaire (c) Pierre Halleux<\/figcaption><\/figure>\n\n\n\n<figure class=\"wp-block-image size-large\"><a href=\"https:\/\/www.insidebrussels.be\/V2\/wp-content\/uploads\/2024\/06\/54D6F6E5-87E2-468F-A4A7-4E3C469210D3.jpeg\"><img decoding=\"async\" width=\"768\" height=\"1024\" data-id=\"16881\" src=\"https:\/\/www.insidebrussels.be\/V2\/wp-content\/uploads\/2024\/06\/54D6F6E5-87E2-468F-A4A7-4E3C469210D3-768x1024.jpeg\" alt=\"Autoworld dans le parc du cinquentenaire (c) Photo Pierre Halleux\" class=\"wp-image-16881\" srcset=\"https:\/\/www.insidebrussels.be\/V2\/wp-content\/uploads\/2024\/06\/54D6F6E5-87E2-468F-A4A7-4E3C469210D3-768x1024.jpeg 768w, https:\/\/www.insidebrussels.be\/V2\/wp-content\/uploads\/2024\/06\/54D6F6E5-87E2-468F-A4A7-4E3C469210D3-225x300.jpeg 225w, https:\/\/www.insidebrussels.be\/V2\/wp-content\/uploads\/2024\/06\/54D6F6E5-87E2-468F-A4A7-4E3C469210D3-1152x1536.jpeg 1152w, https:\/\/www.insidebrussels.be\/V2\/wp-content\/uploads\/2024\/06\/54D6F6E5-87E2-468F-A4A7-4E3C469210D3-450x600.jpeg 450w, https:\/\/www.insidebrussels.be\/V2\/wp-content\/uploads\/2024\/06\/54D6F6E5-87E2-468F-A4A7-4E3C469210D3.jpeg 1440w\" sizes=\"(max-width: 768px) 100vw, 768px\" \/><\/a><figcaption class=\"wp-element-caption\">Autoworld dans le parc du cinquentenaire (c) Photo Pierre Halleux<\/figcaption><\/figure>\n<\/figure>\n\n\n\n<p>Voil\u00e0 un de mes endroits pr\u00e9f\u00e9r\u00e9s de Bruxelles, c&rsquo;est aussi celui des coureurs. Le parc est compos\u00e9 de diff\u00e9rentes zones : <\/p>\n\n\n\n<ul class=\"wp-block-list\">\n<li><a href=\"https:\/\/www.insidebrussels.be\/V2\/bruxelles\/un-tour-enchanteur-au-parc-du-cinquantenaire-decouvrez-ses-zones-magiques-et-evenements-eblouissants\/\">Jardins &amp; monuments,<\/a> <\/li>\n\n\n\n<li>Mus\u00e9es \n<ul class=\"wp-block-list\">\n<li><em>Mus\u00e9e royal de l&rsquo;Arm\u00e9e et d&rsquo;Histoire militaire, <\/em><\/li>\n\n\n\n<li><em>Mus\u00e9es royaux d&rsquo;Art et d&rsquo;Histoire, <\/em><\/li>\n\n\n\n<li><em><a href=\"https:\/\/www.insidebrussels.be\/V2\/bruxelles\/so-british-lexposition-autoworld-des-voitures-mythiques-dapres-guerre-a-bruxelles\/\">Autoworld<\/a><\/em><\/li>\n\n\n\n<li>Arc de triomphe \u00e0 3 arcades : le Cinquantenaire. <\/li>\n<\/ul>\n<\/li>\n<\/ul>\n\n\n\n<ul class=\"wp-block-list\"><\/ul>\n\n\n\n<blockquote class=\"wp-block-quote is-layout-flow wp-block-quote-is-layout-flow\">\n<p>Les grandes all\u00e9es vous m\u00e8nent au \u00ab\u00a0<strong><em>Pavillon des Passions humaines<\/em><\/strong>\u00a0\u00bb con\u00e7u par le c\u00e9l\u00e8bre <a href=\"https:\/\/fr.wikipedia.org\/wiki\/Victor_Horta\" target=\"_blank\" rel=\"noreferrer noopener\">Victor Horta<\/a>. <\/p>\n\n\n\n<div class=\"wp-block-buttons is-layout-flex wp-block-buttons-is-layout-flex\">\n<div class=\"wp-block-button\"><a class=\"wp-block-button__link has-light-green-cyan-background-color has-background wp-element-button\">Consultez ici notre article sur les B\u00e2timents Horta \u00e0 visiter. <\/a><\/div>\n<\/div>\n<\/blockquote>\n\n\n\n<p>Traversez le parc en direction de Schuman pour vous rendre dans le Quartier europ\u00e9en.<\/p>\n\n\n\n<ul class=\"wp-block-list\"><\/ul>\n\n\n\n<h3 class=\"wp-block-heading\"><span class=\"ez-toc-section\" id=\"%F0%9F%93%8D_3_Le_Berlaymont_%E2%80%93_Visiter_le_quartier_Europeen\"><\/span>\ud83d\udccd<strong> 3. Le Berlaymont &#8211; Visiter le quartier Europ\u00e9en<\/strong><span class=\"ez-toc-section-end\"><\/span><\/h3>\n\n\n\n<figure class=\"wp-block-gallery has-nested-images columns-default is-cropped wp-block-gallery-3 is-layout-flex wp-block-gallery-is-layout-flex\">\n<figure class=\"wp-block-image size-large\"><a href=\"https:\/\/www.insidebrussels.be\/V2\/wp-content\/uploads\/2023\/10\/9ADAA749-18C4-451B-90F8-8293B0FBA56F.jpeg\"><img decoding=\"async\" width=\"1024\" height=\"1024\" data-id=\"15049\" src=\"https:\/\/www.insidebrussels.be\/V2\/wp-content\/uploads\/2023\/10\/9ADAA749-18C4-451B-90F8-8293B0FBA56F-1024x1024.jpeg\" alt=\"Quartier Europ\u00e9en (c) Pierre Halleux\" class=\"wp-image-15049\" srcset=\"https:\/\/www.insidebrussels.be\/V2\/wp-content\/uploads\/2023\/10\/9ADAA749-18C4-451B-90F8-8293B0FBA56F-1024x1024.jpeg 1024w, https:\/\/www.insidebrussels.be\/V2\/wp-content\/uploads\/2023\/10\/9ADAA749-18C4-451B-90F8-8293B0FBA56F-300x300.jpeg 300w, https:\/\/www.insidebrussels.be\/V2\/wp-content\/uploads\/2023\/10\/9ADAA749-18C4-451B-90F8-8293B0FBA56F-150x150.jpeg 150w, https:\/\/www.insidebrussels.be\/V2\/wp-content\/uploads\/2023\/10\/9ADAA749-18C4-451B-90F8-8293B0FBA56F-768x768.jpeg 768w, https:\/\/www.insidebrussels.be\/V2\/wp-content\/uploads\/2023\/10\/9ADAA749-18C4-451B-90F8-8293B0FBA56F-1536x1536.jpeg 1536w, https:\/\/www.insidebrussels.be\/V2\/wp-content\/uploads\/2023\/10\/9ADAA749-18C4-451B-90F8-8293B0FBA56F.jpeg 1772w\" sizes=\"(max-width: 1024px) 100vw, 1024px\" \/><\/a><figcaption class=\"wp-element-caption\">Quartier Europ\u00e9en (c) Pierre Halleux<\/figcaption><\/figure>\n\n\n\n<figure class=\"wp-block-image size-large\"><a href=\"https:\/\/www.insidebrussels.be\/V2\/wp-content\/uploads\/2023\/10\/16571C4A-4E97-4A59-A089-BE4401CB1980.jpeg\"><img decoding=\"async\" width=\"768\" height=\"1024\" data-id=\"15034\" src=\"https:\/\/www.insidebrussels.be\/V2\/wp-content\/uploads\/2023\/10\/16571C4A-4E97-4A59-A089-BE4401CB1980-768x1024.jpeg\" alt=\"Comission Europ\u00e9enne (c) Pierre Halleux\" class=\"wp-image-15034\" srcset=\"https:\/\/www.insidebrussels.be\/V2\/wp-content\/uploads\/2023\/10\/16571C4A-4E97-4A59-A089-BE4401CB1980-768x1024.jpeg 768w, https:\/\/www.insidebrussels.be\/V2\/wp-content\/uploads\/2023\/10\/16571C4A-4E97-4A59-A089-BE4401CB1980-225x300.jpeg 225w, https:\/\/www.insidebrussels.be\/V2\/wp-content\/uploads\/2023\/10\/16571C4A-4E97-4A59-A089-BE4401CB1980-1152x1536.jpeg 1152w, https:\/\/www.insidebrussels.be\/V2\/wp-content\/uploads\/2023\/10\/16571C4A-4E97-4A59-A089-BE4401CB1980-450x600.jpeg 450w, https:\/\/www.insidebrussels.be\/V2\/wp-content\/uploads\/2023\/10\/16571C4A-4E97-4A59-A089-BE4401CB1980.jpeg 1440w\" sizes=\"(max-width: 768px) 100vw, 768px\" \/><\/a><figcaption class=\"wp-element-caption\">Comission Europ\u00e9enne (c) Pierre Halleux<\/figcaption><\/figure>\n<\/figure>\n\n\n\n<p>Vous le reconna\u00eetrez en voyant les drapeaux europ\u00e9ens. Voil\u00e0 un spot selfie digne de la capitale de l&rsquo;Europe. Le b\u00e2timent <a href=\"https:\/\/fr.wikipedia.org\/wiki\/B%C3%A2timent_Berlaymont\" target=\"_blank\" rel=\"noreferrer noopener\">Berlaymont <\/a>est le si\u00e8ge de la Commission europ\u00e9enne. Vous le trouverez au croisement de la rue de la Loi et du boulevard Charlemagne. \u00c0 l&rsquo;int\u00e9rieur, il abrite les bureaux du pr\u00e9sident de la Commission ainsi que des commissaires europ\u00e9ens. Pour le visiter, il faut parfois \u00eatre un groupe d&rsquo;une certaine taille et r\u00e9server \u00e0 l&rsquo;avance. L&rsquo;endroit reste cependant sympa \u00e0 voir pour faire un <a href=\"http:\/\/www.insidebrussels.be\/V2\/bruxelles\/les-meilleurs-spots-et-endroits-photos-a-bruxelles\/\">selfie souvenir<\/a> de votre visite au centre de l&rsquo;Europe.<\/p>\n\n\n\n<blockquote class=\"wp-block-quote is-layout-flow wp-block-quote-is-layout-flow\"><\/blockquote>\n\n\n\n<h3 class=\"wp-block-heading\"><span class=\"ez-toc-section\" id=\"%F0%9F%93%8D_Parc_Leopold_un_peu_de_verdure_au_milieu_de_affaires\"><\/span>\ud83d\udccd <strong>Parc L\u00e9opold : un peu de verdure au milieu de affaires<\/strong><span class=\"ez-toc-section-end\"><\/span><\/h3>\n\n\n<div class=\"wp-block-image wp-image-9235 size-large\">\n<figure class=\"aligncenter\"><img decoding=\"async\" width=\"1024\" height=\"768\" src=\"https:\/\/www.insidebrussels.be\/V2\/wp-content\/uploads\/2019\/03\/brussels-92700_1280-1024x768.jpg\" alt=\"Parc Bruxelles \" class=\"wp-image-9235\" srcset=\"https:\/\/www.insidebrussels.be\/V2\/wp-content\/uploads\/2019\/03\/brussels-92700_1280-1024x768.jpg 1024w, https:\/\/www.insidebrussels.be\/V2\/wp-content\/uploads\/2019\/03\/brussels-92700_1280-300x225.jpg 300w, https:\/\/www.insidebrussels.be\/V2\/wp-content\/uploads\/2019\/03\/brussels-92700_1280-768x576.jpg 768w, https:\/\/www.insidebrussels.be\/V2\/wp-content\/uploads\/2019\/03\/brussels-92700_1280.jpg 1078w\" sizes=\"(max-width: 1024px) 100vw, 1024px\" \/><figcaption class=\"wp-element-caption\">Parc Bruxelles: un must sur votre parcours<\/figcaption><\/figure><\/div>\n\n\n<p>Dirigez-vous ensuite vers <strong>le parc L\u00e9opold<\/strong>, probablement l&rsquo;un des parcs pr\u00e9f\u00e9r\u00e9s des expats. Celui-ci constitue un havre de verdure au centre du quartier europ\u00e9en. \u00c0 l&rsquo;heure du d\u00e9jeuner, ses pelouses sont <strong>envahies par les expats<\/strong> qui travaillent dans les institutions toutes proches. Si la m\u00e9t\u00e9o n&rsquo;est pas au beau fixe ou que vous avez envie de voir des dinosaures, rendez-vous au <a href=\"https:\/\/www.insidebrussels.be\/V2\/bruxelles\/musee-sciences-naturelles-bruxelles-ixelles\/\">mus\u00e9e des sciences naturelles<\/a> qui est vraiment tout proche. Si la faim se fait sentir, vous pouvez opter pour une <em>Frite Jourdan<\/em> situ\u00e9e \u00e0 quelques pas de l\u00e0.<\/p>\n\n\n\n<div class=\"wp-block-buttons is-layout-flex wp-block-buttons-is-layout-flex\">\n<div class=\"wp-block-button\"><a class=\"wp-block-button__link has-light-green-cyan-background-color has-background wp-element-button\" href=\"https:\/\/www.insidebrussels.be\/V2\/bruxelles\/les-meilleures-friteries-a-bruxelles-frites-belges\/\">Je d\u00e9couvre la Frite jourdan qui est l&rsquo;une des meilleures de Bruxelles<\/a><\/div>\n<\/div>\n\n\n\n<h3 class=\"wp-block-heading\"><span class=\"ez-toc-section\" id=\"%F0%9F%93%8D_Parlement_Europeen_Parlementarium_Place_du_Luxembourg\"><\/span>\ud83d\udccd <strong>Parlement Europ\u00e9en + Parlementarium + Place du Luxembourg<\/strong><span class=\"ez-toc-section-end\"><\/span><\/h3>\n\n\n<div class=\"wp-block-image wp-image-9222 size-large\">\n<figure class=\"aligncenter\"><img decoding=\"async\" width=\"1024\" height=\"682\" src=\"https:\/\/www.insidebrussels.be\/V2\/wp-content\/uploads\/2019\/03\/belgium-3595351_1280-1024x682.jpg\" alt=\"Comission Europ\u00e9ene (c) Pixabay 3595351\" class=\"wp-image-9222\" srcset=\"https:\/\/www.insidebrussels.be\/V2\/wp-content\/uploads\/2019\/03\/belgium-3595351_1280-1024x682.jpg 1024w, https:\/\/www.insidebrussels.be\/V2\/wp-content\/uploads\/2019\/03\/belgium-3595351_1280-300x200.jpg 300w, https:\/\/www.insidebrussels.be\/V2\/wp-content\/uploads\/2019\/03\/belgium-3595351_1280-768x512.jpg 768w, https:\/\/www.insidebrussels.be\/V2\/wp-content\/uploads\/2019\/03\/belgium-3595351_1280.jpg 1078w\" sizes=\"(max-width: 1024px) 100vw, 1024px\" \/><figcaption class=\"wp-element-caption\">(c) Pixabay 3595351 &#8211; Id\u00e9al \u00e0 visiter quand il pleut<\/figcaption><\/figure><\/div>\n\n\n<p>Si il pleut, et que vous \u00eates curieux d&rsquo;en savoir plus sur le Parlement europ\u00e9en, vous pouvez visiter l&rsquo;expo \u00ab\u00a0<a href=\"https:\/\/visiting.europarl.europa.eu\/fr\/visitor-offer\/brussels\/parlamentarium\" target=\"_blank\" rel=\"noreferrer noopener\">Parlementarium<\/a>\u00ab\u00a0, le centre des visiteurs du Parlement europ\u00e9en. Gr\u00e2ce aux nombreux \u00e9crans interactifs, vous d\u00e9couvrirez l\u2019histoire des institutions europ\u00e9ennes et la politique europ\u00e9enne de fa\u00e7on tr\u00e8s ludique. Profitez-en, c\u2019est absolument gratuit ! Si vous \u00eates expats (ou encore \u00e0 Bruxelles jeudi soir), notez le nom de \u00ab\u00a0Place Luxembourg\u00a0\u00bb, c&rsquo;est l&rsquo;endroit id\u00e9al, the place to be, pour les afterwork des expats \u00e0 Bruxelles.<\/p>\n\n\n\n<h3 class=\"wp-block-heading\"><span class=\"ez-toc-section\" id=\"%F0%9F%93%8D_Palais_Royal_et_Parc_Royal_de_Bruxelles\"><\/span>\ud83d\udccd <strong>Palais Royal et Parc Royal de Bruxelles<\/strong><span class=\"ez-toc-section-end\"><\/span><\/h3>\n\n\n\n<figure class=\"wp-block-gallery has-nested-images columns-default is-cropped wp-block-gallery-4 is-layout-flex wp-block-gallery-is-layout-flex\">\n<figure class=\"wp-block-image size-large\"><a href=\"https:\/\/www.insidebrussels.be\/V2\/wp-content\/uploads\/2023\/10\/39502C20-CFED-4BEF-9062-876E28711E21.jpeg\"><img decoding=\"async\" width=\"1024\" height=\"768\" data-id=\"15087\" src=\"https:\/\/www.insidebrussels.be\/V2\/wp-content\/uploads\/2023\/10\/39502C20-CFED-4BEF-9062-876E28711E21-1024x768.jpeg\" alt=\"parc Royal (c) Pierre Halleux\" class=\"wp-image-15087\" srcset=\"https:\/\/www.insidebrussels.be\/V2\/wp-content\/uploads\/2023\/10\/39502C20-CFED-4BEF-9062-876E28711E21-1024x768.jpeg 1024w, https:\/\/www.insidebrussels.be\/V2\/wp-content\/uploads\/2023\/10\/39502C20-CFED-4BEF-9062-876E28711E21-300x225.jpeg 300w, https:\/\/www.insidebrussels.be\/V2\/wp-content\/uploads\/2023\/10\/39502C20-CFED-4BEF-9062-876E28711E21-768x576.jpeg 768w, https:\/\/www.insidebrussels.be\/V2\/wp-content\/uploads\/2023\/10\/39502C20-CFED-4BEF-9062-876E28711E21-1536x1152.jpeg 1536w, https:\/\/www.insidebrussels.be\/V2\/wp-content\/uploads\/2023\/10\/39502C20-CFED-4BEF-9062-876E28711E21-720x540.jpeg 720w, https:\/\/www.insidebrussels.be\/V2\/wp-content\/uploads\/2023\/10\/39502C20-CFED-4BEF-9062-876E28711E21.jpeg 1920w\" sizes=\"(max-width: 1024px) 100vw, 1024px\" \/><\/a><figcaption class=\"wp-element-caption\">parc Royal (c) Pierre Halleux<\/figcaption><\/figure>\n\n\n\n<figure class=\"wp-block-image size-large\"><a href=\"https:\/\/www.insidebrussels.be\/V2\/wp-content\/uploads\/2023\/10\/15EFBD09-E63A-412E-B10C-F2FC859F6A27-scaled.jpeg\"><img decoding=\"async\" width=\"656\" height=\"1024\" data-id=\"14867\" src=\"https:\/\/www.insidebrussels.be\/V2\/wp-content\/uploads\/2023\/10\/15EFBD09-E63A-412E-B10C-F2FC859F6A27-656x1024.jpeg\" alt=\"Le Chat dans le Parc Royal (c) Pierre Halleux\" class=\"wp-image-14867\" srcset=\"https:\/\/www.insidebrussels.be\/V2\/wp-content\/uploads\/2023\/10\/15EFBD09-E63A-412E-B10C-F2FC859F6A27-scaled.jpeg 656w, https:\/\/www.insidebrussels.be\/V2\/wp-content\/uploads\/2023\/10\/15EFBD09-E63A-412E-B10C-F2FC859F6A27-192x300.jpeg 192w, https:\/\/www.insidebrussels.be\/V2\/wp-content\/uploads\/2023\/10\/15EFBD09-E63A-412E-B10C-F2FC859F6A27-768x1198.jpeg 768w, https:\/\/www.insidebrussels.be\/V2\/wp-content\/uploads\/2023\/10\/15EFBD09-E63A-412E-B10C-F2FC859F6A27-985x1536.jpeg 985w\" sizes=\"(max-width: 656px) 100vw, 656px\" \/><\/a><figcaption class=\"wp-element-caption\">Le Chat dans le Parc Royal (c) Pierre Halleux<\/figcaption><\/figure>\n\n\n\n<figure class=\"wp-block-image size-large\"><a href=\"https:\/\/www.insidebrussels.be\/V2\/wp-content\/uploads\/2023\/06\/DC9040C8-85D5-43DC-95AD-A0894F83AE99-scaled.jpeg\"><img decoding=\"async\" width=\"768\" height=\"1024\" data-id=\"14726\" src=\"https:\/\/www.insidebrussels.be\/V2\/wp-content\/uploads\/2023\/06\/DC9040C8-85D5-43DC-95AD-A0894F83AE99-768x1024.jpeg\" alt=\"Palais Royal de Bruxeles (c) Pierre Halleux\" class=\"wp-image-14726\" srcset=\"https:\/\/www.insidebrussels.be\/V2\/wp-content\/uploads\/2023\/06\/DC9040C8-85D5-43DC-95AD-A0894F83AE99-scaled.jpeg 768w, https:\/\/www.insidebrussels.be\/V2\/wp-content\/uploads\/2023\/06\/DC9040C8-85D5-43DC-95AD-A0894F83AE99-225x300.jpeg 225w, https:\/\/www.insidebrussels.be\/V2\/wp-content\/uploads\/2023\/06\/DC9040C8-85D5-43DC-95AD-A0894F83AE99-1152x1536.jpeg 1152w, https:\/\/www.insidebrussels.be\/V2\/wp-content\/uploads\/2023\/06\/DC9040C8-85D5-43DC-95AD-A0894F83AE99-1536x2048.jpeg 1536w, https:\/\/www.insidebrussels.be\/V2\/wp-content\/uploads\/2023\/06\/DC9040C8-85D5-43DC-95AD-A0894F83AE99-450x600.jpeg 450w\" sizes=\"(max-width: 768px) 100vw, 768px\" \/><\/a><figcaption class=\"wp-element-caption\">Palais Royal de Bruxeles (c) Pierre Halleux<\/figcaption><\/figure>\n<\/figure>\n\n\n\n<p>Une fois sur place, vous n&rsquo;en douterez pas, <strong>ce grand b\u00e2timent est bien le palais royal.<\/strong>\u00a0Le Palais constitue la r\u00e9sidence administrative ainsi que le lieu de travail du Roi. Il y re\u00e7oit les repr\u00e9sentants des diff\u00e9rentes institutions politiques,\u00a0ses h\u00f4tes \u00e9trangers et invit\u00e9s.\u00a0 A l&rsquo;int\u00e9rieur, des grands Salons de prestige. C&rsquo;est dans ceux-ci que sont par exemples organis\u00e9es des tables rondes et r\u00e9ceptions. Ne vous r\u00e9jouissez pas trop vite, l&rsquo;int\u00e9rieur ,n&rsquo;est visible au public uniquement quelques jours par an ( Apr\u00e8s la F\u00eate Nationale du 21 juillet jusque d\u00e9but du mois de septembre). En face du Palais, vous retrouverez le Parc Royal, un des endroits pr\u00e9f\u00e9r\u00e9s des coureurs qui habitent le centre de Bruxelles.<\/p>\n\n\n\n<h3 class=\"wp-block-heading\"><span class=\"ez-toc-section\" id=\"%F0%9F%93%8D_Place_royale_Magritte_et_Musee_de_Instruments_de_musique\"><\/span>\ud83d\udccd <strong>Place royale : Magritte et Mus\u00e9e de Instruments de musique<\/strong><span class=\"ez-toc-section-end\"><\/span><\/h3>\n\n\n<div class=\"wp-block-image wp-image-9237 size-full\">\n<figure class=\"aligncenter\"><img decoding=\"async\" width=\"712\" height=\"696\" src=\"https:\/\/www.insidebrussels.be\/V2\/wp-content\/uploads\/2019\/03\/19396822_10154048210302609_2819860232389350344_n-e1553119044995.jpg\" alt=\"Visiter le mus\u00e9e des instrument de musique \u00e0 Bruxelles (c) Pierre Haleux\" class=\"wp-image-9237\" srcset=\"https:\/\/www.insidebrussels.be\/V2\/wp-content\/uploads\/2019\/03\/19396822_10154048210302609_2819860232389350344_n-e1553119044995.jpg 712w, https:\/\/www.insidebrussels.be\/V2\/wp-content\/uploads\/2019\/03\/19396822_10154048210302609_2819860232389350344_n-e1553119044995-300x293.jpg 300w\" sizes=\"(max-width: 712px) 100vw, 712px\" \/><figcaption class=\"wp-element-caption\">MIM Mus\u00e9e Instrument du Musique (c) Pierre Halleux<\/figcaption><\/figure><\/div>\n\n\n<p>Continuez votre chemin en descendant vers la place Royale. Vous vous dirigez vers le Mont de Arts. Sur votre chemin, vous rencontrerez le MIM&nbsp;: <em>Mus\u00e9e des Instruments de musique.&nbsp;<\/em>Vous pouvez rentrer \u00e0 l&rsquo;int\u00e9rieur et demander pour acc\u00e9der gratuitement \u00e0 la terrasse de la brasserie situ\u00e9e sur le toit. Celle-ci offre une vue panoramique imprenable sur la vile. <a href=\"http:\/\/www.insidebrussels.be\/V2\/bruxelles\/rooftop-bruxelles-2017-meilleures-terrasses\/\">Un des meilleurs rooftop de Bruxelles<\/a> pour le <a href=\"http:\/\/www.insidebrussels.be\/V2\/bruxelles\/ou-manger-un-brunch-a-bruxelles\/\">brunch<\/a> ou une pause-caf\u00e9 lors de votre visite. Un peu plus loin, ce trouve le&nbsp;Mus\u00e9e <a href=\"http:\/\/www.insidebrussels.be\/V2\/bruxelles\/le-musee-magritte-a-la-decouverte-dun-artiste-de-renom\/\">Magritte<\/a>, le mus\u00e9e Coudenberg (des anciens souterrains de Bruxelles), ainsi que le <a href=\"http:\/\/www.insidebrussels.be\/V2\/bruxelles\/palais-des-bozar-un-joyau-incontournable\/\">mus\u00e9e de beaux-arts<\/a>, \u2026) Si vous avez un peu de temps il y a <a href=\"http:\/\/www.insidebrussels.be\/V2\/bruxelles\/les-bars-insolites-et-orignaux-a-bruxelles-notre-top-5-2019\/\">un bar insolite<\/a> \u00e0 deux pas de l\u00e0. Attention, r\u00e9servation n\u00e9c\u00e9ssaire en cas d&rsquo;affluence.<\/p>\n\n\n\n<h3 class=\"wp-block-heading\"><span class=\"ez-toc-section\" id=\"%F0%9F%93%8D_Jardin_du_mont_des_arts_un_must-have_sur_litineraire_Bruxelles_en_un_jour\"><\/span>\ud83d\udccd <strong>Jardin du mont des arts: un must-have sur l&rsquo;itin\u00e9raire Bruxelles en un jour<\/strong><span class=\"ez-toc-section-end\"><\/span><\/h3>\n\n\n<div class=\"wp-block-image wp-image-16653 size-full\">\n<figure class=\"aligncenter\"><img decoding=\"async\" width=\"1920\" height=\"1440\" src=\"https:\/\/www.insidebrussels.be\/V2\/wp-content\/uploads\/2024\/06\/757055E6-8497-4FA9-988E-6DF5C14A2151.jpeg\" alt=\"Vue du Mont des Arts (c) Pierre Halleux\" class=\"wp-image-16653\" srcset=\"https:\/\/www.insidebrussels.be\/V2\/wp-content\/uploads\/2024\/06\/757055E6-8497-4FA9-988E-6DF5C14A2151.jpeg 1920w, https:\/\/www.insidebrussels.be\/V2\/wp-content\/uploads\/2024\/06\/757055E6-8497-4FA9-988E-6DF5C14A2151-300x225.jpeg 300w, https:\/\/www.insidebrussels.be\/V2\/wp-content\/uploads\/2024\/06\/757055E6-8497-4FA9-988E-6DF5C14A2151-1024x768.jpeg 1024w, https:\/\/www.insidebrussels.be\/V2\/wp-content\/uploads\/2024\/06\/757055E6-8497-4FA9-988E-6DF5C14A2151-768x576.jpeg 768w, https:\/\/www.insidebrussels.be\/V2\/wp-content\/uploads\/2024\/06\/757055E6-8497-4FA9-988E-6DF5C14A2151-1536x1152.jpeg 1536w, https:\/\/www.insidebrussels.be\/V2\/wp-content\/uploads\/2024\/06\/757055E6-8497-4FA9-988E-6DF5C14A2151-720x540.jpeg 720w\" sizes=\"(max-width: 1920px) 100vw, 1920px\" \/><figcaption class=\"wp-element-caption\">Vue du Mont des Arts (c) Pierre Halleux<\/figcaption><\/figure><\/div>\n\n\n<p>Voila un de mes <a href=\"http:\/\/www.insidebrussels.be\/V2\/bruxelles\/les-meilleurs-spots-et-endroits-photos-a-bruxelles\/\">selfies spots pr\u00e9f\u00e9r\u00e9 pour prendre des photos<\/a>! Il donne une vue imprenable sur les b\u00e2timents de la Grand-Place vus de loin. Vous pouvez \u00e9galement y trouver la biblioth\u00e8que nationale. C&rsquo;est aussi ici que se trouve en Ao\u00fbt une des sc\u00e8nes du Brussels Summer Festival. Si vous \u00eates fan de musique ne loupez pas cet \u00e9v\u00e9nement culturel et musical lors de votre passage. En juillet, quand il fait beau, les passants sont allong\u00e9s dans des transats install\u00e9s par les caf\u00e9s et PopUp Store,&nbsp; entrain d&rsquo;\u00e9couter les musiciens d&rsquo;un jour qui animent le Mont de Arts.<\/p>\n\n\n\n<h3 class=\"wp-block-heading\"><span class=\"ez-toc-section\" id=\"%F0%9F%93%8D_Cathedrale_Saint-Michel_et_Gudule\"><\/span>\ud83d\udccd <strong>Cath\u00e9drale Saint-Michel et Gudule<\/strong><span class=\"ez-toc-section-end\"><\/span><\/h3>\n\n\n\n<figure class=\"wp-block-image size-large\"><a href=\"https:\/\/www.insidebrussels.be\/V2\/wp-content\/uploads\/2024\/06\/AC8934E7-F285-4C1F-A533-D536E7F621C9.jpeg\"><img decoding=\"async\" width=\"1024\" height=\"768\" src=\"https:\/\/www.insidebrussels.be\/V2\/wp-content\/uploads\/2024\/06\/AC8934E7-F285-4C1F-A533-D536E7F621C9-1024x768.jpeg\" alt=\"Eglise Saint Michel et Gudule au Printement (c) Photo Pierre Halleux\" class=\"wp-image-16866\" srcset=\"https:\/\/www.insidebrussels.be\/V2\/wp-content\/uploads\/2024\/06\/AC8934E7-F285-4C1F-A533-D536E7F621C9-1024x768.jpeg 1024w, https:\/\/www.insidebrussels.be\/V2\/wp-content\/uploads\/2024\/06\/AC8934E7-F285-4C1F-A533-D536E7F621C9-300x225.jpeg 300w, https:\/\/www.insidebrussels.be\/V2\/wp-content\/uploads\/2024\/06\/AC8934E7-F285-4C1F-A533-D536E7F621C9-768x576.jpeg 768w, https:\/\/www.insidebrussels.be\/V2\/wp-content\/uploads\/2024\/06\/AC8934E7-F285-4C1F-A533-D536E7F621C9-1536x1152.jpeg 1536w, https:\/\/www.insidebrussels.be\/V2\/wp-content\/uploads\/2024\/06\/AC8934E7-F285-4C1F-A533-D536E7F621C9-720x540.jpeg 720w, https:\/\/www.insidebrussels.be\/V2\/wp-content\/uploads\/2024\/06\/AC8934E7-F285-4C1F-A533-D536E7F621C9.jpeg 1920w\" sizes=\"(max-width: 1024px) 100vw, 1024px\" \/><\/a><figcaption class=\"wp-element-caption\">Eglise Saint Michel et Gudule au Printement (c) Photo Pierre Halleux<\/figcaption><\/figure>\n\n\n\n<p>La cath\u00e9drale se dresse au carrefour de deux anciennes routes importantes (Flandre vers Cologne et Anvers vers Mons par Bruxelles).&nbsp;La cath\u00e9drale se dresse au carrefour de deux anciennes routes importantes (Flandre vers Cologne et Anvers vers Mons par Bruxelles). Il s&rsquo;agit aussi d&rsquo;un selfie spot id\u00e9al lors de votre visite d&rsquo;un jour de Bruxelles!<\/p>\n\n\n\n<h3 class=\"wp-block-heading\"><span class=\"ez-toc-section\" id=\"%F0%9F%93%8D_Galerie_royale_du_chic_en_cas_de_pluie_Vous_pourriez_y_passer_la_journee\"><\/span>\ud83d\udccd <strong>Galerie royale du chic en cas de pluie! Vous pourriez y passer la journ\u00e9e!<\/strong><span class=\"ez-toc-section-end\"><\/span><\/h3>\n\n\n<div class=\"wp-block-image wp-image-9239 size-large\">\n<figure class=\"aligncenter\"><img decoding=\"async\" width=\"748\" height=\"1024\" src=\"https:\/\/www.insidebrussels.be\/V2\/wp-content\/uploads\/2019\/03\/leonard-cotte-437080-unsplash-748x1024.jpg\" alt=\"Galleries Saint Hubert Visiter Bruxelles\" class=\"wp-image-9239\" srcset=\"https:\/\/www.insidebrussels.be\/V2\/wp-content\/uploads\/2019\/03\/leonard-cotte-437080-unsplash.jpg 748w, https:\/\/www.insidebrussels.be\/V2\/wp-content\/uploads\/2019\/03\/leonard-cotte-437080-unsplash-219x300.jpg 219w, https:\/\/www.insidebrussels.be\/V2\/wp-content\/uploads\/2019\/03\/leonard-cotte-437080-unsplash-768x1052.jpg 768w\" sizes=\"(max-width: 748px) 100vw, 748px\" \/><figcaption class=\"wp-element-caption\">Galleries Saint Hubert Visiter Bruxelles (c) Photo Pierre Halleux<\/figcaption><\/figure><\/div>\n\n\n<p>Tout simplement Waouw! Voila <strong>un lieu anim\u00e9 pour un voyage hors du temps.<\/strong> Les touristes et Bruxellois viennent y fl\u00e2ner et faire du shopping, tout au long de l\u2019ann\u00e9e. \u2026Con\u00e7ues en 1847, les Galeries Royales Saint-Hubert figurent parmi les plus anciennes d\u2019Europe. C\u2019est <strong>un lieu charg\u00e9 d\u2019histoire,<\/strong> a ne pas manquer lors de votre visite \u00e0 Bruxelles.\u00a0L&rsquo;architecture est inspir\u00e9e des Palais <a href=\"https:\/\/www.insidebrussels.be\/V2\/bruxelles\/isaac-les-10-meilleurs-restaurants-italiens-a-bruxelles\/\">italiens<\/a> du XIXe si\u00e8cle. Regardez vers le ciel, le toi est\u00a0 couvert sur toute la longueur d&rsquo;une verri\u00e8re \u00e0 structure m\u00e9tallique. Chaque ann\u00e9es, elle sont travers\u00e9es par quelque six millions de visiteurs. Elles sont constitu\u00e9es de trois galleries:\u00a0 la Galerie de la Reine, la Galerie du Roi et la Galerie des Princes. Id\u00e9al <a href=\"http:\/\/www.insidebrussels.be\/V2\/bruxelles\/que-faire-a-bruxelles-quand-il-pleut\/\">en cas de pluie lors de votre visite de Bruxelles<\/a><\/p>\n\n\n\n<div class=\"wp-block-columns alignfull is-layout-flex wp-container-core-columns-is-layout-9d6595d7 wp-block-columns-is-layout-flex\">\n<div class=\"wp-block-column is-layout-flow wp-block-column-is-layout-flow\" style=\"flex-basis:50%\">\n<div class=\"wp-block-cover is-light\" style=\"min-height:600px;aspect-ratio:unset;\"><span aria-hidden=\"true\" class=\"wp-block-cover__background has-background-dim-100 has-background-dim\" style=\"background-color:#f6f6f6\"><\/span><div class=\"wp-block-cover__inner-container is-layout-flow wp-block-cover-is-layout-flow\"><div class=\"wp-block-image\">\n<figure class=\"aligncenter size-medium\"><img decoding=\"async\" width=\"300\" height=\"244\" src=\"https:\/\/www.insidebrussels.be\/V2\/wp-content\/uploads\/2024\/06\/4F2A3327-D73E-43D6-9B50-A588F20DD8C7-300x244.jpeg\" alt=\"Bruxelles dans le centre quand il pleut (c) Pierre Haleux\" class=\"wp-image-16684\" srcset=\"https:\/\/www.insidebrussels.be\/V2\/wp-content\/uploads\/2024\/06\/4F2A3327-D73E-43D6-9B50-A588F20DD8C7-300x244.jpeg 300w, https:\/\/www.insidebrussels.be\/V2\/wp-content\/uploads\/2024\/06\/4F2A3327-D73E-43D6-9B50-A588F20DD8C7-1024x834.jpeg 1024w, https:\/\/www.insidebrussels.be\/V2\/wp-content\/uploads\/2024\/06\/4F2A3327-D73E-43D6-9B50-A588F20DD8C7-768x625.jpeg 768w, https:\/\/www.insidebrussels.be\/V2\/wp-content\/uploads\/2024\/06\/4F2A3327-D73E-43D6-9B50-A588F20DD8C7-1536x1250.jpeg 1536w, https:\/\/www.insidebrussels.be\/V2\/wp-content\/uploads\/2024\/06\/4F2A3327-D73E-43D6-9B50-A588F20DD8C7.jpeg 1920w\" sizes=\"(max-width: 300px) 100vw, 300px\" \/><figcaption class=\"wp-element-caption\">Bruxelles dans le centre quand il pleut (c) Pierre Haleux<\/figcaption><\/figure><\/div><\/div><\/div>\n<\/div>\n\n\n\n<div class=\"wp-block-column is-vertically-aligned-center is-layout-flow wp-block-column-is-layout-flow\" style=\"padding-top:1em;padding-right:1em;padding-bottom:1em;padding-left:1em\">\n<div class=\"wp-block-columns is-layout-flex wp-container-core-columns-is-layout-9d6595d7 wp-block-columns-is-layout-flex\">\n<div class=\"wp-block-column is-layout-flow wp-block-column-is-layout-flow\" style=\"flex-basis:320px\">\n<p class=\"has-small-font-size\" style=\"line-height:1.6\"><strong>Que faire quand il pleut ?<\/strong><\/p>\n\n\n\n<p class=\"has-small-font-size\" style=\"line-height:1.6\">A la recherche d&rsquo;autres endroits pour s&rsquo;abriter de la pluie ? (Ou de la chaleur) Jetter un oeil \u00e0<a href=\"https:\/\/www.insidebrussels.be\/V2\/bruxelles\/les-meilleures-choses-a-faire-a-bruxelles-quand-il-pleut\/\"> notre guide Bruxelles quand il pleut.<\/a><\/p>\n<\/div>\n<\/div>\n<\/div>\n<\/div>\n\n\n\n<h3 class=\"wp-block-heading\"><span class=\"ez-toc-section\" id=\"%F0%9F%93%8D_Noubliez_pas_de_visiter_Jeanneken-pis_Delirium_Cafe_pour_terminer_la_journee\"><\/span>\ud83d\udccd <strong>N&rsquo;oubliez pas de visiter Jeanneken-pis &amp; Delirium Caf\u00e9, pour terminer la journ\u00e9e<\/strong><span class=\"ez-toc-section-end\"><\/span><\/h3>\n\n\n<div class=\"wp-block-image wp-image-9241 size-full\">\n<figure class=\"aligncenter\"><img decoding=\"async\" width=\"960\" height=\"960\" src=\"https:\/\/www.insidebrussels.be\/V2\/wp-content\/uploads\/2019\/03\/22853133_10154345927702609_1306318685797201567_n.jpg\" alt=\"Bi\u00e8re Delirium (c) pierre Haleux\" class=\"wp-image-9241\" srcset=\"https:\/\/www.insidebrussels.be\/V2\/wp-content\/uploads\/2019\/03\/22853133_10154345927702609_1306318685797201567_n.jpg 960w, https:\/\/www.insidebrussels.be\/V2\/wp-content\/uploads\/2019\/03\/22853133_10154345927702609_1306318685797201567_n-150x150.jpg 150w, https:\/\/www.insidebrussels.be\/V2\/wp-content\/uploads\/2019\/03\/22853133_10154345927702609_1306318685797201567_n-300x300.jpg 300w, https:\/\/www.insidebrussels.be\/V2\/wp-content\/uploads\/2019\/03\/22853133_10154345927702609_1306318685797201567_n-768x768.jpg 768w\" sizes=\"(max-width: 960px) 100vw, 960px\" \/><figcaption class=\"wp-element-caption\">Bi\u00e8re Delirium<\/figcaption><\/figure><\/div>\n\n\n<p>Saviez-vous qu&rsquo;il existait un <a href=\"http:\/\/www.insidebrussels.be\/V2\/bruxelles\/manneken-pis-lembleme-de-bruxelles\/\">Maneken-Pis<\/a> version fille ? Elle s&rsquo;appelle \u00ab\u00a0Jeanneken Piss\u00a0\u00bb. La statue se trouve juste en face du D\u00e9lirium Caf\u00e9. Il s&rsquo;agit d&rsquo;un caf\u00e9 mondialement connu pour les bi\u00e8re. Son choix est immense.&nbsp; Plus de 3.000! Lors de votre visite de Bruxelles, nous vous conseillons de go\u00fbter les trappistes Belges&nbsp;:&nbsp;&nbsp;(En Belgique, il existe 12 abbayes trappistes, 6 de moines et 6 de moniales. Six ont une brasserie : 3 en Flandre (Westmalle,&nbsp;Westvleteren et Achel) et 3 en Wallonie : Chimay, Orval et Rochefort. Il n\u2019en existe qu\u2019une seule hors de Belgique, aux Pays-Bas, l\u2019abbaye Notre-Dame de Koningshoeven avec sa brasserie \u00abDe Schaapskooi\u00bb.) La triple Karmeliet est aussi tr\u00e8s bonne et appr\u00e9ci\u00e9e. A boire avec mod\u00e9ration, tout \u00e7a c&rsquo;est assez fort! Si vous avez faim? Pensez \u00e0 deux fois avant de manger dans la <em>\u00ab\u00a0Rue de Bouchers\u00a0\u00bb.<\/em>.. Certains disent qu&rsquo;il y a pas mal d&rsquo;attrapes-touristes dans le coins. Nous vous avons pr\u00e9par\u00e9 une liste de suggestions <a href=\"http:\/\/www.insidebrussels.be\/V2\/bruxelles\/restaurant-grand-place-pas-cher-bruxelles\/\">o\u00f9 manger pr\u00e8s de la Grand-Place de Bruxelles<\/a><\/p>\n\n\n\n<h3 class=\"wp-block-heading\"><span class=\"ez-toc-section\" id=\"%F0%9F%93%8D_A_visiter_de_jour_et_de_nuit_la_Grand-Place_de_Bruxelles\"><\/span>\ud83d\udccd <strong>A visiter de jour et de nuit: la Grand-Place de Bruxelles:<\/strong><span class=\"ez-toc-section-end\"><\/span><\/h3>\n\n\n\n<figure class=\"wp-block-gallery has-nested-images columns-default is-cropped wp-block-gallery-5 is-layout-flex wp-block-gallery-is-layout-flex\">\n<figure class=\"wp-block-image size-large\"><a href=\"https:\/\/www.insidebrussels.be\/V2\/wp-content\/uploads\/2023\/10\/2401EAE3-B412-40CE-9365-FDC227A333C4-scaled.jpeg\"><img decoding=\"async\" width=\"1024\" height=\"1024\" data-id=\"14920\" src=\"https:\/\/www.insidebrussels.be\/V2\/wp-content\/uploads\/2023\/10\/2401EAE3-B412-40CE-9365-FDC227A333C4-1024x1024.jpeg\" alt=\"Grand Place de Bruxelles (c) Pierre Halleux\" class=\"wp-image-14920\" srcset=\"https:\/\/www.insidebrussels.be\/V2\/wp-content\/uploads\/2023\/10\/2401EAE3-B412-40CE-9365-FDC227A333C4-scaled.jpeg 1024w, https:\/\/www.insidebrussels.be\/V2\/wp-content\/uploads\/2023\/10\/2401EAE3-B412-40CE-9365-FDC227A333C4-300x300.jpeg 300w, https:\/\/www.insidebrussels.be\/V2\/wp-content\/uploads\/2023\/10\/2401EAE3-B412-40CE-9365-FDC227A333C4-150x150.jpeg 150w, https:\/\/www.insidebrussels.be\/V2\/wp-content\/uploads\/2023\/10\/2401EAE3-B412-40CE-9365-FDC227A333C4-768x768.jpeg 768w, https:\/\/www.insidebrussels.be\/V2\/wp-content\/uploads\/2023\/10\/2401EAE3-B412-40CE-9365-FDC227A333C4-1536x1536.jpeg 1536w, https:\/\/www.insidebrussels.be\/V2\/wp-content\/uploads\/2023\/10\/2401EAE3-B412-40CE-9365-FDC227A333C4-2048x2048.jpeg 2048w\" sizes=\"(max-width: 1024px) 100vw, 1024px\" \/><\/a><figcaption class=\"wp-element-caption\">Grand Place de Bruxelles (c) Pierre Halleux<\/figcaption><\/figure>\n\n\n\n<figure class=\"wp-block-image size-large\"><a href=\"https:\/\/www.insidebrussels.be\/V2\/wp-content\/uploads\/2023\/10\/EB39A803-8340-4B64-9E08-9B1167B141A5-scaled.jpeg\"><img decoding=\"async\" width=\"1024\" height=\"1024\" data-id=\"14861\" src=\"https:\/\/www.insidebrussels.be\/V2\/wp-content\/uploads\/2023\/10\/EB39A803-8340-4B64-9E08-9B1167B141A5-1024x1024.jpeg\" alt=\"Grand-PLace de Bruxelles (c) Pierre Halleux\" class=\"wp-image-14861\" srcset=\"https:\/\/www.insidebrussels.be\/V2\/wp-content\/uploads\/2023\/10\/EB39A803-8340-4B64-9E08-9B1167B141A5-scaled.jpeg 1024w, https:\/\/www.insidebrussels.be\/V2\/wp-content\/uploads\/2023\/10\/EB39A803-8340-4B64-9E08-9B1167B141A5-300x300.jpeg 300w, https:\/\/www.insidebrussels.be\/V2\/wp-content\/uploads\/2023\/10\/EB39A803-8340-4B64-9E08-9B1167B141A5-150x150.jpeg 150w, https:\/\/www.insidebrussels.be\/V2\/wp-content\/uploads\/2023\/10\/EB39A803-8340-4B64-9E08-9B1167B141A5-768x768.jpeg 768w, https:\/\/www.insidebrussels.be\/V2\/wp-content\/uploads\/2023\/10\/EB39A803-8340-4B64-9E08-9B1167B141A5-1536x1536.jpeg 1536w, https:\/\/www.insidebrussels.be\/V2\/wp-content\/uploads\/2023\/10\/EB39A803-8340-4B64-9E08-9B1167B141A5-2048x2048.jpeg 2048w\" sizes=\"(max-width: 1024px) 100vw, 1024px\" \/><\/a><figcaption class=\"wp-element-caption\">Grand-PLace de Bruxelles (c) Pierre Halleux<\/figcaption><\/figure>\n\n\n\n<figure class=\"wp-block-image size-large\"><a href=\"https:\/\/www.insidebrussels.be\/V2\/wp-content\/uploads\/2023\/03\/FD9F6FB7-D29A-4559-A53C-4534D9FD9547-scaled.jpeg\"><img decoding=\"async\" width=\"1024\" height=\"768\" data-id=\"14380\" src=\"https:\/\/www.insidebrussels.be\/V2\/wp-content\/uploads\/2023\/03\/FD9F6FB7-D29A-4559-A53C-4534D9FD9547-1024x768.jpeg\" alt=\"Grand Place de Bruxelles (c) Pierre Halleux\" class=\"wp-image-14380\" srcset=\"https:\/\/www.insidebrussels.be\/V2\/wp-content\/uploads\/2023\/03\/FD9F6FB7-D29A-4559-A53C-4534D9FD9547-1024x768.jpeg 1024w, https:\/\/www.insidebrussels.be\/V2\/wp-content\/uploads\/2023\/03\/FD9F6FB7-D29A-4559-A53C-4534D9FD9547-300x225.jpeg 300w, https:\/\/www.insidebrussels.be\/V2\/wp-content\/uploads\/2023\/03\/FD9F6FB7-D29A-4559-A53C-4534D9FD9547-768x576.jpeg 768w, https:\/\/www.insidebrussels.be\/V2\/wp-content\/uploads\/2023\/03\/FD9F6FB7-D29A-4559-A53C-4534D9FD9547-1536x1152.jpeg 1536w, https:\/\/www.insidebrussels.be\/V2\/wp-content\/uploads\/2023\/03\/FD9F6FB7-D29A-4559-A53C-4534D9FD9547-2048x1536.jpeg 2048w, https:\/\/www.insidebrussels.be\/V2\/wp-content\/uploads\/2023\/03\/FD9F6FB7-D29A-4559-A53C-4534D9FD9547-720x540.jpeg 720w, https:\/\/www.insidebrussels.be\/V2\/wp-content\/uploads\/2023\/03\/FD9F6FB7-D29A-4559-A53C-4534D9FD9547-scaled.jpeg 1078w\" sizes=\"(max-width: 1024px) 100vw, 1024px\" \/><\/a><figcaption class=\"wp-element-caption\">Grand Place de Bruxelles (c) Pierre Halleux<\/figcaption><\/figure>\n\n\n\n<figure class=\"wp-block-image size-large\"><a href=\"https:\/\/www.insidebrussels.be\/V2\/wp-content\/uploads\/2021\/01\/Screen-Shot-2017-06-24-at-01.35.48-edited.png\"><img decoding=\"async\" width=\"431\" height=\"431\" data-id=\"11336\" src=\"https:\/\/www.insidebrussels.be\/V2\/wp-content\/uploads\/2021\/01\/Screen-Shot-2017-06-24-at-01.35.48-edited.png\" alt=\"Grand Place de Bruxelles (c) Photo Pierre Halleux\" class=\"wp-image-11336\" srcset=\"https:\/\/www.insidebrussels.be\/V2\/wp-content\/uploads\/2021\/01\/Screen-Shot-2017-06-24-at-01.35.48-edited.png 431w, https:\/\/www.insidebrussels.be\/V2\/wp-content\/uploads\/2021\/01\/Screen-Shot-2017-06-24-at-01.35.48-edited-300x300.png 300w, https:\/\/www.insidebrussels.be\/V2\/wp-content\/uploads\/2021\/01\/Screen-Shot-2017-06-24-at-01.35.48-edited-150x150.png 150w\" sizes=\"(max-width: 431px) 100vw, 431px\" \/><\/a><figcaption class=\"wp-element-caption\">Grand Place de Bruxelles (c) Photo Pierre Halleux<\/figcaption><\/figure>\n<\/figure>\n\n\n\n<p>Continuez la Galerie de la reine pour vous diriger vers la <a href=\"http:\/\/www.insidebrussels.be\/V2\/bruxelles\/visiter-la-grande-place-de-bruxelles-tourisme\/\">Grand-Place<\/a> de Bruxelles. Si vous n&rsquo;\u00eates qu&rsquo;un seul jour \u00e0 Bruxelles pour visiter, voici un des endroits cl\u00e9s \u00e0 ne pas manquer. Waouw. Vous pouvez la voir de jour mais aussi de nuit! Cela change pas mal la perspective. Jetez un oeil \u00e0 l&rsquo;h\u00f4tel de ville, le caf\u00e9\u00a0le Roi d\u2019Espagne est assez sympa en hiver avec un feu ouvert.<\/p>\n\n\n\n<blockquote class=\"wp-block-quote is-layout-flow wp-block-quote-is-layout-flow\">\n<p>Une fois sur la Grand-Place, pensez \u00e0 r\u00e9sever \u00e0 l&rsquo;avance un \u00ab\u00a0free-tour\u00a0\u00bb. Il est possible de<a href=\"https:\/\/www.civitatis.com\/fr\/bruxelles\/visite-gratuite-bruxelles\/?aid=101710\" target=\"_blank\" rel=\"noreferrer noopener\"> visiter Bruxelles gratuitement via un tour organis\u00e9 par des volonaires.<\/a><\/p>\n\n\n\n<div class=\"wp-block-buttons is-layout-flex wp-block-buttons-is-layout-flex\">\n<div class=\"wp-block-button\"><a class=\"wp-block-button__link has-light-green-cyan-background-color has-background wp-element-button\" href=\"https:\/\/www.civitatis.com\/fr\/bruxelles\/visite-gratuite-bruxelles\/?aid=101710\">Je d\u00e9couvre la visite gratuite de Bruxelles<\/a><\/div>\n<\/div>\n<\/blockquote>\n\n\n\n<h3 class=\"wp-block-heading\"><span class=\"ez-toc-section\" id=\"%F0%9F%93%8D_Sur_la_fin_du_parcours_Bourse_de_Bruxelles\"><\/span>\ud83d\udccd <strong>Sur la fin du parcours: Bourse de Bruxelles<\/strong><span class=\"ez-toc-section-end\"><\/span><\/h3>\n\n\n<div class=\"wp-block-image wp-image-16617 size-full\">\n<figure class=\"aligncenter\"><img decoding=\"async\" width=\"1084\" height=\"1920\" src=\"https:\/\/www.insidebrussels.be\/V2\/wp-content\/uploads\/2024\/06\/7519D6BC-F3CC-44F9-B16B-2473E91AF41B.jpeg\" alt=\"Rooftop \u00e0 Bruxelles pr\u00e8s de la bourse (c) Hortense B\" class=\"wp-image-16617\" srcset=\"https:\/\/www.insidebrussels.be\/V2\/wp-content\/uploads\/2024\/06\/7519D6BC-F3CC-44F9-B16B-2473E91AF41B.jpeg 1084w, https:\/\/www.insidebrussels.be\/V2\/wp-content\/uploads\/2024\/06\/7519D6BC-F3CC-44F9-B16B-2473E91AF41B-169x300.jpeg 169w, https:\/\/www.insidebrussels.be\/V2\/wp-content\/uploads\/2024\/06\/7519D6BC-F3CC-44F9-B16B-2473E91AF41B-578x1024.jpeg 578w, https:\/\/www.insidebrussels.be\/V2\/wp-content\/uploads\/2024\/06\/7519D6BC-F3CC-44F9-B16B-2473E91AF41B-768x1360.jpeg 768w, https:\/\/www.insidebrussels.be\/V2\/wp-content\/uploads\/2024\/06\/7519D6BC-F3CC-44F9-B16B-2473E91AF41B-867x1536.jpeg 867w\" sizes=\"(max-width: 1084px) 100vw, 1084px\" \/><figcaption class=\"wp-element-caption\">Rooftop \u00e0 Bruxelles pr\u00e8s de la bourse (c) Hortense B<\/figcaption><\/figure><\/div>\n\n\n<p>Passer \u00e0 c\u00f4t\u00e9 de l\u2019\u00e9glise Saint-Nicolas pour vous diriger vers la Bourse de Bruxelles. Il y a parfois des expos \u00e0 l&rsquo;int\u00e9rieur de la bourse de Bruxelles, telles que l&rsquo;expo Van Gogh. Par contre, si vous visitez Bruxelles en un jour, \u00e7a risque d&rsquo;\u00eatre trop court que pour faire des expositions! Si vous \u00eates plus vite que pr\u00e9vu, \u00e0 De Brouck\u00e8re prenez le m\u00e9tro pour <a href=\"https:\/\/www.insidebrussels.be\/V2\/bruxelles\/latomium\/\">visiter l&rsquo;Atomium de Bruxelles et le domaine du Heizel.<\/a><\/p>\n\n\n\n<h3 class=\"wp-block-heading\"><span class=\"ez-toc-section\" id=\"%F0%9F%93%8D_Quartier_Sainte-Catherine_%E2%80%93_a_visiter_pour_les_gaufres_glaces\"><\/span>\ud83d\udccd <strong>Quartier Sainte-Catherine &#8211; \u00e0 visiter pour les gaufres &amp; glaces!\u00a0<\/strong><span class=\"ez-toc-section-end\"><\/span><\/h3>\n\n\n<div class=\"wp-block-image wp-image-6521 size-full\">\n<figure class=\"aligncenter size-large\"><a href=\"https:\/\/www.insidebrussels.be\/V2\/wp-content\/uploads\/2023\/10\/2CAF83DB-3F4D-4006-B73E-582701661805-scaled.jpeg\"><img decoding=\"async\" width=\"1024\" height=\"1024\" src=\"https:\/\/www.insidebrussels.be\/V2\/wp-content\/uploads\/2023\/10\/2CAF83DB-3F4D-4006-B73E-582701661805-1024x1024.jpeg\" alt=\"Gaufre de chez Gaston (c) Pierre Halleux\" class=\"wp-image-14963\" srcset=\"https:\/\/www.insidebrussels.be\/V2\/wp-content\/uploads\/2023\/10\/2CAF83DB-3F4D-4006-B73E-582701661805-1024x1024.jpeg 1024w, https:\/\/www.insidebrussels.be\/V2\/wp-content\/uploads\/2023\/10\/2CAF83DB-3F4D-4006-B73E-582701661805-300x300.jpeg 300w, https:\/\/www.insidebrussels.be\/V2\/wp-content\/uploads\/2023\/10\/2CAF83DB-3F4D-4006-B73E-582701661805-150x150.jpeg 150w, https:\/\/www.insidebrussels.be\/V2\/wp-content\/uploads\/2023\/10\/2CAF83DB-3F4D-4006-B73E-582701661805-768x768.jpeg 768w, https:\/\/www.insidebrussels.be\/V2\/wp-content\/uploads\/2023\/10\/2CAF83DB-3F4D-4006-B73E-582701661805-1536x1536.jpeg 1536w, https:\/\/www.insidebrussels.be\/V2\/wp-content\/uploads\/2023\/10\/2CAF83DB-3F4D-4006-B73E-582701661805-2048x2048.jpeg 2048w, https:\/\/www.insidebrussels.be\/V2\/wp-content\/uploads\/2023\/10\/2CAF83DB-3F4D-4006-B73E-582701661805-scaled.jpeg 1920w\" sizes=\"(max-width: 1024px) 100vw, 1024px\" \/><\/a><figcaption class=\"wp-element-caption\">Gaufre de chez Gaston (c) Pierre Halleux<\/figcaption><\/figure><\/div>\n\n\n<p>Passez dans\u00a0le Quartier de l\u2019\u00e9glise Sainte-Catherine. Il y a des <a href=\"http:\/\/www.insidebrussels.be\/V2\/bruxelles\/visiter-bruxelles-en-un-jours-cest-possible\/\">bonnes glaces<\/a> et cr\u00eapes au fond de la place Sainte-Catherine, Chez Gaston. N&rsquo;h\u00e9sitez pas \u00e0 jeter un oeil \u00e0 nos bonnes adresses pour <a href=\"http:\/\/www.insidebrussels.be\/V2\/bruxelles\/bruxelles-manger-des-gaufres-a-bruxelles\/\">manger des gaufres \u00e0 Bruxelles.\u00a0<\/a><\/p>\n\n\n\n<h3 class=\"wp-block-heading\"><span class=\"ez-toc-section\" id=\"%F0%9F%93%8D_Rue_des_Flandres_Zinneke-Pis\"><\/span>\ud83d\udccd <strong>Rue des Flandres: Zinneke-Pis<\/strong><span class=\"ez-toc-section-end\"><\/span><\/h3>\n\n\n<div class=\"wp-block-image wp-image-2215 size-large\">\n<figure class=\"aligncenter\"><img decoding=\"async\" width=\"1024\" height=\"768\" src=\"https:\/\/www.insidebrussels.be\/V2\/wp-content\/uploads\/2015\/04\/IMG_2986-1024x768.jpg\" alt=\"Parcours BD Bruxelles Palais de Justice (c) Pierre Halleux\" class=\"wp-image-2215\" srcset=\"https:\/\/www.insidebrussels.be\/V2\/wp-content\/uploads\/2015\/04\/IMG_2986-1024x768.jpg 1024w, https:\/\/www.insidebrussels.be\/V2\/wp-content\/uploads\/2015\/04\/IMG_2986-300x225.jpg 300w, https:\/\/www.insidebrussels.be\/V2\/wp-content\/uploads\/2015\/04\/IMG_2986.jpg 1078w\" sizes=\"(max-width: 1024px) 100vw, 1024px\" \/><figcaption class=\"wp-element-caption\">Parcours BD Bruxelles Palais de Justice (c) Pierre Halleux<\/figcaption><\/figure><\/div>\n\n\n<p>Passer rue des Flandres. Par ici, il y a pas mal de vrais bruxellois. Vous allez en fait d\u00e9couvrir que <a href=\"https:\/\/www.insidebrussels.be\/V2\/bruxelles\/manneken-pis-lembleme-de-bruxelles\/\">Manneken-Pis<\/a> avait aussi un chien&#8230;Chien qui pisse : <a href=\"http:\/\/www.insidebrussels.be\/V2\/bruxelles\/zinneke-piss-le-chien-qui-pisse-a-bruxelles\/\">Zinneke Pis<\/a>.\u00a0En vieux Bruxellois (\u00ab\u00a0brussellair\u00a0\u00bb), Zinneke signifie la fois la petite Senne (rivi\u00e8re qui contournait autrefois Bruxelles) ainsi qu\u2019un chien b\u00e2tard. Aujourd\u2019hui, Zinneke est le\u00a0symbole du caract\u00e8re cosmopolite et multiculturel\u00a0de Bruxelles. S<\/p>\n\n\n\n<blockquote class=\"wp-block-quote is-layout-flow wp-block-quote-is-layout-flow\">\n<p>Ne manquez pas notre article sur <a href=\"http:\/\/www.insidebrussels.be\/V2\/bruxelles\/parcours-bd-bande-dessinee-bruxelles\/\">le parcours BD gratuit<\/a> et <a href=\"https:\/\/www.insidebrussels.be\/V2\/bruxelles\/centre-bande-dessinee-bruxelles-musee\/\">le mus\u00e9e de la Bande Dessin\u00e9e<\/a><\/p>\n<\/blockquote>\n\n\n\n<h3 class=\"wp-block-heading\"><span class=\"ez-toc-section\" id=\"%F0%9F%93%8D_Le_marche_couvert_qui_alterne_expos_concerts_Halles_St-Gery\"><\/span>\ud83d\udccd <strong>Le march\u00e9 couvert qui alterne expos &amp; concerts : Halles St-G\u00e9ry<\/strong><span class=\"ez-toc-section-end\"><\/span><\/h3>\n\n\n\n<p>Depuis 1881, les Halles-Saint G\u00e9ry s&rsquo;\u00e9l\u00e8vent au coeur historique de Bruxelles. Son&nbsp;&nbsp;architecture&nbsp;caract\u00e9ristique du style&nbsp;n\u00e9orenaissance&nbsp;flamande.&nbsp; Ce b\u00e2timent aux allures de March\u00e9 couvert est un espace d\u2019expositions avec programmation hybride qui alterne expos, rencontres, conf\u00e9rences, concerts\u2026<\/p>\n\n\n\n<h2 class=\"wp-block-heading\"><\/h2>\n\n\n\n<h3 class=\"wp-block-heading\"><span class=\"ez-toc-section\" id=\"%F0%9F%93%8D_Le_Quartier_Gay_%E2%80%93_Chez_Maman\"><\/span>\ud83d\udccd <strong>Le Quartier Gay &#8211; Chez Maman<\/strong><span class=\"ez-toc-section-end\"><\/span><\/h3>\n\n\n<div class=\"wp-block-image wp-image-16656 size-full\">\n<figure class=\"aligncenter\"><img decoding=\"async\" width=\"1920\" height=\"1440\" src=\"https:\/\/www.insidebrussels.be\/V2\/wp-content\/uploads\/2024\/06\/A6F996F3-BF50-4561-89A5-02F4867FDC4C.jpeg\" alt=\"Parlement de Bruxelles avec le Rainbow passage pour pi\u00e9tons (c) Pierre Halleux\" class=\"wp-image-16656\" srcset=\"https:\/\/www.insidebrussels.be\/V2\/wp-content\/uploads\/2024\/06\/A6F996F3-BF50-4561-89A5-02F4867FDC4C.jpeg 1920w, https:\/\/www.insidebrussels.be\/V2\/wp-content\/uploads\/2024\/06\/A6F996F3-BF50-4561-89A5-02F4867FDC4C-300x225.jpeg 300w, https:\/\/www.insidebrussels.be\/V2\/wp-content\/uploads\/2024\/06\/A6F996F3-BF50-4561-89A5-02F4867FDC4C-1024x768.jpeg 1024w, https:\/\/www.insidebrussels.be\/V2\/wp-content\/uploads\/2024\/06\/A6F996F3-BF50-4561-89A5-02F4867FDC4C-768x576.jpeg 768w, https:\/\/www.insidebrussels.be\/V2\/wp-content\/uploads\/2024\/06\/A6F996F3-BF50-4561-89A5-02F4867FDC4C-1536x1152.jpeg 1536w, https:\/\/www.insidebrussels.be\/V2\/wp-content\/uploads\/2024\/06\/A6F996F3-BF50-4561-89A5-02F4867FDC4C-720x540.jpeg 720w\" sizes=\"(max-width: 1920px) 100vw, 1920px\" \/><figcaption class=\"wp-element-caption\">Parlement de Bruxelles avec le Rainbow passage pour pi\u00e9tons (c) Pierre Halleux<\/figcaption><\/figure><\/div>\n\n\n<p>C&rsquo;est dans les rue \u00ab\u00a0March\u00e9 au Charbon\u00a0\u00bb, \u00ab\u00a0Plattesteen\u00a0\u00bb ainsi que le quartier autour de la Grand-Place que&nbsp; bat le coeur gay de la capitale! Dans ces rues arc-en-ciel se concentrent une majorit\u00e9 des lieux homos. N&rsquo;h\u00e9sitez pas \u00e0 rentrer chez Maman, le cabaret transformiste&nbsp;point de passage oblig\u00e9 lors de votre visite \u00e0 Bruxelles.<\/p>\n\n\n\n<h3 class=\"wp-block-heading\"><span class=\"ez-toc-section\" id=\"%F0%9F%93%8D_Lembleme_de_la_ville_de_Bruxelles_Manneken_Piss\"><\/span>\ud83d\udccd <strong>L&#8217;embl\u00e8me de la ville de Bruxelles: Manneken Piss<\/strong><span class=\"ez-toc-section-end\"><\/span><\/h3>\n\n\n<div class=\"wp-block-image wp-image-14923 size-full\">\n<figure class=\"aligncenter\"><img decoding=\"async\" width=\"1078\" height=\"809\" src=\"https:\/\/www.insidebrussels.be\/V2\/wp-content\/uploads\/2023\/10\/82B71AD7-BD64-495B-A7F1-614131916081-scaled.jpeg\" alt=\"Maneken Pis (c) Photo Pierre Halleux\" class=\"wp-image-14923\" srcset=\"https:\/\/www.insidebrussels.be\/V2\/wp-content\/uploads\/2023\/10\/82B71AD7-BD64-495B-A7F1-614131916081-scaled.jpeg 1078w, https:\/\/www.insidebrussels.be\/V2\/wp-content\/uploads\/2023\/10\/82B71AD7-BD64-495B-A7F1-614131916081-300x225.jpeg 300w, https:\/\/www.insidebrussels.be\/V2\/wp-content\/uploads\/2023\/10\/82B71AD7-BD64-495B-A7F1-614131916081-1024x768.jpeg 1024w, https:\/\/www.insidebrussels.be\/V2\/wp-content\/uploads\/2023\/10\/82B71AD7-BD64-495B-A7F1-614131916081-768x576.jpeg 768w, https:\/\/www.insidebrussels.be\/V2\/wp-content\/uploads\/2023\/10\/82B71AD7-BD64-495B-A7F1-614131916081-1536x1152.jpeg 1536w, https:\/\/www.insidebrussels.be\/V2\/wp-content\/uploads\/2023\/10\/82B71AD7-BD64-495B-A7F1-614131916081-2048x1536.jpeg 2048w, https:\/\/www.insidebrussels.be\/V2\/wp-content\/uploads\/2023\/10\/82B71AD7-BD64-495B-A7F1-614131916081-720x540.jpeg 720w\" sizes=\"(max-width: 1078px) 100vw, 1078px\" \/><figcaption class=\"wp-element-caption\">Maneken Pis (c) Photo Pierre Halleux<\/figcaption><\/figure><\/div>\n\n\n<p>Anciennement en pierre, la statuette en bronze repr\u00e9sentant le petit gar\u00e7on en train d\u2019uriner connue sous le nom de <a href=\"https:\/\/www.insidebrussels.be\/V2\/bruxelles\/manneken-pis-lembleme-de-bruxelles\/\">Manneken-Pis<\/a> constitue\u00a0<strong>un patrimoine de la ville de <a href=\"http:\/\/www.insidebrussels.be\/\">Bruxelles<\/a><\/strong>. Situ\u00e9e entre la rue de l\u2019\u00c9tuve et celle du ch\u00eane, elle incarne l\u2019esprit frondeur bruxellois.<\/p>\n\n\n\n<div class=\"wp-block-buttons is-layout-flex wp-block-buttons-is-layout-flex\">\n<div class=\"wp-block-button is-style-fill\"><a class=\"wp-block-button__link has-light-green-cyan-background-color has-background wp-element-button\" href=\"https:\/\/www.insidebrussels.be\/V2\/bruxelles\/isaac-les-10-meilleures-statues-insolites-a-voir-a-bruxelles\/\">Ne manquez pas notre article sur les statues insolites \u00e0 Bruxelles<\/a><\/div>\n<\/div>\n\n\n\n<p><\/p>\n\n\n\n<blockquote class=\"wp-block-quote is-layout-flow wp-block-quote-is-layout-flow\"><\/blockquote>\n\n\n\n<h3 class=\"wp-block-heading\"><span class=\"ez-toc-section\" id=\"%F0%9F%93%8D_Les_vestiges_de_la_muraille_de_Bruxelles_Porte_de_Villers\"><\/span>\ud83d\udccd <strong>Les vestiges de la muraille de Bruxelles: <\/strong><strong>Porte de Villers<\/strong><span class=\"ez-toc-section-end\"><\/span><\/h3>\n\n\n<div class=\"wp-block-image wp-image-15279 size-full\">\n<figure class=\"aligncenter\"><img decoding=\"async\" width=\"1920\" height=\"1920\" src=\"https:\/\/www.insidebrussels.be\/V2\/wp-content\/uploads\/2023\/10\/4401B851-BA12-459F-9DFB-94A1D3129E6B-scaled.jpeg\" alt=\"Un des derniers morceux de la muraille de Bruxelles pr\u00e8s de la place Saint-Catherine (c) Pierre Halleux\" class=\"wp-image-15279\" srcset=\"https:\/\/www.insidebrussels.be\/V2\/wp-content\/uploads\/2023\/10\/4401B851-BA12-459F-9DFB-94A1D3129E6B-scaled.jpeg 1920w, https:\/\/www.insidebrussels.be\/V2\/wp-content\/uploads\/2023\/10\/4401B851-BA12-459F-9DFB-94A1D3129E6B-300x300.jpeg 300w, https:\/\/www.insidebrussels.be\/V2\/wp-content\/uploads\/2023\/10\/4401B851-BA12-459F-9DFB-94A1D3129E6B-1024x1024.jpeg 1024w, https:\/\/www.insidebrussels.be\/V2\/wp-content\/uploads\/2023\/10\/4401B851-BA12-459F-9DFB-94A1D3129E6B-150x150.jpeg 150w, https:\/\/www.insidebrussels.be\/V2\/wp-content\/uploads\/2023\/10\/4401B851-BA12-459F-9DFB-94A1D3129E6B-768x768.jpeg 768w, https:\/\/www.insidebrussels.be\/V2\/wp-content\/uploads\/2023\/10\/4401B851-BA12-459F-9DFB-94A1D3129E6B-1536x1536.jpeg 1536w, https:\/\/www.insidebrussels.be\/V2\/wp-content\/uploads\/2023\/10\/4401B851-BA12-459F-9DFB-94A1D3129E6B-2048x2048.jpeg 2048w\" sizes=\"(max-width: 1920px) 100vw, 1920px\" \/><figcaption class=\"wp-element-caption\">Un des derniers morceux de la muraille de Bruxelles pr\u00e8s de la place Saint-Catherine (c) Pierre Halleux<\/figcaption><\/figure><\/div>\n\n\n<p>Dirigez-vous&nbsp; \u00ab\u00a0la porte de Villers\u00a0\u00bb. La \u00ab\u00a0T<strong>our de Villers\u00a0\u00bb aussi appell\u00e9e<\/strong>&nbsp;\u00ab\u00a0T<strong>our Saint-Jacques\u00a0\u00bb<\/strong> et l&rsquo;un des vestiges les mieux conserv\u00e9s de la&nbsp;1\u00e8re enceinte de la ville de Bruxelles. Celle-ci date&nbsp;du 13\u00e8me si\u00e8cle. Depuis la cours de l&rsquo;\u00e9cole&nbsp;n\u00e9erlandophone Sint-Jorisinstituut (16 de la rue des Alexiens), on peut voir la face&nbsp;extra-muros. Depuis la rue de Villers, on peut voir la face&nbsp;face&nbsp;intra-muros&nbsp;est visible depuis la rue de Villers.<\/p>\n\n\n\n<blockquote class=\"wp-block-quote is-layout-flow wp-block-quote-is-layout-flow\">\n<p>N&rsquo;h\u00e9sitez pas \u00e0 consulter notre article sur les <a href=\"https:\/\/www.insidebrussels.be\/V2\/bruxelles\/les-endroits-caches-insolites-et-secrets-a-bruxelles\/\">endroits cach\u00e9s et insolites de Bruxelles<\/a><\/p>\n<\/blockquote>\n\n\n\n<h3 class=\"wp-block-heading\"><span class=\"ez-toc-section\" id=\"%F0%9F%93%8DArchitecture_Antiquaires_Le_Quartier_du_Sablon\"><\/span>\ud83d\udccdA<strong>rchitecture &amp; Antiquaires: Le Quartier du Sablon<\/strong><span class=\"ez-toc-section-end\"><\/span><\/h3>\n\n\n<div class=\"wp-block-image wp-image-6470 size-medium\">\n<figure class=\"aligncenter size-large\"><a href=\"https:\/\/www.insidebrussels.be\/V2\/wp-content\/uploads\/2024\/06\/9447B83C-5F8E-4C25-BB05-2BE127F4DD73.jpeg\"><img decoding=\"async\" width=\"1024\" height=\"768\" src=\"https:\/\/www.insidebrussels.be\/V2\/wp-content\/uploads\/2024\/06\/9447B83C-5F8E-4C25-BB05-2BE127F4DD73-1024x768.jpeg\" alt=\"Square du Petit Sablon (c) Photo Pierre Halleux\" class=\"wp-image-16857\" srcset=\"https:\/\/www.insidebrussels.be\/V2\/wp-content\/uploads\/2024\/06\/9447B83C-5F8E-4C25-BB05-2BE127F4DD73-1024x768.jpeg 1024w, https:\/\/www.insidebrussels.be\/V2\/wp-content\/uploads\/2024\/06\/9447B83C-5F8E-4C25-BB05-2BE127F4DD73-300x225.jpeg 300w, https:\/\/www.insidebrussels.be\/V2\/wp-content\/uploads\/2024\/06\/9447B83C-5F8E-4C25-BB05-2BE127F4DD73-768x576.jpeg 768w, https:\/\/www.insidebrussels.be\/V2\/wp-content\/uploads\/2024\/06\/9447B83C-5F8E-4C25-BB05-2BE127F4DD73-1536x1152.jpeg 1536w, https:\/\/www.insidebrussels.be\/V2\/wp-content\/uploads\/2024\/06\/9447B83C-5F8E-4C25-BB05-2BE127F4DD73-720x540.jpeg 720w, https:\/\/www.insidebrussels.be\/V2\/wp-content\/uploads\/2024\/06\/9447B83C-5F8E-4C25-BB05-2BE127F4DD73.jpeg 1920w\" sizes=\"(max-width: 1024px) 100vw, 1024px\" \/><\/a><figcaption class=\"wp-element-caption\">Square du Petit Sablon (c) Photo Pierre Halleux<\/figcaption><\/figure><\/div>\n\n\n<p>Passer par\u00a0le Sablon jusqu\u2019au parc Edmond.\u00a0Le quartier du\u00a0<strong>Sablon<\/strong>\u00a0a h\u00e9rit\u00e9 de son nom d\u2019un sable fin qui recouvrait les collines surplombant la vall\u00e9e de la Senne. Le quartier du Sablon est\u00a0<strong>l\u2019un des atouts de la ville de Bruxelles<\/strong>.\u00a0<strong>Le charme de l\u2019architecture,<\/strong>\u00a0la richesse\u00a0<strong>gastronomique<\/strong>\u00a0et surtout ses\u00a0<strong>antiquaires<\/strong>\u00a0sont des tr\u00e9sors qui m\u00e9ritent absolument d\u2019\u00eatre d\u00e9couverts. <\/p>\n\n\n\n<div class=\"wp-block-buttons is-layout-flex wp-block-buttons-is-layout-flex\">\n<div class=\"wp-block-button\"><a class=\"wp-block-button__link has-light-green-cyan-background-color has-background wp-element-button\" href=\"https:\/\/www.insidebrussels.be\/V2\/bruxelles\/le-quartier-du-sablon\/\">Je d\u00e9couvre le quartier du Sablon<\/a><\/div>\n<\/div>\n\n\n\n<blockquote class=\"wp-block-quote is-layout-flow wp-block-quote-is-layout-flow\"><\/blockquote>\n\n\n\n<h3 class=\"wp-block-heading\"><span class=\"ez-toc-section\" id=\"%F0%9F%93%8D_Une_vue_Waouww_de_Bruxelles_Palais_de_justice_Place_Poelart\"><\/span>\ud83d\udccd <strong>Une vue Waouww de Bruxelles: Palais de justice &amp; Place Poelart<\/strong><span class=\"ez-toc-section-end\"><\/span><\/h3>\n\n\n\n<figure class=\"wp-block-image size-large\"><a href=\"https:\/\/www.insidebrussels.be\/V2\/wp-content\/uploads\/2016\/08\/IMG_2986-e1498261026360.jpg\"><img decoding=\"async\" width=\"1024\" height=\"768\" src=\"https:\/\/www.insidebrussels.be\/V2\/wp-content\/uploads\/2016\/08\/IMG_2986-1024x768.jpg\" alt=\"Quartier du Palais de Justice \u00e0 Bruxelles (c Photo Pierre HALLEUX\" class=\"wp-image-8646\"\/><\/a><figcaption class=\"wp-element-caption\">Quartier du Palais de Justice \u00e0 Bruxelles (c Photo Pierre HALLEUX<\/figcaption><\/figure>\n\n\n\n<p>Passez sous les \u00e9chafaudages et rapprochez-vous un peu. (Si c&rsquo;est accessible et ouvert). Le palais de justice tombe en ruine&#8230; L&rsquo;\u00e9chafaudage sert \u00e0 soutenir le b\u00e2timent. A l&rsquo;int\u00e9rieur, il parait qu&rsquo;il n&rsquo;y a que tr\u00e8s peu de pi\u00e8ces. Le b\u00e2timent est construit de hauts plafonds. A cot\u00e9, la Place Poelaert vaut le d\u00e9tour pour la vue Surtout en fin de journ\u00e9e, pour voir le&nbsp;coucher de soleil avec une vue imprenable.<\/p>\n\n\n\n<h3 class=\"wp-block-heading\"><span class=\"ez-toc-section\" id=\"%F0%9F%93%8D_Antiquaires_Bruxelles_et_porte_de_Halles_les_Marolles\"><\/span>\ud83d\udccd <strong>Antiquaires Bruxelles et porte de Halles: l<\/strong><strong>es Marolles<\/strong><span class=\"ez-toc-section-end\"><\/span><\/h3>\n\n\n<div class=\"wp-block-image wp-image-2139 size-large\">\n<figure class=\"aligncenter\"><img decoding=\"async\" width=\"1024\" height=\"768\" src=\"https:\/\/www.insidebrussels.be\/V2\/wp-content\/uploads\/2015\/04\/IMG_2520-1024x768.jpg\" alt=\"March\u00e9 aux puces place du jeu de balle\" class=\"wp-image-2139\" srcset=\"https:\/\/www.insidebrussels.be\/V2\/wp-content\/uploads\/2015\/04\/IMG_2520-1024x768.jpg 1024w, https:\/\/www.insidebrussels.be\/V2\/wp-content\/uploads\/2015\/04\/IMG_2520-300x225.jpg 300w, https:\/\/www.insidebrussels.be\/V2\/wp-content\/uploads\/2015\/04\/IMG_2520.jpg 1078w\" sizes=\"(max-width: 1024px) 100vw, 1024px\" \/><figcaption class=\"wp-element-caption\">March\u00e9 aux puces place du jeu de balle (c) Photo Pierre Halleux<\/figcaption><\/figure><\/div>\n\n\n<p>Si vous \u00eates encore motiv\u00e9s, passer un peu de temps dans le quartier des Marolles. Le quartier est constitu\u00e9 de magasin vintage, antiquaires et autres concepts sympathique. Si vous \u00eates encore sur place dimanche matin, allez-y pour le <a href=\"http:\/\/www.insidebrussels.be\/V2\/bruxelles\/le-marche-aux-puces-de-bruxelles-dans-les-marolles-place-du-jeu-de-balle\/\">march\u00e9 aux puces<\/a>. Vous pouvez \u00e9galement&nbsp; aller voir la Porte de Halles.<\/p>\n\n\n\n<p>Normalement vous devriez pouvoir parcourir cet itin\u00e9raire de visite de Bruxelles en une journ\u00e9e. Apr\u00e8s cel\u00e0, vous risquez d&rsquo;avoir faim. N&rsquo;h\u00e9sitez pas \u00e0 jeter un oeil \u00e0 nos bonnes adresses. Comme par exemples,<a href=\"http:\/\/www.insidebrussels.be\/V2\/bruxelles\/les-happy-hour-a-ixelles\/\"> les happy hours<\/a>, <a href=\"http:\/\/www.insidebrussels.be\/V2\/bruxelles\/ou-sortir-a-bruxelles-bruxelles-by-night\/\">ou sortir le soir<\/a>, <a href=\"http:\/\/www.insidebrussels.be\/V2\/bruxelles\/bruxelles-manger-des-gaufres-a-bruxelles\/\">les meilleures gaufres<\/a> , <a href=\"http:\/\/www.insidebrussels.be\/V2\/bruxelles\/ou-manger-de-la-bonne-viande-a-bruxelles-restaurant\/\">ou manger de la bonne viande<\/a>\u00a0, <a href=\"http:\/\/www.insidebrussels.be\/V2\/bruxelles\/ou-manger-les-meilleures-moules-a-bruxelles\/\">ou manger\u00a0des moules \u00e0 Bruxelles<\/a>\u00a0. Egalement si vous voulez <a href=\"http:\/\/www.insidebrussels.be\/V2\/bruxelles\/chocolats-neuhaus-pas-cher-chocolat-a-l-usine-belge\/\">acheter des chocolats Nehaus \u00e0 prix d&rsquo;usine<\/a>, c&rsquo;est par ici!<\/p>\n\n\n\n<h2 class=\"wp-block-heading\"><span class=\"ez-toc-section\" id=\"Pour_aller_plus_loin_et_decouvrir_Bruxelles_en_plusieurs_jours\"><\/span>Pour aller plus loin et d\u00e9couvrir Bruxelles en plusieurs jours<span class=\"ez-toc-section-end\"><\/span><\/h2>\n\n\n\n<p>Vous restez plus d&rsquo;un jour \u00e0 Bruxelles? Voici nos bons plans<\/p>\n\n\n\n<ul class=\"wp-block-list\">\n<li><a href=\"https:\/\/www.insidebrussels.be\/V2\/bruxelles\/quels-sont-les-10-meilleurs-hotels-ou-dormir-a-bruxelles\/\">Les meilleurs hotels \u00e0 Bruxelles<\/a><\/li>\n\n\n\n<li><a href=\"https:\/\/www.insidebrussels.be\/V2\/bruxelles\/les-endroits-caches-insolites-et-secrets-a-bruxelles\/\">Les endroits Insolites \u00e0 Bruxelles<\/a><\/li>\n\n\n\n<li><a href=\"https:\/\/www.insidebrussels.be\/V2\/bruxelles\/quels-sont-les-meilleurs-adresses-de-brunch-a-bruxelles\/\">Les meilleurs Brunch \u00e0 Bruxelles<\/a><\/li>\n\n\n\n<li><a href=\"https:\/\/www.insidebrussels.be\/V2\/bruxelles\/isaac-quels-sont-les-meilleurs-restaurants-a-bruxelles-avec-un-jardin\/\">Les meilleurs restaurants \u00e0 Bruxelles<\/a><\/li>\n<\/ul>\n\n\n\n<p>Nous avons aussi un programme moi par moi:<\/p>\n\n\n\n<p><\/p>\n\n\n\n<ul class=\"wp-block-list\">\n<li><a href=\"https:\/\/www.insidebrussels.be\/V2\/bruxelles\/que-faire-a-bruxelles-en-mai-2024\/\">Que faire \u00e0 Bruxelles en Mai ?<\/a><\/li>\n\n\n\n<li><a href=\"https:\/\/www.insidebrussels.be\/V2\/bruxelles\/bruxelles-en-aout-2024-un-guide-complet-pour-un-sejour-inoubliable\/\">Que faire \u00e0 Bruxelles en Aout ?<\/a><\/li>\n\n\n\n<li><strong><a href=\"https:\/\/www.insidebrussels.be\/V2\/bruxelles\/que-faire-a-bruxelles-en-decembre\/\">Que faire \u00e0 Bruxelles en d\u00e9cembre ?<\/a><\/strong><\/li>\n<\/ul>\n\n\n\n<blockquote class=\"wp-block-quote is-layout-flow wp-block-quote-is-layout-flow\"><\/blockquote>\n\n\n","protected":false,"gt_translate_keys":[{"key":"rendered","format":"html"}]},"excerpt":{"rendered":"<p>Vous n&rsquo;avez qu&rsquo;une journ\u00e9e pour explorer la capitale belge ? Pas de panique ! Bruxelles<\/p>\n","protected":false,"gt_translate_keys":[{"key":"rendered","format":"html"}]},"author":1,"featured_media":16653,"comment_status":"open","ping_status":"open","sticky":false,"template":"","format":"gallery","meta":{"_lmt_disableupdate":"","_lmt_disable":"","footnotes":""},"categories":[497],"tags":[59,49,58,196],"class_list":["post-9204","post","type-post","status-publish","format-gallery","has-post-thumbnail","hentry","category-tourisme-a-bruxelles","tag-activite-en-groupe","tag-activites-avec-enfants","tag-en-amoureux","tag-entre-amis","post_format-post-format-gallery"],"modified_by":"pierre","amp_enabled":false,"gt_translate_keys":[{"key":"link","format":"url"}],"_links":{"self":[{"href":"https:\/\/www.insidebrussels.be\/V2\/wp-json\/wp\/v2\/posts\/9204","targetHints":{"allow":["GET"]}}],"collection":[{"href":"https:\/\/www.insidebrussels.be\/V2\/wp-json\/wp\/v2\/posts"}],"about":[{"href":"https:\/\/www.insidebrussels.be\/V2\/wp-json\/wp\/v2\/types\/post"}],"author":[{"embeddable":true,"href":"https:\/\/www.insidebrussels.be\/V2\/wp-json\/wp\/v2\/users\/1"}],"replies":[{"embeddable":true,"href":"https:\/\/www.insidebrussels.be\/V2\/wp-json\/wp\/v2\/comments?post=9204"}],"version-history":[{"count":60,"href":"https:\/\/www.insidebrussels.be\/V2\/wp-json\/wp\/v2\/posts\/9204\/revisions"}],"predecessor-version":[{"id":17218,"href":"https:\/\/www.insidebrussels.be\/V2\/wp-json\/wp\/v2\/posts\/9204\/revisions\/17218"}],"wp:featuredmedia":[{"embeddable":true,"href":"https:\/\/www.insidebrussels.be\/V2\/wp-json\/wp\/v2\/media\/16653"}],"wp:attachment":[{"href":"https:\/\/www.insidebrussels.be\/V2\/wp-json\/wp\/v2\/media?parent=9204"}],"wp:term":[{"taxonomy":"category","embeddable":true,"href":"https:\/\/www.insidebrussels.be\/V2\/wp-json\/wp\/v2\/categories?post=9204"},{"taxonomy":"post_tag","embeddable":true,"href":"https:\/\/www.insidebrussels.be\/V2\/wp-json\/wp\/v2\/tags?post=9204"}],"curies":[{"name":"wp","href":"https:\/\/api.w.org\/{rel}","templated":true}]}}