{"id":9289,"date":"2019-04-08T22:04:55","date_gmt":"2019-04-08T20:04:55","guid":{"rendered":"http:\/\/www.insidebrussels.be\/V2\/?p=9289"},"modified":"2022-12-23T00:31:45","modified_gmt":"2022-12-22T23:31:45","slug":"bruxelles-comment-prononcer","status":"publish","type":"post","link":"https:\/\/www.insidebrussels.be\/V2\/bruxelles\/bruxelles-comment-prononcer\/","title":{"rendered":"Apprenez \u00e0 prononcer le mot \u00ab\u00a0Bruxelles\u00a0\u00bb correctement !","gt_translate_keys":[{"key":"rendered","format":"text"}]},"content":{"rendered":"<h2><span style=\"color: #99cc00;\">Comment prononcer le mot \u00ab\u00a0Bruxelles\u00a0\u00bb en Belgique ?<\/span><\/h2>\n<p style=\"text-align: justify;\">Mais comment \u00e7a se prononce ce truc ? Bruxelles? Vous avez probablement lu ce mot des centaines de fois. Cependant, \u00e0 chaque fois que vous entendez quelqu&rsquo;un le prononcer \u00e0 la TV ou dans la rue, il sonne diff\u00e9remment ? Je suis la capitale Belge:\u00a0<a href=\"https:\/\/fr.wikipedia.org\/wiki\/Bruxelles\" target=\"_blank\" rel=\"noopener\"><strong>Bruxelles<\/strong> <\/a>!<\/p>\n<p style=\"text-align: justify;\">En tant que bon belge, je ne pouvais pas ne pas poster un article sur <strong>comment le prononcer<\/strong>! <strong>Doit-on dire \u00ab<em>Bruxelles<\/em><\/strong>\u00bb, <strong>\u00ab<em>Bruzelle<\/em>\u00bb,\u00a0\u00ab<em>Brus\u00e8lle<\/em> \u00bb\u00a0<\/strong>ou encore <strong>\u00ab<em>Brusselles<\/em>\u00bb?<\/strong> Vous le savez peut-\u00eatre, le vocabulaire et l&rsquo;accent belge sont remplis de maintes contradictions et de subtilit\u00e9s. Voici donc quelques \u00e9l\u00e9ments de langage. Ceux-ci pourront <a href=\"http:\/\/www.insidebrussels.be\/V2\/bruxelles\/visiter-bruxelles-en-un-jours-cest-possible\/\">vous aider lors de votre visite de Bruxelles.<\/a>\u00a0Si vous souhaitez prononcer \u00ab\u00a0Bruxelles\u00a0\u00bb correctement ne demandez pas \u00e0 un fran\u00e7ais. Cela pourrait vous menez sur de fausses pistes.<\/p>\n<h2><span style=\"color: #99cc00;\">Prononcer correctement gr\u00e2ce \u00e0 l &lsquo;\u00e9tymologie du mot \u00ab\u00a0Bruxelles\u00a0\u00bb<\/span><\/h2>\n<p style=\"text-align: justify;\">La prononciation d&rsquo;origine du mot \u00ab\u00a0Bruxelles\u00a0\u00bb est \/<strong>b\u0281y.s\u025bl<\/strong>\/. Ce n&rsquo;est donc pas *\/b\u0281yk.s\u025bl\/ comme certains le pensent. Cette particularit\u00e9 de prononcer Bruxelles est souvent ignor\u00e9e. Plus tard, le latin tardif a donn\u00e9 \u00e0 la lettre <em>x<\/em> la prononciation: [s]. C&rsquo;est sur cette base phon\u00e9tique qu\u2019ont \u00e9t\u00e9 \u00e9crits le mots \u00ab\u00a0<em>six\u00a0\u00bb<\/em>, \u00ab\u00a0<em>dix\u00a0\u00bb<\/em>, &#8230; \u00a0ainsi <em>Bruxelles<\/em> \/b\u0281y.s\u025bl\/ ( ou m\u00eame\u00a0<em>Auxerre<\/em> \/o.s\u025b\u0281\/ )<\/p>\n<p style=\"text-align: justify;\">Par la suite, au Moyen-\u00c2ge, la valeur phon\u00e9tique de la lettre \u00ab\u00a0<em>x\u00a0\u00bb <\/em>a re\u00e7u\u00a0la valeur<em> [\u0283].(sous l&rsquo;influence ib\u00e9rique arabe)\u00a0<\/em>\u00a0 Nous avons probablement perdu ici la plupart de nos lecteurs, pensant que nous sommes arriv\u00e9s dans un cours de math\u00e9matique.<\/p>\n<p style=\"text-align: justify;\">Pour r\u00e9soudre l&rsquo;\u00e9nigme tant attendue (de comment prononcer le mot Bruxelles?), il vous suffit de savoir qu\u2019\u00e0 la Renaissance <strong>la lettre <em>x<\/em> a commenc\u00e9 \u00e0 prendre la prononciation \/ks\/. <\/strong>Ceci \u00e9tant du \u00e0\u00a0l&rsquo;influence des \u00e9tudes grecques en vogue.<\/p>\n<figure id=\"attachment_13281\" aria-describedby=\"caption-attachment-13281\" style=\"width: 640px\" class=\"wp-caption aligncenter\"><img decoding=\"async\" class=\"wp-image-13281 size-large\" title=\"Manneken Pis en D\u00e9cembre \u00e0 Bruxelles (c) Photo Pierre Halleux\" src=\"https:\/\/www.insidebrussels.be\/V2\/wp-content\/uploads\/2015\/04\/F06A3F36-C806-46FF-9108-4D75BE94F6B9-1024x768.jpeg\" alt=\"Manneken Pis en D\u00e9cembre \u00e0 Bruxelles (c) Photo Pierre Halleux\" width=\"640\" height=\"480\" srcset=\"https:\/\/www.insidebrussels.be\/V2\/wp-content\/uploads\/2015\/04\/F06A3F36-C806-46FF-9108-4D75BE94F6B9-1024x768.jpeg 1024w, https:\/\/www.insidebrussels.be\/V2\/wp-content\/uploads\/2015\/04\/F06A3F36-C806-46FF-9108-4D75BE94F6B9-300x225.jpeg 300w, https:\/\/www.insidebrussels.be\/V2\/wp-content\/uploads\/2015\/04\/F06A3F36-C806-46FF-9108-4D75BE94F6B9-768x576.jpeg 768w, https:\/\/www.insidebrussels.be\/V2\/wp-content\/uploads\/2015\/04\/F06A3F36-C806-46FF-9108-4D75BE94F6B9-1536x1152.jpeg 1536w, https:\/\/www.insidebrussels.be\/V2\/wp-content\/uploads\/2015\/04\/F06A3F36-C806-46FF-9108-4D75BE94F6B9-2048x1536.jpeg 2048w, https:\/\/www.insidebrussels.be\/V2\/wp-content\/uploads\/2015\/04\/F06A3F36-C806-46FF-9108-4D75BE94F6B9-720x540.jpeg 720w, https:\/\/www.insidebrussels.be\/V2\/wp-content\/uploads\/2015\/04\/F06A3F36-C806-46FF-9108-4D75BE94F6B9-scaled.jpeg 1078w\" sizes=\"(max-width: 640px) 100vw, 640px\" \/><figcaption id=\"caption-attachment-13281\" class=\"wp-caption-text\">Manneken Pis en D\u00e9cembre \u00e0 Bruxelles (c) Photo Pierre Halleux<\/figcaption><\/figure>\n<p style=\"text-align: justify;\">Aujourd&rsquo;hui, le \u00ab\u00a0x\u00a0\u00bb de <em>Bruxelles<\/em>, se prononce \u00ab\u00a0s\u00a0\u00bb, comme dans \u00ab\u00a0<em>soixante\u00a0\u00bb. <\/em>Il ne faut donc pas le proncer\u00a0<em>\u00ab\u00a0ks\u00a0\u00bb<\/em>, comme dans <em>\u00ab\u00a0boxe\u00a0\u00bb<\/em>. <strong>On prononce donc \u00ab\u00a0bru-s\u00e8l\u00a0\u00bb, et non \u00ab\u00a0bruk-s\u00e8l\u00a0\u00bb.<\/strong> L&rsquo;habitant de la capitale le \u00ab\u00a0<em>bruxellois\u00a0\u00bb se prononce donc logiquement \u00ab\u00a0<\/em>bru-s\u00e8-loi\u00a0\u00bb et \u00ab\u00a0<em>bruxelloise\u00a0\u00bb : \u00ab\u00a0<\/em>bru-s\u00e8-loiz\u00a0\u00bb pour les filles.<\/p>\n<p style=\"text-align: justify;\">Et en N\u00e9erlandais me direz-vous ? C&rsquo;est facile, la seule diff\u00e9rence est sur la voyelle finale! Enlevez le \u00ab\u00a0e\u00a0\u00bb final, et vous voila n\u00e9erlandophone.<\/p>\n<p style=\"text-align: justify;\">Si cet article vous a donn\u00e9 l&rsquo;envie d&rsquo;en savoir plus sur les autres communes, vous avez de quoi rire en apprenant comment les prononcer.\u00a0\u00a0La commune d&rsquo;<em><strong>\u00ab\u00a0Ixelles\u00a0\u00bb<\/strong><\/em>, bien connue des expats fran\u00e7ais, <strong>se prononce<\/strong> \u00ab<strong><em>Ikselles<\/em><\/strong>\u00bb. Le tristement c\u00e9l\u00e8bre <strong>\u00ab\u00a0Molenbeek\u00a0\u00bb se prononce \u00ab\u00a0Molenb\u00e9k\u00a0\u00bb<\/strong> , Schaerbeek: \u00ab\u00a0<em>Skarb\u00e9k\u00a0\u00bb<\/em>\u00a0 Bref les \u00ab\u00a0-eek\u00a0\u00bb se prononcent bel et bien \u00a0<b>-\u00e9k<\/b> et non -\u00e8ck comme vous auriez pu le penser.. \u00a0\u00c0 y perdre son latin! Vous pouvez d\u00e8s \u00e0 pr\u00e9sent faire <a href=\"http:\/\/www.insidebrussels.be\/V2\/bruxelles\/paris-bruxelles-train-pas-cher-avec-izy-train\/\">des aller retour Bruxelles-Paris en train<\/a> sans avoir la crainte de passer pour un touriste en pronon\u00e7ant le mot Bruxelles.<\/p>\n<p style=\"text-align: justify;\">&#8230; Bref il y a de quoi en perdre son latin, c&rsquo;est un peu si comme les Bruxellois allaient en weekend \u00e0 Parisse \ud83d\ude42 La meilleure des solutions reste probablement de <a href=\"http:\/\/www.insidebrussels.be\/V2\/bruxelles\/partir-a-la-rencontre-des-locaux-bruxellois\/\">rencontrer les vrais Bruxellois.\u00a0<\/a>Votre meilleurs chance pour cela est probablement de vous <a href=\"http:\/\/www.insidebrussels.be\/V2\/bruxelles\/le-quartier-du-sablon\/\">promenez dans le quartier du Sablon<\/a> o\u00f9 <a href=\"http:\/\/www.insidebrussels.be\/V2\/bruxelles\/le-marche-aux-puces-de-bruxelles-dans-les-marolles-place-du-jeu-de-balle\/\">le dimanche au march\u00e9 aux puces du jeu de balles<\/a>.<\/p>\n<h2><span style=\"color: #99cc00;\">\u00ab\u00a0Bruxelles\u00a0\u00bb prononc\u00e9 par Jacques Brel !<\/span><\/h2>\n<p>Saviez-vous que Jacques Brel le c\u00e9l\u00e8bre chanteur belge le prononce bien. Il vous suffit d&rsquo;\u00e9couter sa chanson pour savoir comment prononcer Bruxelles \u00e0 la belge.<\/p>\n<p><iframe loading=\"lazy\" src=\"https:\/\/www.youtube.com\/embed\/I5MPeaY9eLo\" width=\"560\" height=\"315\" frameborder=\"0\" allowfullscreen=\"allowfullscreen\"><\/iframe><\/p>\n","protected":false,"gt_translate_keys":[{"key":"rendered","format":"html"}]},"excerpt":{"rendered":"<p>Comment prononcer le mot \u00ab\u00a0Bruxelles\u00a0\u00bb en Belgique ? Mais comment \u00e7a se prononce ce truc<\/p>\n","protected":false,"gt_translate_keys":[{"key":"rendered","format":"html"}]},"author":1,"featured_media":9295,"comment_status":"open","ping_status":"open","sticky":false,"template":"","format":"gallery","meta":{"_lmt_disableupdate":"","_lmt_disable":"","footnotes":""},"categories":[497],"tags":[],"class_list":["post-9289","post","type-post","status-publish","format-gallery","has-post-thumbnail","hentry","category-tourisme-a-bruxelles","post_format-post-format-gallery"],"modified_by":"pierre","amp_enabled":true,"gt_translate_keys":[{"key":"link","format":"url"}],"_links":{"self":[{"href":"https:\/\/www.insidebrussels.be\/V2\/wp-json\/wp\/v2\/posts\/9289","targetHints":{"allow":["GET"]}}],"collection":[{"href":"https:\/\/www.insidebrussels.be\/V2\/wp-json\/wp\/v2\/posts"}],"about":[{"href":"https:\/\/www.insidebrussels.be\/V2\/wp-json\/wp\/v2\/types\/post"}],"author":[{"embeddable":true,"href":"https:\/\/www.insidebrussels.be\/V2\/wp-json\/wp\/v2\/users\/1"}],"replies":[{"embeddable":true,"href":"https:\/\/www.insidebrussels.be\/V2\/wp-json\/wp\/v2\/comments?post=9289"}],"version-history":[{"count":22,"href":"https:\/\/www.insidebrussels.be\/V2\/wp-json\/wp\/v2\/posts\/9289\/revisions"}],"predecessor-version":[{"id":13959,"href":"https:\/\/www.insidebrussels.be\/V2\/wp-json\/wp\/v2\/posts\/9289\/revisions\/13959"}],"wp:featuredmedia":[{"embeddable":true,"href":"https:\/\/www.insidebrussels.be\/V2\/wp-json\/wp\/v2\/media\/9295"}],"wp:attachment":[{"href":"https:\/\/www.insidebrussels.be\/V2\/wp-json\/wp\/v2\/media?parent=9289"}],"wp:term":[{"taxonomy":"category","embeddable":true,"href":"https:\/\/www.insidebrussels.be\/V2\/wp-json\/wp\/v2\/categories?post=9289"},{"taxonomy":"post_tag","embeddable":true,"href":"https:\/\/www.insidebrussels.be\/V2\/wp-json\/wp\/v2\/tags?post=9289"}],"curies":[{"name":"wp","href":"https:\/\/api.w.org\/{rel}","templated":true}]}}