{"id":9467,"date":"2019-07-05T01:02:20","date_gmt":"2019-07-04T23:02:20","guid":{"rendered":"http:\/\/www.insidebrussels.be\/V2\/?p=9467"},"modified":"2023-05-24T23:28:10","modified_gmt":"2023-05-24T21:28:10","slug":"le-tour-de-france-2019-velo-a-bruxelles-grand-depart","status":"publish","type":"post","link":"https:\/\/www.insidebrussels.be\/V2\/bruxelles\/le-tour-de-france-2019-velo-a-bruxelles-grand-depart\/","title":{"rendered":"Le tour de France V\u00e9lo 2019 \u00e0 Bruxelles: Grand d\u00e9part","gt_translate_keys":[{"key":"rendered","format":"text"}]},"content":{"rendered":"<h1>Grand d\u00e9part Tour de France Bruxelles 2019<\/h1>\n<h2><span style=\"color: #99cc00;\">Le tour de France 2019 d\u00e9marre \u00e0 Bruxelles!\u00a0<\/span><\/h2>\n<p style=\"text-align: justify;\">En Belgique, nombreux sont ceux qui associent \u00ab\u00a0<em>Grandes vacances<\/em>\u00a0\u00bb et \u00ab\u00a0<strong><em>Tour de France<\/em><\/strong>\u00ab\u00a0. Qui ne se rappelle pas, ses grands-parents assis dans leurs canap\u00e9s, entrain de sillonner les diff\u00e9rentes r\u00e9gions de la France enti\u00e8re au travers de l&rsquo;\u00e9mission. Vous l&rsquo;av<\/p>\n<p style=\"text-align: justify;\">Depuis sont lancement, la grande boucle cycliste a foul\u00e9 la terre belge \u00e0 pas moins de 47 reprises, dont 11 \u00e0 Bruxelles. \u00a0Cette ann\u00e9e 2019 sera cependant tr\u00e8s particuli\u00e8re\u00a0pour nombreux Bruxellois, car <strong>la 106\u00e8me \u00e9dition du Tour de France prendra son d\u00e9part au centre de la capitale.<\/strong> Il y a aussi 9 ans que le Tour de France n&rsquo;\u00e9tait plus pass\u00e9 \u00e0 Bruxelles!<\/p>\n<p style=\"text-align: justify;\">Voila une occasion sportive pour la Belgique de mettre en avant ces ses atouts culturels, sportifs et partager sa joie de vivre. 2019 est \u00e9galement une ann\u00e9e \u00e0 ne pas oublier pour la Belgique, en effet c&rsquo;est il y a tout juste\u00a050 ans, <strong>en 1969 que Eddy Merckx remportait sa premi\u00e8re victoire du tour de France.\u00a0<\/strong>C&rsquo;est \u00e9galement il y a 100 ans que le tour de France lan\u00e7ait le maillot jaune.<\/p>\n<p>&nbsp;<\/p>\n<h2><span style=\"color: #99cc00;\">Parcours du tour de France \u00e0 Bruxelles<\/span><\/h2>\n<figure id=\"attachment_9478\" aria-describedby=\"caption-attachment-9478\" style=\"width: 300px\" class=\"wp-caption alignright\"><img decoding=\"async\" class=\"size-medium wp-image-9478\" src=\"http:\/\/www.insidebrussels.be\/V2\/wp-content\/uploads\/2019\/07\/boris-stefanik-K3uLOl3Wubk-unsplash-300x216.jpg\" alt=\"Tour de France 2019 Bruxelles (c) Boris Stefanik\" width=\"300\" height=\"216\" srcset=\"https:\/\/www.insidebrussels.be\/V2\/wp-content\/uploads\/2019\/07\/boris-stefanik-K3uLOl3Wubk-unsplash-300x216.jpg 300w, https:\/\/www.insidebrussels.be\/V2\/wp-content\/uploads\/2019\/07\/boris-stefanik-K3uLOl3Wubk-unsplash-768x552.jpg 768w, https:\/\/www.insidebrussels.be\/V2\/wp-content\/uploads\/2019\/07\/boris-stefanik-K3uLOl3Wubk-unsplash-1024x736.jpg 1024w, https:\/\/www.insidebrussels.be\/V2\/wp-content\/uploads\/2019\/07\/boris-stefanik-K3uLOl3Wubk-unsplash.jpg 1078w\" sizes=\"(max-width: 300px) 100vw, 300px\" \/><figcaption id=\"caption-attachment-9478\" class=\"wp-caption-text\">Tour de France 2019 Bruxelles (c) Boris Stefanik<\/figcaption><\/figure>\n<p style=\"text-align: justify;\">M\u00eame si vous n&rsquo;\u00eates pas un <a href=\"https:\/\/www.insidebrussels.be\/V2\/bruxelles\/bruxelles-a-velo-une-balade-sure-et-verte-le-long-du-canal\/\">fan de v\u00e9lo<\/a>, il serait bon de vous int\u00e9resser au parcours et itin\u00e9raire du Tour de France 2019 qu&#8217;emprunteront les cyclistes. En effet, \u00e0 partir de Samedi 6 Juillet, la Police de Bruxelles capitale \u00e0 laisser savoir qu&rsquo;<strong>une grande partie de\u00a0Bruxelles sera ferm\u00e9e d\u00e8s 7h du matin \u00e0 la circulation<\/strong>. La police n&rsquo;h\u00e9sitera pas \u00e0 appeler les d\u00e9panneuses pour d\u00e9placer les voitures qui resteraient stationn\u00e9es par erreur. Il en va de de m\u00eame pour les voitures qui se trouveraient sur le parcours des v\u00e9los du contre qui relie le centre de Bruxelles \u00e0 l&rsquo;Atomium. de la montre et ce d\u00e8s 6h du matin centre-ville et l&rsquo;Atomium. Il en va de m\u00eame pour le parcours du dimanche.<\/p>\n<p style=\"text-align: justify;\">Il est important de noter que les passage en voiture pour traverser le parcours ne sera possible qu&rsquo;en un nombre limit\u00e9 de points \u00e0 certains moments. A partir du moment o\u00f9 passera la caravane publicitaire du Tour, il ne sera plus possible de traverser le parcours.<\/p>\n<h3><strong>&gt; Parcours du Tour de France du <span style=\"text-decoration: underline;\">Samedi 06 Juillet 2019:\u00a0BRUXELLES &#8211; CHARLEROI &#8211; BRUXELLES<\/span><\/strong><\/h3>\n<p style=\"text-align: justify;\">Lors de cette premi\u00e8re \u00e9tape en ligne, les cyclistes\u00a0parcourront\u00a0\u00a0BRUXELLES &#8211; CHARLEROI pendant presque 200 kilom\u00e8tres. \u00a0Ensuite, ils devront revenir \u00e0 BRUXELLES. Le <strong>d\u00e9part<\/strong> fictif aura lieu \u00e0 <strong>12h00<\/strong> \u00e0 la <strong>place Royale<\/strong>. Le vrai d\u00e9part sera lui donn\u00e9 <strong>Boulevard Mettewie \u00e0\u00a0Molenbeek \u00e0\u00a012h25.<\/strong> Le parcours serferm\u00e9 \u00e0 la circulation de 7h00 \u00e0 13h<\/p>\n<p>Si vous souhaitez voir les coureurs, vous pouvez vous rendre <strong>avenue de Tervueren, <\/strong>c&rsquo;est l\u00e0 que passeront \u00a0ls coureurs \u00a0dans les derniers kilom\u00e8tres de cette \u00e9tape.<\/p>\n<p style=\"text-align: justify;\">L&rsquo;arriv\u00e9e de tour de France \u00e0 Bruxelles est pr\u00e9vue vers 16h15. Les\u00a0coureurs cyclistes sont attendus via les Quatre Bras de Tervuren \u00e0 16h15. C&rsquo;est \u00e0 16h45 qu&rsquo;ils passeront devant le <a href=\"http:\/\/www.insidebrussels.be\/V2\/bruxelles\/visiter-les-serres-royales-de-laeken-2019\/\">Ch\u00e2teau de Laeken.<\/a>Le parcours emprunter par le tour de France sera ferm\u00e9 de 13h \u00e0 19h.<\/p>\n<h3><strong>&gt; Parcours du Tour de France du <span style=\"text-decoration: underline;\">Dimanche 7 juillet 2019:\u00a0BRUXELLES PALAIS ROYAL &#8211; BRUXELLES ATOMIUM<\/span><\/strong><\/h3>\n<p>&nbsp;<\/p>\n<p>Lors de la journ\u00e9e du 7 juillet, les cyclistes effectueront une \u00e9tape <strong>contre le montre en \u00e9quipe<\/strong>. Il s&rsquo;agit d&rsquo;un \u00e9v\u00e8nement \u00e0 ne pas manquer car v<strong>ous pourrez admirer toutes les \u00e9quipes de pr\u00e8s<\/strong>. \u00a0Les v\u00e9los relieront le Palais Royal de Bruxelles \u00e0 <a href=\"http:\/\/www.insidebrussels.be\/V2\/bruxelles\/latomium\/\">l&rsquo;Atomium<\/a> de Bruxelles.<\/p>\n<p>Les coureurs cyclistes passeront via <strong>l&rsquo;avenue de Tervuren<\/strong>, le <strong>mus\u00e9e du Tram<\/strong> et le <strong>Boulevard<\/strong> du <strong>Souverain.<\/strong> Il s&rsquo;agit d&rsquo;une distance \u00e0 V\u00e9lo de presque <strong>30 kilom\u00e8tres dans les rues de Bruxelles<\/strong>. Le d\u00e9part de cyclistes aura lieu de la <strong>place des Palais \u00e0 14h30<\/strong> et rejoindra le <strong>Boulevard du Centenaire<\/strong> \u00e0 <strong>16h45.<\/strong> Le parcours sera ferm\u00e9\u00a0de 6h \u00e0 18h.<\/p>\n<p>Pour une vue imprenable, essayez de vous frayez une place sur le pont qui passe au dessus de l&rsquo;avenue de Tervuren pr\u00e8s du mus\u00e9e du Tram.<\/p>\n<h2><span style=\"color: #99cc00;\">Se d\u00e9placer \u00e0 Bruxelles pendant le tour de France 2019<\/span><\/h2>\n<p>Le 6 et 7 juillet 2019 , oubliez la voiture \u00e0 Bruxelles et laissez-l\u00e0 \u00e0 la maison. \u00a0Vous serez parfois obliger d&rsquo;attendre deux heures pour travers la ligne o\u00f9 passent les cyclistes du tour. La police vous\u00a0encourage plus que vivement \u00e0 vous d\u00e9placer \u00e0 pied, \u00e0 v\u00e9lo, trottinettes, tram ou m\u00e9tro.<\/p>\n<p>Vous pouvez consulter ici le plan de stationnement et circulation de Woluw\u00e9 du \u00a0samedi 6 juillet\u00a0\u2013\u00a0Cliquez sur le plan pour l\u2019agrandir<\/p>\n<p>&nbsp;<\/p>\n<h2><span style=\"color: #99cc00;\">Village du Tour de France et \u00e9cran g\u00e9ant<\/span><\/h2>\n<figure id=\"attachment_9480\" aria-describedby=\"caption-attachment-9480\" style=\"width: 300px\" class=\"wp-caption alignright\"><img decoding=\"async\" class=\"size-medium wp-image-9480\" src=\"http:\/\/www.insidebrussels.be\/V2\/wp-content\/uploads\/2019\/07\/arni-svanur-danielsson-oRAx32HeMIQ-unsplash-300x268.jpg\" alt=\"Tour de France Bruxelles 2019(c) \u00c1rni Svanur Dan\u00edelsson Unsplash\" width=\"300\" height=\"268\" srcset=\"https:\/\/www.insidebrussels.be\/V2\/wp-content\/uploads\/2019\/07\/arni-svanur-danielsson-oRAx32HeMIQ-unsplash-300x268.jpg 300w, https:\/\/www.insidebrussels.be\/V2\/wp-content\/uploads\/2019\/07\/arni-svanur-danielsson-oRAx32HeMIQ-unsplash-768x687.jpg 768w, https:\/\/www.insidebrussels.be\/V2\/wp-content\/uploads\/2019\/07\/arni-svanur-danielsson-oRAx32HeMIQ-unsplash-1024x916.jpg 1024w, https:\/\/www.insidebrussels.be\/V2\/wp-content\/uploads\/2019\/07\/arni-svanur-danielsson-oRAx32HeMIQ-unsplash.jpg 1078w\" sizes=\"(max-width: 300px) 100vw, 300px\" \/><figcaption id=\"caption-attachment-9480\" class=\"wp-caption-text\">Tour de France Bruxelles 2019(c) \u00c1rni Svanur Dan\u00edelsson<\/figcaption><\/figure>\n<p style=\"text-align: justify;\">Si vous souhaitez profiter pleinement de l&rsquo;ambiance du tour de France 2019 \u00e0 Bruxelles, la commune de Woluwe-Saint-Pierre vous offre la possibilit\u00e9 de rejoindre son \u00ab\u00a0Village Tour de France 2019\u00a0\u00bb . Il s&rsquo;agit d&rsquo;une occasion unique \u00e0 moins de 100 m\u00e8tres de l\u2019avenue de Tervueren, de profiter de l&rsquo;ambiance. L&rsquo;acc\u00e8s est gratuit.<\/p>\n<p style=\"text-align: justify;\">Vivez le tour en direct, en visionnant l\u2019<strong>\u00e9cran g\u00e9ant<\/strong>\u00a0mis en place pr\u00e8s de de l\u2019h\u00f4tel de ville ou encore celui de la place des Ma\u00efeurs. Il y aura \u00e9galement possibilit\u00e9 de se\u00a0restaurer dans les\u00a0<strong>food truck<\/strong>\u00a0et des nombreux \u00e9tablissements du quartier ouvert pour l&rsquo;occasion.<\/p>\n<p style=\"text-align: justify;\">Dans ce village tour de France, la commune a \u00e9galement mis en place diverses activit\u00e9s (skate park et d\u00e9mo BMX, un simulateur de course, diverses attractions foraines, BunkTank, \u00a0circuit v\u00e9lo pour les enfants, et bien d&rsquo;autres).\u00a0Il y aura \u00e9galement un atelier de r\u00e9paration de v\u00e9los! Id\u00e9al si vous avez un v\u00e9lo \u00e0 r\u00e9parer \u00e0 Bruxelles<\/p>\n<p>Pour terminer, il sera pr\u00e9vu une soir\u00e9e avec DJ et Concert lors du \u00ab\u00a0Bal Jaune\u00a0\u00bb.\u00a0Le\u00a0<strong>Grand Jojo<\/strong>\u00a0interpr\u00e9tera quelques uns de ses chansons les plus c\u00e9l\u00e8bres.<\/p>\n<p>Pour aller plus loin:<\/p>\n<ul>\n<li><a href=\"https:\/\/www.insidebrussels.be\/V2\/bruxelles\/velo-cargo-a-bruxelles-le-velo-pour-transporter-les-enfants\/\">acheter un v\u00e9lo \u00e0 bruxelles<\/a><\/li>\n<li><a href=\"https:\/\/www.insidebrussels.be\/V2\/bruxelles\/velos-electriques-choisir-le-reconditionne\/\">Acheter un v\u00e9lo pas cher recondition\u00e9<\/a><\/li>\n<\/ul>\n","protected":false,"gt_translate_keys":[{"key":"rendered","format":"html"}]},"excerpt":{"rendered":"<p>Grand d\u00e9part Tour de France Bruxelles 2019 Le tour de France 2019 d\u00e9marre \u00e0 Bruxelles!\u00a0<\/p>\n","protected":false,"gt_translate_keys":[{"key":"rendered","format":"html"}]},"author":1,"featured_media":9480,"comment_status":"open","ping_status":"open","sticky":false,"template":"","format":"gallery","meta":{"_lmt_disableupdate":"","_lmt_disable":"","footnotes":""},"categories":[232,892,73,299],"tags":[],"class_list":["post-9467","post","type-post","status-publish","format-gallery","has-post-thumbnail","hentry","category-agenda-et-expo","category-evenement","category-vie-a-bruxelles","category-sports","post_format-post-format-gallery"],"modified_by":"pierre","amp_enabled":true,"gt_translate_keys":[{"key":"link","format":"url"}],"_links":{"self":[{"href":"https:\/\/www.insidebrussels.be\/V2\/wp-json\/wp\/v2\/posts\/9467","targetHints":{"allow":["GET"]}}],"collection":[{"href":"https:\/\/www.insidebrussels.be\/V2\/wp-json\/wp\/v2\/posts"}],"about":[{"href":"https:\/\/www.insidebrussels.be\/V2\/wp-json\/wp\/v2\/types\/post"}],"author":[{"embeddable":true,"href":"https:\/\/www.insidebrussels.be\/V2\/wp-json\/wp\/v2\/users\/1"}],"replies":[{"embeddable":true,"href":"https:\/\/www.insidebrussels.be\/V2\/wp-json\/wp\/v2\/comments?post=9467"}],"version-history":[{"count":13,"href":"https:\/\/www.insidebrussels.be\/V2\/wp-json\/wp\/v2\/posts\/9467\/revisions"}],"predecessor-version":[{"id":14579,"href":"https:\/\/www.insidebrussels.be\/V2\/wp-json\/wp\/v2\/posts\/9467\/revisions\/14579"}],"wp:featuredmedia":[{"embeddable":true,"href":"https:\/\/www.insidebrussels.be\/V2\/wp-json\/wp\/v2\/media\/9480"}],"wp:attachment":[{"href":"https:\/\/www.insidebrussels.be\/V2\/wp-json\/wp\/v2\/media?parent=9467"}],"wp:term":[{"taxonomy":"category","embeddable":true,"href":"https:\/\/www.insidebrussels.be\/V2\/wp-json\/wp\/v2\/categories?post=9467"},{"taxonomy":"post_tag","embeddable":true,"href":"https:\/\/www.insidebrussels.be\/V2\/wp-json\/wp\/v2\/tags?post=9467"}],"curies":[{"name":"wp","href":"https:\/\/api.w.org\/{rel}","templated":true}]}}