{"id":9548,"date":"2019-11-24T23:32:15","date_gmt":"2019-11-24T22:32:15","guid":{"rendered":"http:\/\/www.insidebrussels.be\/V2\/?p=9548"},"modified":"2021-05-01T00:03:56","modified_gmt":"2021-04-30T22:03:56","slug":"les-marches-bio-les-plus-populaire-a-bruxelles-vrac","status":"publish","type":"post","link":"https:\/\/www.insidebrussels.be\/V2\/bruxelles\/les-marches-bio-les-plus-populaire-a-bruxelles-vrac\/","title":{"rendered":"Les march\u00e9s bio les plus populaires \u00e0 Bruxelles","gt_translate_keys":[{"key":"rendered","format":"text"}]},"content":{"rendered":"<h1 style=\"text-align: left;\"><span style=\"color: #99cc00;\">Les march\u00e9s Biologiques les plus populaires \u00e0 Bruxelles<\/span><\/h1>\n<div id='gallery-1' class='gallery galleryid-9548 gallery-columns-3 gallery-size-thumbnail'><figure class='gallery-item'>\n\t\t\t<div class='gallery-icon landscape'>\n\t\t\t\t<a href='https:\/\/www.insidebrussels.be\/V2\/bruxelles\/les-marches-bio-les-plus-populaire-a-bruxelles-vrac\/56451962_10155329769802609_5681515522357723136_n\/'><img decoding=\"async\" width=\"150\" height=\"150\" src=\"https:\/\/www.insidebrussels.be\/V2\/wp-content\/uploads\/2019\/11\/56451962_10155329769802609_5681515522357723136_n-150x150.jpg\" class=\"attachment-thumbnail size-thumbnail\" alt=\"March\u00e9 BIO Bruxelles\" aria-describedby=\"gallery-1-9549\" \/><\/a>\n\t\t\t<\/div>\n\t\t\t\t<figcaption class='wp-caption-text gallery-caption' id='gallery-1-9549'>\n\t\t\t\tMarch\u00e9 BIO Bruxelles\n\t\t\t\t<\/figcaption><\/figure>\n\t\t<\/div>\n\n<p style=\"text-align: justify;\">De plus en plus appr\u00e9ci\u00e9s par les Bruxellois, les<strong> march\u00e9s BIO&nbsp;couverts Bruxellois<\/strong> deviennent de plus en plus populaires \u00e0 Bruxelles.&nbsp; En semaine, ainsi que ceux ouverts le samedi et le dimanche, ne cessent de voir leur client\u00e8le grandir. L&rsquo;avantage ici, <strong>tout est biologique<\/strong>. Bien qu&rsquo;ils s&rsquo;agissent de \u00ab\u00a0march\u00e9s\u00a0\u00bb nous sommes loin de l&rsquo;ambiance du march\u00e9 d&rsquo;antan, o\u00f9 on entendait des crieurs faire des promotions \u00e0 tout vent. L&rsquo;ambiance y est en g\u00e9n\u00e9rale <strong>calme et conviviale<\/strong>. On y retrouve principalement des fruits et l\u00e9gumes Bio de saison. C&rsquo;est \u00e9galement l&rsquo;occasion pour les bruxellois et expats d&rsquo;acheter des de <strong>l\u2019huile d\u2019olive,<\/strong> des <strong>fromages,<\/strong> des olives, du <strong>pain, biscuits<\/strong> beaucoup d&rsquo;autres. Bien souvent, tous ces produits BIO arrivent <strong>directement de chez le producteur<\/strong> !<\/p>\n<p>Avant d&rsquo;aller plus, sachez que ces articles vous int\u00e9resseront probablement:<\/p>\n<ul>\n<li>Les meilleurs endroits <a href=\"http:\/\/www.insidebrussels.be\/V2\/bruxelles\/tag\/ou-acheter-en-vrac-a-bruxelles\/\">o\u00f9 acheter en vracs \u00e0 Bruxelles<\/a><\/li>\n<li><a href=\"http:\/\/www.insidebrussels.be\/V2\/bruxelles\/tag\/bio\/\">Nous avons test\u00e9, les meilleurs magasins biologiques \u00e0 Bruxelles<\/a><\/li>\n<li><a href=\"http:\/\/www.insidebrussels.be\/V2\/bruxelles\/e-farmz-meilleure-ferme-en-ligne-bruxelles\/\">eFarmz, les produits BIO et locaux, livr\u00e9s chez vous \u00e0 la maison en Belgique<\/a><\/li>\n<\/ul>\n<p style=\"text-align: justify;\">Nous avons chercher pour vous les 3 march\u00e9s bio les plus populaires \u00e0 Bruxelles pour faire vos courses:<\/p>\n<h2 style=\"text-align: justify;\"><span style=\"color: #99cc00;\">1. Le march\u00e9 couvert BIO aussi ouvert le dimanche \u00e0 Bruxelles: The Barn<\/span><\/h2>\n<p style=\"text-align: justify;\">Situ\u00e9 \u00e0 Saint-Gilles, le \u00ab\u00a0Barn BIO Market\u00a0\u00bb a suivit l&rsquo;enseigne du Barn d&rsquo;Etterbeek pour ouvrir un second magasin bio \u00e0 Saint-Gilles.&nbsp; &nbsp;Voila un march\u00e9 couvert en plein dans l&rsquo;air du temps. Le Barn Bio Market&nbsp; propose un <strong>assortiment bio vari\u00e9<\/strong>. Vous retrouvez choix de <a href=\"http:\/\/www.insidebrussels.be\/V2\/bruxelles\/e-farmz-meilleure-ferme-en-ligne-bruxelles\/\"><strong>l\u00e9gumes<\/strong><\/a> de <strong>saison bio,<\/strong> jus, mais aussi une quantit\u00e9 d&rsquo;articles en <strong>vrac<\/strong> assez impressionnante: <em>fruits secs, graines, p\u00e2tes, riz, l\u00e9gumes, etc tous en vrac<\/em>. <strong>Le lieu est clair et agr\u00e9able<\/strong>. On se croirait au march\u00e9. Etant donn\u00e9 qu&rsquo;il n&rsquo;y a pas de rayons, l&rsquo;endroit parait plus sympa et spacieux. Parking pratique. Personnel aimable. Pour la caisse une file unique, \u00e7a vous permet de gagner pas mal de temps!<\/p>\n<p>Adresse du march\u00e9 couvert BIO: Chauss\u00e9e de Charleroi 92, 1060 Saint-Gilles<\/p>\n<p align=\"center\"><iframe loading=\"lazy\" style=\"border: none; overflow: hidden;\" src=\"https:\/\/www.facebook.com\/plugins\/post.php?href=https%3A%2F%2Fwww.facebook.com%2Fthebarnsaintgilles%2Fphotos%2Fa.791689621168087%2F961239594213088%2F%3Ftype%3D3&amp;width=500\" width=\"500\" height=\"442\" frameborder=\"0\" scrolling=\"no\"><\/iframe><\/p>\n<h2><span style=\"color: #99cc00;\">2. Le march\u00e9 BIO du centre de Bruxelles: Les tanneurs<\/span><\/h2>\n<p style=\"text-align: justify;\">Voila un endroit super pratique pour <strong>faire ses courses BIO rapidement l<a href=\"http:\/\/www.insidebrussels.be\/V2\/bruxelles\/faire-a-bruxelles-dimanche-nos-solutions\/\">e dimanche matin<\/a><\/strong>. Vous vous sentirez au mieux dans ce march\u00e9 bio, si vous cherchez des l\u00e9gumes, fromage, des fruits, du chocolat, th\u00e9s, pain, du chocolat&#8230; et j&rsquo;en passe &#8230;<strong>&nbsp;Les prix sont identiques aux grandes surfaces.<\/strong>&nbsp;En plus, vous aurez en plus: la qualit\u00e9, vari\u00e9t\u00e9 et le bio.&nbsp; C\u00f4t\u00e9 viande bio, on reste un peu sur sa faim. N&rsquo;oubliez pas d&rsquo;amener vos sacs r\u00e9utilisables pour transporter vos courses, ou de prendre une boite en carton \u00e0 l&rsquo;entr\u00e9e du magasin. Si vous venez \u00e0 v\u00e9lo, vous serez ravis,&nbsp; il y a un <a href=\"http:\/\/www.insidebrussels.be\/V2\/bruxelles\/bruxelles-a-velo\/\">emplacement pour vos v\u00e9los<\/a> \u00e0 l&rsquo;entr\u00e9e. Le passage en caisse est ultra rapide et ils prennent la carte bancaire. Pour ceux qui viendraient du quartier Bruxelles nord, il y a un deuxi\u00e8me magasin qui a ouvert ses portes derri\u00e8re Tour et Taxi.<\/p>\n<p align=\"center\"><iframe loading=\"lazy\" style=\"border: none; overflow: hidden;\" src=\"https:\/\/www.facebook.com\/plugins\/post.php?href=https%3A%2F%2Fwww.facebook.com%2Fphoto.php%3Ffbid%3D10158025329475809%26set%3Da.10150234744430809%26type%3D3&amp;width=500\" width=\"500\" height=\"285\" frameborder=\"0\" scrolling=\"no\"><\/iframe><\/p>\n<h2><span style=\"color: #99cc00;\">3. Les march\u00e9 Couvert BIO place Fernand Cocq : Stock<\/span><\/h2>\n<p style=\"text-align: justify;\">Voila un magasin <strong>\u00e0 la fois bio et local o\u00f9 on peut trouver tout<\/strong>! Vous n&rsquo;auriez peut-\u00eatre pas remarqu\u00e9, car il est coinc\u00e9 entre deux caf\u00e9s. Dans ce magasin \u00e0 l&rsquo;architecture en bois assez magnifique, les produits BIO vont des produits m\u00e9nagers \u00e0 un large assortiment de graines, huiles essentielles, eaux aromatis\u00e9es, cosm\u00e9tiques et entretient de la maison, des p\u00e2tes et m\u00eame du chocolat en vrac ! Vous prendrez plaisir \u00e0 voyager entre les \u00e9tages de ce petit magasin. <a href=\"http:\/\/www.insidebrussels.be\/V2\/bruxelles\/restaurant-gluten-a-bruxelles\/\">Si vous \u00eates intol\u00e9rant au gluten,<\/a> lactose sachez que leur rayon \u00ab\u00a0gluten free\u00a0\u00bbest assez bien \u00e9toff\u00e9 \u00e9galement.&nbsp;Le personnel est gentil, poss\u00e8de un syst\u00e8me de fid\u00e9lit\u00e9 avec des r\u00e9duction \u00e0 la clef. Ils sont assez bon pour vous conseiller sur certains sujet li\u00e9 au bio et local.&nbsp;Cerise sur la gateau, les d\u00e9licieux cookies BIO sont faits par une voisine du quartier.<\/p>\n<p>Adresse du march\u00e9 couvert bio \u00ab\u00a0Stock\u00a0\u00bb: Place Fernand Cocq 23, 1050 Bruxelles<\/p>\n<p style=\"text-align: left;\" align=\"center\">Si vous aimez les l\u00e9gumes BIO, nous avons \u00e9galement tester <a href=\"http:\/\/www.insidebrussels.be\/V2\/bruxelles\/e-farmz-meilleure-ferme-en-ligne-bruxelles\/\">eFarmz dans un autre article<\/a>. Nous vous offrons un promocode pour tester efarmz et vous faire livrer des l\u00e9gumes BIO \u00e0 la maison.<\/p>\n","protected":false,"gt_translate_keys":[{"key":"rendered","format":"html"}]},"excerpt":{"rendered":"<p>Les march\u00e9s Biologiques les plus populaires \u00e0 Bruxelles De plus en plus appr\u00e9ci\u00e9s par les<\/p>\n","protected":false,"gt_translate_keys":[{"key":"rendered","format":"html"}]},"author":1,"featured_media":9549,"comment_status":"open","ping_status":"open","sticky":false,"template":"","format":"gallery","meta":{"_lmt_disableupdate":"","_lmt_disable":"","footnotes":""},"categories":[506,10,31],"tags":[26,275,281,183],"class_list":["post-9548","post","type-post","status-publish","format-gallery","has-post-thumbnail","hentry","category-les-marche-plein-air-bruxelles","category-manger-a-bruxelles","category-shopping","tag-bio","tag-commerce-local-bruxelles","tag-ou-acheter-en-vrac-a-bruxelles","tag-viande","post_format-post-format-gallery"],"modified_by":"pierre","amp_enabled":true,"gt_translate_keys":[{"key":"link","format":"url"}],"_links":{"self":[{"href":"https:\/\/www.insidebrussels.be\/V2\/wp-json\/wp\/v2\/posts\/9548","targetHints":{"allow":["GET"]}}],"collection":[{"href":"https:\/\/www.insidebrussels.be\/V2\/wp-json\/wp\/v2\/posts"}],"about":[{"href":"https:\/\/www.insidebrussels.be\/V2\/wp-json\/wp\/v2\/types\/post"}],"author":[{"embeddable":true,"href":"https:\/\/www.insidebrussels.be\/V2\/wp-json\/wp\/v2\/users\/1"}],"replies":[{"embeddable":true,"href":"https:\/\/www.insidebrussels.be\/V2\/wp-json\/wp\/v2\/comments?post=9548"}],"version-history":[{"count":18,"href":"https:\/\/www.insidebrussels.be\/V2\/wp-json\/wp\/v2\/posts\/9548\/revisions"}],"predecessor-version":[{"id":11330,"href":"https:\/\/www.insidebrussels.be\/V2\/wp-json\/wp\/v2\/posts\/9548\/revisions\/11330"}],"wp:featuredmedia":[{"embeddable":true,"href":"https:\/\/www.insidebrussels.be\/V2\/wp-json\/wp\/v2\/media\/9549"}],"wp:attachment":[{"href":"https:\/\/www.insidebrussels.be\/V2\/wp-json\/wp\/v2\/media?parent=9548"}],"wp:term":[{"taxonomy":"category","embeddable":true,"href":"https:\/\/www.insidebrussels.be\/V2\/wp-json\/wp\/v2\/categories?post=9548"},{"taxonomy":"post_tag","embeddable":true,"href":"https:\/\/www.insidebrussels.be\/V2\/wp-json\/wp\/v2\/tags?post=9548"}],"curies":[{"name":"wp","href":"https:\/\/api.w.org\/{rel}","templated":true}]}}